{"id":26733,"date":"2022-12-11T19:17:00","date_gmt":"2022-12-11T22:17:00","guid":{"rendered":"https:\/\/corrientesdetarde.com\/?p=26733"},"modified":"2022-12-11T19:17:03","modified_gmt":"2022-12-11T22:17:03","slug":"incendio-en-una-casa-capitalina-a-causa-de-una-vela","status":"publish","type":"post","link":"https:\/\/corrientesdetarde.com\/index.php\/crimen-y-justicia\/incendio-en-una-casa-capitalina-a-causa-de-una-vela\/","title":{"rendered":"Incendio en una casa capitalina a causa de una vela."},"content":{"rendered":"\n<h2 class=\"wp-block-heading\">Una vivienda ubicada sobre la calle Iber\u00e1 se prendi\u00f3 fuego esta tarde. La casa es de un operador del 911, cuando recibi\u00f3 la llamada de emergencia se enter\u00f3 lo sucedido.\u00a0<\/h2>\n\n\n\n<p>Una casa ubicada sobre Iber\u00e1, entre avenida El Maestro y Crespo, en pleno barrio Mil Viviendas, se prendi\u00f3 fuego por una vela.&nbsp;<\/p>\n\n\n\n<p>Las personas que se encontraban en el domicilio fueron atendidas por inhalaci\u00f3n de humo;\u00a0y una mujer de 37 a\u00f1os fue trasladada al Hospital Escuela; no hubo que lamentar v\u00edctimas. S\u00f3lo se registraron da\u00f1os materiales.<\/p>\n\n\n\n<p>La informaci\u00f3n que trascendi\u00f3 es que all\u00ed vive un operador del Sistema 911, quien se encontraba trabajando cuando llamaron para solicitar la ayuda de los bomberos. De modo que un compa\u00f1ero de trabajo le inform\u00f3 lo sucedido. En la vivienda se encontraban sus padres y la esposa del hombre.<\/p>\n\n\n\n<p><\/p>\n\n\n\n<p>Fuente: Diario \u00c9poca.<\/p>\n","protected":false},"excerpt":{"rendered":"<p>Una vivienda ubicada sobre la calle Iber\u00e1 se prendi\u00f3 fuego esta tarde. La casa es de un operador del 911, cuando recibi\u00f3 la llamada de emergencia se enter\u00f3 lo sucedido.\u00a0&hellip; <\/p>\n","protected":false},"author":6,"featured_media":26734,"comment_status":"closed","ping_status":"open","sticky":false,"template":"","format":"standard","meta":{"footnotes":""},"categories":[5],"tags":[],"class_list":["post-26733","post","type-post","status-publish","format-standard","has-post-thumbnail","hentry","category-crimen-y-justicia"],"_links":{"self":[{"href":"https:\/\/corrientesdetarde.com\/index.php\/wp-json\/wp\/v2\/posts\/26733","targetHints":{"allow":["GET"]}}],"collection":[{"href":"https:\/\/corrientesdetarde.com\/index.php\/wp-json\/wp\/v2\/posts"}],"about":[{"href":"https:\/\/corrientesdetarde.com\/index.php\/wp-json\/wp\/v2\/types\/post"}],"author":[{"embeddable":true,"href":"https:\/\/corrientesdetarde.com\/index.php\/wp-json\/wp\/v2\/users\/6"}],"replies":[{"embeddable":true,"href":"https:\/\/corrientesdetarde.com\/index.php\/wp-json\/wp\/v2\/comments?post=26733"}],"version-history":[{"count":1,"href":"https:\/\/corrientesdetarde.com\/index.php\/wp-json\/wp\/v2\/posts\/26733\/revisions"}],"predecessor-version":[{"id":26735,"href":"https:\/\/corrientesdetarde.com\/index.php\/wp-json\/wp\/v2\/posts\/26733\/revisions\/26735"}],"wp:featuredmedia":[{"embeddable":true,"href":"https:\/\/corrientesdetarde.com\/index.php\/wp-json\/wp\/v2\/media\/26734"}],"wp:attachment":[{"href":"https:\/\/corrientesdetarde.com\/index.php\/wp-json\/wp\/v2\/media?parent=26733"}],"wp:term":[{"taxonomy":"category","embeddable":true,"href":"https:\/\/corrientesdetarde.com\/index.php\/wp-json\/wp\/v2\/categories?post=26733"},{"taxonomy":"post_tag","embeddable":true,"href":"https:\/\/corrientesdetarde.com\/index.php\/wp-json\/wp\/v2\/tags?post=26733"}],"curies":[{"name":"wp","href":"https:\/\/api.w.org\/{rel}","templated":true}]}}