{"id":26739,"date":"2022-12-11T19:57:46","date_gmt":"2022-12-11T22:57:46","guid":{"rendered":"https:\/\/corrientesdetarde.com\/?p=26739"},"modified":"2022-12-11T19:57:50","modified_gmt":"2022-12-11T22:57:50","slug":"campana-de-vacunacion-antigripal-y-covid-19","status":"publish","type":"post","link":"https:\/\/corrientesdetarde.com\/index.php\/informacion-general\/campana-de-vacunacion-antigripal-y-covid-19\/","title":{"rendered":"Campa\u00f1a de vacunaci\u00f3n antigripal y COVID-19."},"content":{"rendered":"\n<h2 class=\"wp-block-heading\">El Ministerio de Salud contin\u00faa con la Campa\u00f1a de vacunaci\u00f3n Antigripal 2022 y Covid-19. En todos los casos se debe concurrir con libreta de vacunaci\u00f3n, DNI y la compa\u00f1\u00eda de un adulto en caso de ser menor de edad.<\/h2>\n\n\n\n<h2 class=\"wp-block-heading\"><strong>VACUNACION COVID-19&nbsp;<\/strong><\/h2>\n\n\n\n<p>&#8211;&nbsp;<strong>DOSIS DE REFUERZO<\/strong>&nbsp;(para quienes cumplan un intervalo de al menos cuatro meses desde la ultima dosis recibida)<\/p>\n\n\n\n<h3 class=\"wp-block-heading\"><em><strong>Lunes a viernes de 9 a 18.<\/strong><\/em><\/h3>\n\n\n\n<p><em>CAPS N\u00b01 barrio San Jos\u00e9 y CAPS N\u00b014 barrio Juan de Vera.<\/em><\/p>\n\n\n\n<p>&#8211;&nbsp;<strong>PRIMERA, SEGUNDA Y DOSIS DE REFUERZO<\/strong><\/p>\n\n\n\n<h3 class=\"wp-block-heading\"><em><strong>Lunes a viernes de 8 a 12 y de 14 a 17.<\/strong><\/em><\/h3>\n\n\n\n<p><strong>Facultad de Medicina<\/strong>\u00a0(ingreso por Rivadavia).<\/p>\n\n\n\n<h2 class=\"wp-block-heading\"><strong>VACUNACION ANTIGRIPAL<\/strong><\/h2>\n\n\n\n<h3 class=\"wp-block-heading\"><em><strong>Lunes a viernes de 8 a 12 y de 14 a 17.<\/strong><\/em><\/h3>\n\n\n\n<p><strong>Facultad de Medicina<\/strong>\u00a0(ingreso por Rivadavia).<\/p>\n\n\n\n<figure class=\"wp-block-embed is-type-rich is-provider-twitter wp-block-embed-twitter\"><div class=\"wp-block-embed__wrapper\">\n<blockquote class=\"twitter-tweet\" data-width=\"550\" data-dnt=\"true\"><p lang=\"es\" dir=\"ltr\">Cronograma de las vacunas contra el Sarampi\u00f3n, Covid-19 y Gripe \ud83d\udc89<br>\u26a0\ufe0fLas dosis est\u00e1n disponibles en todos los vacunatrios de la Provincia.<br>Vacunados estamos mejor \ud83d\udc9a <a href=\"https:\/\/t.co\/ZGQhQqQYxW\">pic.twitter.com\/ZGQhQqQYxW<\/a><\/p>&mdash; Ministerio de Salud P\u00fablica (@saludcorrientes) <a href=\"https:\/\/twitter.com\/saludcorrientes\/status\/1602051141096935425?ref_src=twsrc%5Etfw\">December 11, 2022<\/a><\/blockquote><script async src=\"https:\/\/platform.twitter.com\/widgets.js\" charset=\"utf-8\"><\/script>\n<\/div><\/figure>\n","protected":false},"excerpt":{"rendered":"<p>El Ministerio de Salud contin\u00faa con la Campa\u00f1a de vacunaci\u00f3n Antigripal 2022 y Covid-19. En todos los casos se debe concurrir con libreta de vacunaci\u00f3n, DNI y la compa\u00f1\u00eda de&hellip; <\/p>\n","protected":false},"author":6,"featured_media":26740,"comment_status":"closed","ping_status":"open","sticky":false,"template":"","format":"standard","meta":{"footnotes":""},"categories":[1],"tags":[],"class_list":["post-26739","post","type-post","status-publish","format-standard","has-post-thumbnail","hentry","category-informacion-general"],"_links":{"self":[{"href":"https:\/\/corrientesdetarde.com\/index.php\/wp-json\/wp\/v2\/posts\/26739","targetHints":{"allow":["GET"]}}],"collection":[{"href":"https:\/\/corrientesdetarde.com\/index.php\/wp-json\/wp\/v2\/posts"}],"about":[{"href":"https:\/\/corrientesdetarde.com\/index.php\/wp-json\/wp\/v2\/types\/post"}],"author":[{"embeddable":true,"href":"https:\/\/corrientesdetarde.com\/index.php\/wp-json\/wp\/v2\/users\/6"}],"replies":[{"embeddable":true,"href":"https:\/\/corrientesdetarde.com\/index.php\/wp-json\/wp\/v2\/comments?post=26739"}],"version-history":[{"count":1,"href":"https:\/\/corrientesdetarde.com\/index.php\/wp-json\/wp\/v2\/posts\/26739\/revisions"}],"predecessor-version":[{"id":26741,"href":"https:\/\/corrientesdetarde.com\/index.php\/wp-json\/wp\/v2\/posts\/26739\/revisions\/26741"}],"wp:featuredmedia":[{"embeddable":true,"href":"https:\/\/corrientesdetarde.com\/index.php\/wp-json\/wp\/v2\/media\/26740"}],"wp:attachment":[{"href":"https:\/\/corrientesdetarde.com\/index.php\/wp-json\/wp\/v2\/media?parent=26739"}],"wp:term":[{"taxonomy":"category","embeddable":true,"href":"https:\/\/corrientesdetarde.com\/index.php\/wp-json\/wp\/v2\/categories?post=26739"},{"taxonomy":"post_tag","embeddable":true,"href":"https:\/\/corrientesdetarde.com\/index.php\/wp-json\/wp\/v2\/tags?post=26739"}],"curies":[{"name":"wp","href":"https:\/\/api.w.org\/{rel}","templated":true}]}}