{"id":26742,"date":"2022-12-11T20:02:42","date_gmt":"2022-12-11T23:02:42","guid":{"rendered":"https:\/\/corrientesdetarde.com\/?p=26742"},"modified":"2022-12-11T20:02:45","modified_gmt":"2022-12-11T23:02:45","slug":"donde-estaran-las-ferias-de-la-ciudad-esta-semana","status":"publish","type":"post","link":"https:\/\/corrientesdetarde.com\/index.php\/informacion-general\/donde-estaran-las-ferias-de-la-ciudad-esta-semana\/","title":{"rendered":"D\u00f3nde estar\u00e1n las Ferias de la Ciudad esta semana."},"content":{"rendered":"\n<h2 class=\"wp-block-heading\">Desde el martes 13 y hasta el domingo 18 de diciembre los productores estar\u00e1n en las plazas Libertad, Torrent, Vera y las plazoletas Los Amigos, Evita y Rep\u00fablica del Per\u00fa.<\/h2>\n\n\n\n<p>La Municipalidad de Corrientes llevar\u00e1 la semana entrante, a distintos puntos de la ciudad, la siempre vigente propuesta de Ferias de la Ciudad.<\/p>\n\n\n\n<p>Lo har\u00e1 con ofertas actualizadas para que los vecinos puedan armar su mesa de fin de a\u00f1o con productos de calidad y a buen precio. Contin\u00faa adem\u00e1s disponible el combo saludable &#8220;De la chacra a la mesa&#8221;.&nbsp;<br>&nbsp;<br>El martes 13 de diciembre a partir de las 8 y hasta las 13, estar\u00e1n en la plazoleta Los Amigos (Poncho Verde y Brasil) y plaza Libertad (San Mart\u00edn y Per\u00fa) del barrio Libertad. &nbsp;<br>&nbsp;<br>Por otra parte, el mi\u00e9rcoles 14 se trasladar\u00e1n a la plaza Torrent (San Lorenzo y Bol\u00edvar) y la plazoleta Evita (Avenida Sarmiento y Maip\u00fa) del barrio Ber\u00f3n de Astrada. El jueves 15 los stands volver\u00e1n a estar en plaza Torrent.&nbsp;<br>&nbsp;<br>Ya el viernes 16, el lugar a emplazarse ser\u00e1 la plaza Vera ubicada por pasaje Agust\u00edn Gonz\u00e1lez, y la plaza Rep\u00fablica del Per\u00fa (Patagonia y avenida La Paz).&nbsp;<br>&nbsp;<br>El fin de semana repetir\u00e1 los escenarios habituales del parque Mitre (el s\u00e1bado 17), de 8 a 13, y el Paseo Arazaty (el domingo 18), de 9 a 22.<br>&nbsp;<br>Adem\u00e1s de frutas, verduras y comidas t\u00edpicas, en todos los espacios p\u00fablicos se pueden conseguir artesan\u00edas y plantas ornamentales, entre otras muchas variedades.&nbsp;<\/p>\n\n\n\n<figure class=\"wp-block-image size-full\"><img loading=\"lazy\" decoding=\"async\" width=\"770\" height=\"770\" src=\"https:\/\/corrientesdetarde.com\/wp-content\/uploads\/2022\/12\/38640w770h770c.jpg.webp\" alt=\"\" class=\"wp-image-26743\" srcset=\"https:\/\/corrientesdetarde.com\/wp-content\/uploads\/2022\/12\/38640w770h770c.jpg.webp 770w, https:\/\/corrientesdetarde.com\/wp-content\/uploads\/2022\/12\/38640w770h770c.jpg-300x300.webp 300w, https:\/\/corrientesdetarde.com\/wp-content\/uploads\/2022\/12\/38640w770h770c.jpg-150x150.webp 150w, https:\/\/corrientesdetarde.com\/wp-content\/uploads\/2022\/12\/38640w770h770c.jpg-768x768.webp 768w, https:\/\/corrientesdetarde.com\/wp-content\/uploads\/2022\/12\/38640w770h770c.jpg-375x375.webp 375w\" sizes=\"auto, (max-width: 770px) 100vw, 770px\" \/><\/figure>\n","protected":false},"excerpt":{"rendered":"<p>Desde el martes 13 y hasta el domingo 18 de diciembre los productores estar\u00e1n en las plazas Libertad, Torrent, Vera y las plazoletas Los Amigos, Evita y Rep\u00fablica del Per\u00fa.&hellip; <\/p>\n","protected":false},"author":6,"featured_media":26744,"comment_status":"closed","ping_status":"open","sticky":false,"template":"","format":"standard","meta":{"footnotes":""},"categories":[1],"tags":[],"class_list":["post-26742","post","type-post","status-publish","format-standard","has-post-thumbnail","hentry","category-informacion-general"],"_links":{"self":[{"href":"https:\/\/corrientesdetarde.com\/index.php\/wp-json\/wp\/v2\/posts\/26742","targetHints":{"allow":["GET"]}}],"collection":[{"href":"https:\/\/corrientesdetarde.com\/index.php\/wp-json\/wp\/v2\/posts"}],"about":[{"href":"https:\/\/corrientesdetarde.com\/index.php\/wp-json\/wp\/v2\/types\/post"}],"author":[{"embeddable":true,"href":"https:\/\/corrientesdetarde.com\/index.php\/wp-json\/wp\/v2\/users\/6"}],"replies":[{"embeddable":true,"href":"https:\/\/corrientesdetarde.com\/index.php\/wp-json\/wp\/v2\/comments?post=26742"}],"version-history":[{"count":1,"href":"https:\/\/corrientesdetarde.com\/index.php\/wp-json\/wp\/v2\/posts\/26742\/revisions"}],"predecessor-version":[{"id":26745,"href":"https:\/\/corrientesdetarde.com\/index.php\/wp-json\/wp\/v2\/posts\/26742\/revisions\/26745"}],"wp:featuredmedia":[{"embeddable":true,"href":"https:\/\/corrientesdetarde.com\/index.php\/wp-json\/wp\/v2\/media\/26744"}],"wp:attachment":[{"href":"https:\/\/corrientesdetarde.com\/index.php\/wp-json\/wp\/v2\/media?parent=26742"}],"wp:term":[{"taxonomy":"category","embeddable":true,"href":"https:\/\/corrientesdetarde.com\/index.php\/wp-json\/wp\/v2\/categories?post=26742"},{"taxonomy":"post_tag","embeddable":true,"href":"https:\/\/corrientesdetarde.com\/index.php\/wp-json\/wp\/v2\/tags?post=26742"}],"curies":[{"name":"wp","href":"https:\/\/api.w.org\/{rel}","templated":true}]}}