{"id":26879,"date":"2022-12-12T11:57:39","date_gmt":"2022-12-12T14:57:39","guid":{"rendered":"https:\/\/corrientesdetarde.com\/?p=26879"},"modified":"2022-12-12T11:57:44","modified_gmt":"2022-12-12T14:57:44","slug":"di-maria-y-de-paul-estan-en-condiciones-y-disponibles-dijo-scaloni-en-la-previa-ante-croacia","status":"publish","type":"post","link":"https:\/\/corrientesdetarde.com\/index.php\/deportes\/di-maria-y-de-paul-estan-en-condiciones-y-disponibles-dijo-scaloni-en-la-previa-ante-croacia\/","title":{"rendered":"&#8220;Di Mar\u00eda y De Paul est\u00e1n en condiciones y disponibles&#8221;, dijo Scaloni en la previa ante Croacia"},"content":{"rendered":"\n<p>El director t\u00e9cnico de la Selecci\u00f3n Argentina brind\u00f3 una conferencia de prensa palpitando el encuentro de semifinales que tendr\u00e1 lugar este martes a las 16.<\/p>\n\n\n\n<p>El director t\u00e9cnico del seleccionado argentino, Lionel Scaloni, asegur\u00f3 este lunes que el delantero \u00c1ngel Di Mar\u00eda y el mediocampista Rodrigo De Paul &#8220;est\u00e1n disponibles&#8221; para enfrentar ma\u00f1ana a Croacia en las semifinales del Mundial Qatar 2022.<\/p>\n\n\n\n<p>El entrenador avis\u00f3 que tomar\u00e1 el entrenamiento de este mediod\u00eda e incluso las horas previas al juego del martes para decidir la formaci\u00f3n que presentar\u00e1 en Lusail, para el cual no contar\u00e1 con los laterales suspendidos Gonzalo Montiel y Marcos Acu\u00f1a.<\/p>\n\n\n\n<p>&#8220;En principio est\u00e1n disponibles, entiendo que est\u00e1n en condiciones. Veremos en el trabajo de hoy y en el tiempo que contamos ma\u00f1ana para valorar la disponibilidad de todos los jugadores&#8221;, explic\u00f3 sin profundizar en una conferencia de prensa realizada en Doha.<\/p>\n\n\n\n<p>&#8220;El d\u00eda despu\u00e9s del partido (ante Pa\u00edses Bajos) hicimos recuperaci\u00f3n y ayer pr\u00e1cticamente tambi\u00e9n, no se hizo mucho en campo, fueron m\u00e1s reuniones y an\u00e1lisis sobre c\u00f3mo juega y c\u00f3mo queremos jugarle a Croacia&#8221;, explic\u00f3 para no precisar detalles sobre el equipo.<\/p>\n\n\n\n<p>Scaloni, entre otras cosas, debe decidir si incluye a Di Mar\u00eda desde el inicio, lo que desplazar\u00eda a Lisandro Mart\u00ednez como quinto defensor, o si suma a un mediocampista como Leandro Paredes para ganar manejo en la mitad de la cancha.<\/p>\n\n\n\n<p>Di Mar\u00eda no juega como titular desde el 30 de noviembre pasado en la victoria frente a Polonia (2-0) por la \u00faltima fecha de la primera fase, en la que sufri\u00f3 una contractura muscular.<\/p>\n\n\n\n<h2 class=\"wp-block-heading\">Elogio a Croacia y comparaci\u00f3n con el cruce de Rusia 2018<\/h2>\n\n\n\n<p>&#8220;Esperamos un partido muy dif\u00edcil contra un equipo de los denominados realmente equipo. Juegan como lo que son. Un gran grupo, un gran equipo que nos va a poner las cosas dif\u00edciles. Y las comparaciones con el Mundial anterior no corresponden. Es un partido diferente. Ser\u00e1 complicado&#8221;, asegur\u00f3.<\/p>\n\n\n\n<p>&#8220;Croacia tiene una manera de jugar y no la va a cambiar. No es defensiva ni ofensiva. Juega siempre igual y realmente bien. Tiene muy buenos jugadores y es un equipo con una tradici\u00f3n futbol\u00edstica enorme. Esperamos un partido muy dif\u00edcil&#8221;, dijo de cara al partido de este martes.<\/p>\n\n\n\n<h2 class=\"wp-block-heading\">Sobre la pol\u00e9mica con Pa\u00edses Bajos<\/h2>\n\n\n\n<p>&#8220;El partido del otro d\u00eda se jug\u00f3 como se ten\u00eda que jugar. El f\u00fatbol es esto. Hay momentos donde el partido se puede poner dif\u00edcil, con discusiones. Hay un \u00e1rbitro para impartir justicia\u2026 Hay que sacar el tab\u00fa de que somos esto. Nosotros sabemos perder y ganar. Perdimos el primer partido con Arabia y nos fuimos calladitos al hotel a seguir preparando lo que ven\u00eda. Ganamos la Copa Am\u00e9rica de Brasil y se dio la imagen m\u00e1s linda de deportividad que se pudo ver, con Neymar, Messi, Paredes y otros jugadores sentados en la escalera del Maracan\u00e1. No compro esa de que no sabemos ganar. Hay que desterrarlo porque tenemos orgullo. Ese tema hay que zanjarlo. Respetamos profundamente a Holanda, a Croacia y a todos los rivales. Es una impronta que tenemos nosotros&#8221;.<\/p>\n\n\n\n<h2 class=\"wp-block-heading\">La mirada de Scaloni sobre esta versi\u00f3n de Messi<\/h2>\n\n\n\n<p>&#8220;De Leo no me sorprende porque lo conozco. Siempre fue as\u00ed. No es m\u00e9rito de este cuerpo t\u00e9cnico. Siempre fue igual, un ganador. Y tiene un orgullo y unas ganas de seguir jugando a la pelota que envidian. Estamos contentos&#8221;.<\/p>\n\n\n\n<h2 class=\"wp-block-heading\">El planteo de Scaloni para la semifinal con Croacia<\/h2>\n\n\n\n<p>&#8220;Tenemos una manera de jugar marcada, m\u00e1s all\u00e1 de los recaudos que podemos tomar despu\u00e9s por el rival. Hablamos con los jugadores, debatimos y compartimos las sensaciones sobre c\u00f3mo jugar. Pero nuestra manera va a ser la misma. A cada momento del partido intentaremos decidir bien y estar a la altura&#8221;.<\/p>\n\n\n\n<h2 class=\"wp-block-heading\">La preparaci\u00f3n psicol\u00f3gica de la Selecci\u00f3n de Scaloni antes de Croacia<\/h2>\n\n\n\n<p>&#8220;Lo preparamos de la misma manera que contra Holanda, Australia y Polonia. Venimos jugando partidos importantes desde que perdimos con Arabia y no cambia la sensaci\u00f3n de que lo que viene es trascendental. Todo el mundo sabe que es un partido del f\u00fatbol, que intentaremos dar el m\u00e1ximo, que a veces la suerte nos puede dar la espalda, pero que si hacemos las cosas bien tenemos grandes chances. Hay que tomarlo con naturalidad&#8221;.<\/p>\n\n\n\n<h2 class=\"wp-block-heading\">La opini\u00f3n de Scaloni sobre la duraci\u00f3n de los tiempos de descuento en el Mundial<\/h2>\n\n\n\n<p>&#8220;Esto de dar ocho, nueve, diez minutos crea un poco de inseguridad en el equipo que va ganando. Se ha visto en muchos partidos. Es una situaci\u00f3n nueva, no digo que sea justa o injusta, y seguramente se vaya haciendo m\u00e1s natural. Dar todos estos minutos de descuento genera un poco de incertidumbre. Hay que trabajar sobre eso, los momentos son los que mandan y no todos los equipos son iguales. Con Holanda fue dif\u00edcil porque empezaron a tirar pelotazos en el \u00e1rea&#8221;.<\/p>\n\n\n\n<p>Argentina y Croacia se enfrentar\u00e1n este martes en el Estadio Lusail desde las 16 con arbitraje del italiano Daniele Orsato por las semifinales del Mundial 2022.<\/p>\n","protected":false},"excerpt":{"rendered":"<p>El director t\u00e9cnico de la Selecci\u00f3n Argentina brind\u00f3 una conferencia de prensa palpitando el encuentro de semifinales que tendr\u00e1 lugar este martes a las 16. El director t\u00e9cnico del seleccionado&hellip; <\/p>\n","protected":false},"author":4,"featured_media":26881,"comment_status":"closed","ping_status":"open","sticky":false,"template":"","format":"standard","meta":{"footnotes":""},"categories":[4],"tags":[],"class_list":["post-26879","post","type-post","status-publish","format-standard","has-post-thumbnail","hentry","category-deportes"],"_links":{"self":[{"href":"https:\/\/corrientesdetarde.com\/index.php\/wp-json\/wp\/v2\/posts\/26879","targetHints":{"allow":["GET"]}}],"collection":[{"href":"https:\/\/corrientesdetarde.com\/index.php\/wp-json\/wp\/v2\/posts"}],"about":[{"href":"https:\/\/corrientesdetarde.com\/index.php\/wp-json\/wp\/v2\/types\/post"}],"author":[{"embeddable":true,"href":"https:\/\/corrientesdetarde.com\/index.php\/wp-json\/wp\/v2\/users\/4"}],"replies":[{"embeddable":true,"href":"https:\/\/corrientesdetarde.com\/index.php\/wp-json\/wp\/v2\/comments?post=26879"}],"version-history":[{"count":1,"href":"https:\/\/corrientesdetarde.com\/index.php\/wp-json\/wp\/v2\/posts\/26879\/revisions"}],"predecessor-version":[{"id":26882,"href":"https:\/\/corrientesdetarde.com\/index.php\/wp-json\/wp\/v2\/posts\/26879\/revisions\/26882"}],"wp:featuredmedia":[{"embeddable":true,"href":"https:\/\/corrientesdetarde.com\/index.php\/wp-json\/wp\/v2\/media\/26881"}],"wp:attachment":[{"href":"https:\/\/corrientesdetarde.com\/index.php\/wp-json\/wp\/v2\/media?parent=26879"}],"wp:term":[{"taxonomy":"category","embeddable":true,"href":"https:\/\/corrientesdetarde.com\/index.php\/wp-json\/wp\/v2\/categories?post=26879"},{"taxonomy":"post_tag","embeddable":true,"href":"https:\/\/corrientesdetarde.com\/index.php\/wp-json\/wp\/v2\/tags?post=26879"}],"curies":[{"name":"wp","href":"https:\/\/api.w.org\/{rel}","templated":true}]}}