{"id":26883,"date":"2022-12-12T14:23:02","date_gmt":"2022-12-12T17:23:02","guid":{"rendered":"https:\/\/corrientesdetarde.com\/?p=26883"},"modified":"2022-12-12T14:23:04","modified_gmt":"2022-12-12T17:23:04","slug":"senado-provincial-fin-de-ano-en-las-escalinatas","status":"publish","type":"post","link":"https:\/\/corrientesdetarde.com\/index.php\/locales\/senado-provincial-fin-de-ano-en-las-escalinatas\/","title":{"rendered":"Senado provincial: Fin de a\u00f1o en las escalinatas"},"content":{"rendered":"\n<figure class=\"wp-block-image size-large\"><img loading=\"lazy\" decoding=\"async\" width=\"1024\" height=\"1024\" src=\"https:\/\/corrientesdetarde.com\/wp-content\/uploads\/2022\/12\/WhatsApp-Image-2022-12-12-at-12.18.43-2-1024x1024.jpeg\" alt=\"\" class=\"wp-image-26886\" srcset=\"https:\/\/corrientesdetarde.com\/wp-content\/uploads\/2022\/12\/WhatsApp-Image-2022-12-12-at-12.18.43-2-1024x1024.jpeg 1024w, https:\/\/corrientesdetarde.com\/wp-content\/uploads\/2022\/12\/WhatsApp-Image-2022-12-12-at-12.18.43-2-300x300.jpeg 300w, https:\/\/corrientesdetarde.com\/wp-content\/uploads\/2022\/12\/WhatsApp-Image-2022-12-12-at-12.18.43-2-150x150.jpeg 150w, https:\/\/corrientesdetarde.com\/wp-content\/uploads\/2022\/12\/WhatsApp-Image-2022-12-12-at-12.18.43-2-768x768.jpeg 768w, https:\/\/corrientesdetarde.com\/wp-content\/uploads\/2022\/12\/WhatsApp-Image-2022-12-12-at-12.18.43-2-375x375.jpeg 375w, https:\/\/corrientesdetarde.com\/wp-content\/uploads\/2022\/12\/WhatsApp-Image-2022-12-12-at-12.18.43-2.jpeg 1080w\" sizes=\"auto, (max-width: 1024px) 100vw, 1024px\" \/><\/figure>\n\n\n\n<p>El vicegobernador de la provincia, Dr. Pedro Braillard Poccard, invita a la ciudadan\u00eda a participar en el cierre de actividades culturales del Senado provincial, evento libre y gratuito, que se realizar\u00e1 viernes 16 de diciembre en las escalinatas de la Legislatura.<br>Desde las 19 horas el p\u00fablico podr\u00e1 recorrer un Patio Gastron\u00f3mico y una Expo de Emprendedores, organizados en forma conjunta con la Municipalidad de la ciudad de Corrientes, que se realizar\u00e1 en la Plaza 25 de Mayo.<br>A las 20 horas ser\u00e1 el acto central, encabezado por el vicegoberador, en el que participar\u00e1n los elencos estables del Senado y artistas invitados, como Ir\u00fa Bloco Afro, Estudio Art\u00edstico \u00c1ngelus y Carla Lattanzio, de Curuz\u00fa Cuati\u00e1.<\/p>\n\n\n\n<p><\/p>\n","protected":false},"excerpt":{"rendered":"<p>El vicegobernador de la provincia, Dr. Pedro Braillard Poccard, invita a la ciudadan\u00eda a participar en el cierre de actividades culturales del Senado provincial, evento libre y gratuito, que se&hellip; <\/p>\n","protected":false},"author":1,"featured_media":26885,"comment_status":"closed","ping_status":"open","sticky":false,"template":"","format":"standard","meta":{"footnotes":""},"categories":[8],"tags":[],"class_list":["post-26883","post","type-post","status-publish","format-standard","has-post-thumbnail","hentry","category-locales"],"_links":{"self":[{"href":"https:\/\/corrientesdetarde.com\/index.php\/wp-json\/wp\/v2\/posts\/26883","targetHints":{"allow":["GET"]}}],"collection":[{"href":"https:\/\/corrientesdetarde.com\/index.php\/wp-json\/wp\/v2\/posts"}],"about":[{"href":"https:\/\/corrientesdetarde.com\/index.php\/wp-json\/wp\/v2\/types\/post"}],"author":[{"embeddable":true,"href":"https:\/\/corrientesdetarde.com\/index.php\/wp-json\/wp\/v2\/users\/1"}],"replies":[{"embeddable":true,"href":"https:\/\/corrientesdetarde.com\/index.php\/wp-json\/wp\/v2\/comments?post=26883"}],"version-history":[{"count":1,"href":"https:\/\/corrientesdetarde.com\/index.php\/wp-json\/wp\/v2\/posts\/26883\/revisions"}],"predecessor-version":[{"id":26887,"href":"https:\/\/corrientesdetarde.com\/index.php\/wp-json\/wp\/v2\/posts\/26883\/revisions\/26887"}],"wp:featuredmedia":[{"embeddable":true,"href":"https:\/\/corrientesdetarde.com\/index.php\/wp-json\/wp\/v2\/media\/26885"}],"wp:attachment":[{"href":"https:\/\/corrientesdetarde.com\/index.php\/wp-json\/wp\/v2\/media?parent=26883"}],"wp:term":[{"taxonomy":"category","embeddable":true,"href":"https:\/\/corrientesdetarde.com\/index.php\/wp-json\/wp\/v2\/categories?post=26883"},{"taxonomy":"post_tag","embeddable":true,"href":"https:\/\/corrientesdetarde.com\/index.php\/wp-json\/wp\/v2\/tags?post=26883"}],"curies":[{"name":"wp","href":"https:\/\/api.w.org\/{rel}","templated":true}]}}