{"id":26888,"date":"2022-12-12T14:59:56","date_gmt":"2022-12-12T17:59:56","guid":{"rendered":"https:\/\/corrientesdetarde.com\/?p=26888"},"modified":"2022-12-12T15:00:01","modified_gmt":"2022-12-12T18:00:01","slug":"mas-de-50-monitores-fueron-certificados-para-ofrecer-turismo-astronomico-en-el-ibera","status":"publish","type":"post","link":"https:\/\/corrientesdetarde.com\/index.php\/sociales\/mas-de-50-monitores-fueron-certificados-para-ofrecer-turismo-astronomico-en-el-ibera\/","title":{"rendered":"M\u00e1s de 50 monitores fueron certificados para ofrecer turismo astron\u00f3mico en el Iber\u00e1"},"content":{"rendered":"\n<p>Calificado como uno de los mejores cielos del mundo para el turismo astron\u00f3mico, el Iber\u00e1 representa el escenario ideal para la pr\u00e1ctica de esta actividad. Una oferta alternativa que se complementa al ecoturismo y al mismo tiempo pone en valor experiencias y vivencias de quienes en la antig\u00fcedad utilizaban el cielo para guiar futuras acciones a partir de su contemplaci\u00f3n.<\/p>\n\n\n\n<p>El&nbsp;Proyecto Starlight Iber\u00e1 nace a partir de una iniciativa de instituciones que, con el fin de acompa\u00f1ar el desarrollo de las comunidades locales, busca crear una experiencia tur\u00edstica y cultural innovadora, movilizando el ecosistema emprendedor territorial, protegiendo y certificando un recurso natural tan valioso como lo es el cielo estrellado del Iber\u00e1.&nbsp;&nbsp;&nbsp;<\/p>\n\n\n\n<p>El Gobierno provincial, a trav\u00e9s del Ministerio de Turismo y el Comit\u00e9 Iber\u00e1 trabajan en la diversificaci\u00f3n de la oferta tur\u00edstica, en este caso en el Gran Parque Iber\u00e1. Mientras que acompa\u00f1an a las comunidades del Iber\u00e1 las cuatro instituciones socias del Proyecto Starlight Iber\u00e1: Fundaci\u00f3n Yetap\u00e1, Fundaci\u00f3n Starlight, Ideas For Change y Global Cad; con el financiamiento de la Agencia Espa\u00f1ola de Cooperaci\u00f3n Internacional para el Desarrollo (AECID).<\/p>\n\n\n\n<p><strong>Certificaciones a monitores<\/strong><\/p>\n\n\n\n<p>Un total de 56 monitores de 10 localidades correntinas recibieron sus correspondientes certificaciones Starlight quienes pondr\u00e1n en&nbsp;valor la cultura del Iber\u00e1 con relatos del Cielo, a partir de la cosmovisi\u00f3n guaran\u00ed. De esta forma, podr\u00e1n iniciar la comercializaci\u00f3n de este producto que se incorpora a la oferta tur\u00edstica de Corrientes.&nbsp;<\/p>\n\n\n\n<p>La entrega de las certificaciones tuvo lugar este domingo 11 de diciembre en el complejo Aventura Iber\u00e1 en el portal San Antonio, Loreto y cont\u00f3 con la presencia de la&nbsp;ministra de Turismo Alejandra Eliciri, el coordinador general del Comit\u00e9 Iber\u00e1 Sergio Flinta, el intendente de Loreto Orlando Maidana y el intendente de Pedro R. Fern\u00e1ndez (Mantilla) Juan Marcelo Fern\u00e1ndez, entre otras autoridades municipales y representantes de las entidades y organismos participantes del Proyecto.<\/p>\n\n\n\n<p>Al respecto, la ministra Eliciri dijo que se busca algo innovador, una alternativa para el turismo. \u201cEl astroturismo no solo propone esta experiencia de ver el cielo con estrellas, tambi\u00e9n es educativo y nos permiten mostrar nuestra cultura, nuestros or\u00edgenes, de c\u00f3mo utilizaban el cielo para diversas actividades, ten\u00eda todo un significado y hoy en d\u00eda que somos tan tecnol\u00f3gico hace que nos conecte de otra manera\u201d, expres\u00f3 la funcionaria.<\/p>\n\n\n\n<p>Adem\u00e1s, se\u00f1al\u00f3 que desde el Ministerio de Turismo trabajamos con las propuestas de diferentes productos que posicionan a Corrientes como un destino para que la gente nos lija, \u201cya que Iber\u00e1 lo es a nivel nacional e internacional y el astroturismo se complementa a la oferta de naturaleza para el desarrollo local, que es a lo que apuntamos desde el Gobierno provincial\u201d, declar\u00f3 y felicit\u00f3 a quienes obtuvieron esta certificaci\u00f3n de esta nueva propuesta en el Iber\u00e1.<\/p>\n\n\n\n<p>Por su parte,&nbsp;Blanca Rodr\u00edguez representante de la Asociaci\u00f3n Espa\u00f1ola de Cooperaci\u00f3n Internacional para el Desarrollo puso como premisa la conservaci\u00f3n del medio ambiente y cultural para el desarrollo de las comunidades locales.&nbsp;<\/p>\n\n\n\n<p>Y, finalmente Sergio Flinta, en consonancia con quienes lo antecedieron en el discurso, expres\u00f3 sus felicitaciones a los nuevos monitores. \u201cEs una oportunidad, esto es parte de su futuro. Ahora la preservaci\u00f3n del Iber\u00e1 es completa desde el cielo a la tierra\u201d, manifest\u00f3.&nbsp;<\/p>\n\n\n\n<p>Luego del acto y los discursos, pasadas las 20 horas, los presentes tuvieron la posibilidad de participar de la experiencia de astroturismo \u201cNoche con Pay\u00e9 en Aventura Iber\u00e1\u201d, con la contemplaci\u00f3n del cielo en inmediaciones al estero Bola.<\/p>\n","protected":false},"excerpt":{"rendered":"<p>Calificado como uno de los mejores cielos del mundo para el turismo astron\u00f3mico, el Iber\u00e1 representa el escenario ideal para la pr\u00e1ctica de esta actividad. Una oferta alternativa que se&hellip; <\/p>\n","protected":false},"author":1,"featured_media":26889,"comment_status":"closed","ping_status":"open","sticky":false,"template":"","format":"standard","meta":{"footnotes":""},"categories":[17],"tags":[],"class_list":["post-26888","post","type-post","status-publish","format-standard","has-post-thumbnail","hentry","category-sociales"],"_links":{"self":[{"href":"https:\/\/corrientesdetarde.com\/index.php\/wp-json\/wp\/v2\/posts\/26888","targetHints":{"allow":["GET"]}}],"collection":[{"href":"https:\/\/corrientesdetarde.com\/index.php\/wp-json\/wp\/v2\/posts"}],"about":[{"href":"https:\/\/corrientesdetarde.com\/index.php\/wp-json\/wp\/v2\/types\/post"}],"author":[{"embeddable":true,"href":"https:\/\/corrientesdetarde.com\/index.php\/wp-json\/wp\/v2\/users\/1"}],"replies":[{"embeddable":true,"href":"https:\/\/corrientesdetarde.com\/index.php\/wp-json\/wp\/v2\/comments?post=26888"}],"version-history":[{"count":1,"href":"https:\/\/corrientesdetarde.com\/index.php\/wp-json\/wp\/v2\/posts\/26888\/revisions"}],"predecessor-version":[{"id":26890,"href":"https:\/\/corrientesdetarde.com\/index.php\/wp-json\/wp\/v2\/posts\/26888\/revisions\/26890"}],"wp:featuredmedia":[{"embeddable":true,"href":"https:\/\/corrientesdetarde.com\/index.php\/wp-json\/wp\/v2\/media\/26889"}],"wp:attachment":[{"href":"https:\/\/corrientesdetarde.com\/index.php\/wp-json\/wp\/v2\/media?parent=26888"}],"wp:term":[{"taxonomy":"category","embeddable":true,"href":"https:\/\/corrientesdetarde.com\/index.php\/wp-json\/wp\/v2\/categories?post=26888"},{"taxonomy":"post_tag","embeddable":true,"href":"https:\/\/corrientesdetarde.com\/index.php\/wp-json\/wp\/v2\/tags?post=26888"}],"curies":[{"name":"wp","href":"https:\/\/api.w.org\/{rel}","templated":true}]}}