{"id":26937,"date":"2022-12-12T17:19:11","date_gmt":"2022-12-12T20:19:11","guid":{"rendered":"https:\/\/corrientesdetarde.com\/?p=26937"},"modified":"2022-12-12T17:19:15","modified_gmt":"2022-12-12T20:19:15","slug":"finalizo-curso-de-cuidado-ambiental-en-desarrollo-social","status":"publish","type":"post","link":"https:\/\/corrientesdetarde.com\/index.php\/medio-ambiente\/finalizo-curso-de-cuidado-ambiental-en-desarrollo-social\/","title":{"rendered":"Finaliz\u00f3 curso de cuidado ambiental en Desarrollo Social"},"content":{"rendered":"\n<p>Este lunes 12 por la ma\u00f1ana, en el marco del Programa \u201cGIRSU en la oficina\u201d, que promueve la gesti\u00f3n de residuos en los espacios laborales del Ministerio de Desarrollo Social de la Provincia, se llev\u00f3 a cabo un taller y entrega de certificados sobre el cuidado del ambiente y la gesti\u00f3n de residuos en la sede de este organismo en Murcia 59 del B\u00b0 Apip\u00e9.<\/p>\n\n\n\n<p>Por iniciativa de la Direcci\u00f3n de Organizaci\u00f3n y Comunicaci\u00f3n Comunitaria, la Direcci\u00f3n de Juventud, y el acompa\u00f1amiento del \u00e1rea de Monitoreo y Evaluaci\u00f3n de Programas y Servicios Sociales del Ministerio de Desarrollo Social en forma conjunta con el equipo de Girsu, la Unidad Ejecutora, se desarroll\u00f3 este curso de manera virtual a trav\u00e9s de la plataforma Capacitaciones Telco del Ministerio de Coordinaci\u00f3n y Planificaci\u00f3n con la activa participaci\u00f3n de todas las reparticiones del ministerio tras una jornada de sensibilizaci\u00f3n en las oficinas.<\/p>\n\n\n\n<p>Al finalizar la actividad, se hizo entrega de carteles indicativos a 59 referentes facilitando el acceso a contenidos, galer\u00eda de fotos y gu\u00eda de recomendaciones para la adecuada gesti\u00f3n de residuos generados en las oficinas.<\/p>\n\n\n\n<figure class=\"wp-block-image size-large\"><img loading=\"lazy\" decoding=\"async\" width=\"768\" height=\"1024\" src=\"https:\/\/corrientesdetarde.com\/wp-content\/uploads\/2022\/12\/image-169-768x1024.png\" alt=\"\" class=\"wp-image-26938\" srcset=\"https:\/\/corrientesdetarde.com\/wp-content\/uploads\/2022\/12\/image-169-768x1024.png 768w, https:\/\/corrientesdetarde.com\/wp-content\/uploads\/2022\/12\/image-169-225x300.png 225w, https:\/\/corrientesdetarde.com\/wp-content\/uploads\/2022\/12\/image-169-1152x1536.png 1152w, https:\/\/corrientesdetarde.com\/wp-content\/uploads\/2022\/12\/image-169.png 1200w\" sizes=\"auto, (max-width: 768px) 100vw, 768px\" \/><\/figure>\n\n\n\n<figure class=\"wp-block-image size-large\"><img loading=\"lazy\" decoding=\"async\" width=\"768\" height=\"1024\" src=\"https:\/\/corrientesdetarde.com\/wp-content\/uploads\/2022\/12\/image-170-768x1024.png\" alt=\"\" class=\"wp-image-26940\" srcset=\"https:\/\/corrientesdetarde.com\/wp-content\/uploads\/2022\/12\/image-170-768x1024.png 768w, https:\/\/corrientesdetarde.com\/wp-content\/uploads\/2022\/12\/image-170-225x300.png 225w, https:\/\/corrientesdetarde.com\/wp-content\/uploads\/2022\/12\/image-170-1152x1536.png 1152w, https:\/\/corrientesdetarde.com\/wp-content\/uploads\/2022\/12\/image-170.png 1200w\" sizes=\"auto, (max-width: 768px) 100vw, 768px\" \/><\/figure>\n","protected":false},"excerpt":{"rendered":"<p>Este lunes 12 por la ma\u00f1ana, en el marco del Programa \u201cGIRSU en la oficina\u201d, que promueve la gesti\u00f3n de residuos en los espacios laborales del Ministerio de Desarrollo Social&hellip; <\/p>\n","protected":false},"author":8,"featured_media":26939,"comment_status":"closed","ping_status":"open","sticky":false,"template":"","format":"standard","meta":{"footnotes":""},"categories":[6],"tags":[],"class_list":["post-26937","post","type-post","status-publish","format-standard","has-post-thumbnail","hentry","category-medio-ambiente"],"_links":{"self":[{"href":"https:\/\/corrientesdetarde.com\/index.php\/wp-json\/wp\/v2\/posts\/26937","targetHints":{"allow":["GET"]}}],"collection":[{"href":"https:\/\/corrientesdetarde.com\/index.php\/wp-json\/wp\/v2\/posts"}],"about":[{"href":"https:\/\/corrientesdetarde.com\/index.php\/wp-json\/wp\/v2\/types\/post"}],"author":[{"embeddable":true,"href":"https:\/\/corrientesdetarde.com\/index.php\/wp-json\/wp\/v2\/users\/8"}],"replies":[{"embeddable":true,"href":"https:\/\/corrientesdetarde.com\/index.php\/wp-json\/wp\/v2\/comments?post=26937"}],"version-history":[{"count":1,"href":"https:\/\/corrientesdetarde.com\/index.php\/wp-json\/wp\/v2\/posts\/26937\/revisions"}],"predecessor-version":[{"id":26941,"href":"https:\/\/corrientesdetarde.com\/index.php\/wp-json\/wp\/v2\/posts\/26937\/revisions\/26941"}],"wp:featuredmedia":[{"embeddable":true,"href":"https:\/\/corrientesdetarde.com\/index.php\/wp-json\/wp\/v2\/media\/26939"}],"wp:attachment":[{"href":"https:\/\/corrientesdetarde.com\/index.php\/wp-json\/wp\/v2\/media?parent=26937"}],"wp:term":[{"taxonomy":"category","embeddable":true,"href":"https:\/\/corrientesdetarde.com\/index.php\/wp-json\/wp\/v2\/categories?post=26937"},{"taxonomy":"post_tag","embeddable":true,"href":"https:\/\/corrientesdetarde.com\/index.php\/wp-json\/wp\/v2\/tags?post=26937"}],"curies":[{"name":"wp","href":"https:\/\/api.w.org\/{rel}","templated":true}]}}