{"id":269371,"date":"2026-08-30T21:55:38","date_gmt":"2026-08-31T00:55:38","guid":{"rendered":"https:\/\/corrientesdetarde.com\/?p=269371"},"modified":"2026-08-30T21:55:42","modified_gmt":"2026-08-31T00:55:42","slug":"juventus-quiere-fichar-a-nicolas-tagliafico","status":"publish","type":"post","link":"https:\/\/corrientesdetarde.com\/index.php\/deportes\/juventus-quiere-fichar-a-nicolas-tagliafico\/","title":{"rendered":"Juventus quiere fichar a Nicol\u00e1s Tagliafico"},"content":{"rendered":"\n<p>El argentino aparece como una alternativa para el lateral izquierdo. Su llegada depender\u00e1 de un movimiento previo en el plantel italiano.<\/p>\n\n\n\n<p>Juventus analiza incorporar a Nicol\u00e1s Tagliafico, actualmente en el Olympique de Lyon, como una de las alternativas para reforzar el lateral izquierdo ante la posible salida de Juan Cabal hacia Atalanta. El club italiano ya recibi\u00f3 el nombre del argentino y habr\u00eda dado se\u00f1ales positivas frente a la posibilidad.<\/p>\n\n\n\n<p>Cabal habr\u00eda dado su aprobaci\u00f3n para incorporarse al Atalanta con un contrato hasta 2031. Juventus y el club de B\u00e9rgamo negocian las condiciones de la transferencia, y la eventual salida del defensor es el movimiento que podr\u00eda abrirle espacio a Tagliafico.<\/p>\n\n\n\n<p>Por ahora, Juventus no realiz\u00f3 una oferta formal por el argentino. El contacto se encuentra en una etapa inicial, destinada a conocer las condiciones de una eventual transferencia.<\/p>\n\n\n\n<p>Tagliafico tiene contrato con Lyon hasta junio de 2027. El lateral lleg\u00f3 al f\u00fatbol europeo a trav\u00e9s del Ajax, donde jug\u00f3 entre 2018 y 2022, antes de continuar su carrera en el club franc\u00e9s.<\/p>\n\n\n\n<p>El argentino, que tiene 33 a\u00f1os y cumple 34 el 31 de agosto, tambi\u00e9n forma parte de la historia reciente de la selecci\u00f3n argentina: integr\u00f3 el plantel que conquist\u00f3 el Mundial de Qatar 2022.<\/p>\n\n\n\n<p>La actualidad de Lyon tambi\u00e9n influye en el escenario, ya que el equipo franc\u00e9s qued\u00f3 eliminado en los playoffs de la Champions League frente a Fenerbah\u00e7e.<\/p>\n\n\n\n<p>Mientras analiza esta posibilidad, Juventus tambi\u00e9n eval\u00faa otros movimientos de mercado. Entre ellos aparecen una posible cesi\u00f3n de Edon Zhegrova al Al-Ittihad y un pr\u00e9stamo de Pape Matar Sarr desde Tottenham.<\/p>\n\n\n\n<p>El plantel italiano ya cuenta con otro argentino, Nicol\u00e1s Gonz\u00e1lez. En el caso de Tagliafico, su llegada depender\u00e1 primero de que se concrete la salida de Cabal.<\/p>\n","protected":false},"excerpt":{"rendered":"<p>El argentino aparece como una alternativa para el lateral izquierdo. Su llegada depender\u00e1 de un movimiento previo en el plantel italiano. Juventus analiza incorporar a Nicol\u00e1s Tagliafico, actualmente en el&hellip; <\/p>\n","protected":false},"author":4,"featured_media":269382,"comment_status":"closed","ping_status":"open","sticky":false,"template":"","format":"standard","meta":{"footnotes":""},"categories":[4],"tags":[],"class_list":["post-269371","post","type-post","status-publish","format-standard","has-post-thumbnail","hentry","category-deportes"],"_links":{"self":[{"href":"https:\/\/corrientesdetarde.com\/index.php\/wp-json\/wp\/v2\/posts\/269371","targetHints":{"allow":["GET"]}}],"collection":[{"href":"https:\/\/corrientesdetarde.com\/index.php\/wp-json\/wp\/v2\/posts"}],"about":[{"href":"https:\/\/corrientesdetarde.com\/index.php\/wp-json\/wp\/v2\/types\/post"}],"author":[{"embeddable":true,"href":"https:\/\/corrientesdetarde.com\/index.php\/wp-json\/wp\/v2\/users\/4"}],"replies":[{"embeddable":true,"href":"https:\/\/corrientesdetarde.com\/index.php\/wp-json\/wp\/v2\/comments?post=269371"}],"version-history":[{"count":1,"href":"https:\/\/corrientesdetarde.com\/index.php\/wp-json\/wp\/v2\/posts\/269371\/revisions"}],"predecessor-version":[{"id":269383,"href":"https:\/\/corrientesdetarde.com\/index.php\/wp-json\/wp\/v2\/posts\/269371\/revisions\/269383"}],"wp:featuredmedia":[{"embeddable":true,"href":"https:\/\/corrientesdetarde.com\/index.php\/wp-json\/wp\/v2\/media\/269382"}],"wp:attachment":[{"href":"https:\/\/corrientesdetarde.com\/index.php\/wp-json\/wp\/v2\/media?parent=269371"}],"wp:term":[{"taxonomy":"category","embeddable":true,"href":"https:\/\/corrientesdetarde.com\/index.php\/wp-json\/wp\/v2\/categories?post=269371"},{"taxonomy":"post_tag","embeddable":true,"href":"https:\/\/corrientesdetarde.com\/index.php\/wp-json\/wp\/v2\/tags?post=269371"}],"curies":[{"name":"wp","href":"https:\/\/api.w.org\/{rel}","templated":true}]}}