{"id":269372,"date":"2026-08-30T20:56:21","date_gmt":"2026-08-30T23:56:21","guid":{"rendered":"https:\/\/corrientesdetarde.com\/?p=269372"},"modified":"2026-08-30T20:56:33","modified_gmt":"2026-08-30T23:56:33","slug":"el-patrimonio-legislativo-protagonista-de-una-nueva-visita-guiada","status":"publish","type":"post","link":"https:\/\/corrientesdetarde.com\/index.php\/sociales\/el-patrimonio-legislativo-protagonista-de-una-nueva-visita-guiada\/","title":{"rendered":"El patrimonio Legislativo, protagonista de una nueva visita guiada"},"content":{"rendered":"\n<p>Estudiantes, turistas, docentes y p\u00fablico en general participaron de una nueva visita guiada al Palacio Legislativo, una propuesta impulsada por el equipo de la Direcci\u00f3n de Relaciones Internacionales que convoc\u00f3 a numerosos interesados en conocer la historia, la arquitectura y el patrimonio de la Legislatura.<\/p>\n\n\n\n<p>Durante m\u00e1s de una hora, los participantes recorrieron los principales espacios del edificio. La actividad comenz\u00f3 en la Plaza 25 de Mayo, donde la licenciada en Letras Mar\u00eda Fernanda Guti\u00e9rrez y el profesor de Historia Carlos L\u00f3pez dieron la bienvenida y estuvieron a cargo del recorrido, brindando informaci\u00f3n sobre el origen del Palacio Legislativo, su construcci\u00f3n y su relevancia arquitect\u00f3nica dentro del casco hist\u00f3rico de la ciudad.<\/p>\n\n\n\n<figure class=\"wp-block-image size-large\"><img loading=\"lazy\" decoding=\"async\" width=\"1024\" height=\"671\" src=\"https:\/\/corrientesdetarde.com\/wp-content\/uploads\/2026\/08\/image-714-1024x671.png\" alt=\"\" class=\"wp-image-269373\" srcset=\"https:\/\/corrientesdetarde.com\/wp-content\/uploads\/2026\/08\/image-714-1024x671.png 1024w, https:\/\/corrientesdetarde.com\/wp-content\/uploads\/2026\/08\/image-714-300x197.png 300w, https:\/\/corrientesdetarde.com\/wp-content\/uploads\/2026\/08\/image-714-768x504.png 768w, https:\/\/corrientesdetarde.com\/wp-content\/uploads\/2026\/08\/image-714.png 1147w\" sizes=\"auto, (max-width: 1024px) 100vw, 1024px\" \/><\/figure>\n\n\n\n<p>Una vez en el interior del edificio, el grupo visit\u00f3 el Hall, el Sal\u00f3n de los Pasos Perdidos, el Sal\u00f3n de Acuerdos, la Biblioteca y el Recinto. En cada uno de estos espacios, los gu\u00edas ofrecieron detalles sobre sus caracter\u00edsticas arquitect\u00f3nicas, su contexto hist\u00f3rico y el simbolismo que distingue a cada sector de la Legislatura.<\/p>\n\n\n\n<p>La visita tambi\u00e9n permiti\u00f3 conocer las obras de arte que forman parte del patrimonio institucional, su contexto hist\u00f3rico y el significado de su incorporaci\u00f3n al edificio, poniendo en valor el importante acervo cultural que conserva el Palacio Legislativo.<\/p>\n\n\n\n<figure class=\"wp-block-image size-large\"><img loading=\"lazy\" decoding=\"async\" width=\"1024\" height=\"683\" src=\"https:\/\/corrientesdetarde.com\/wp-content\/uploads\/2026\/08\/image-715-1024x683.png\" alt=\"\" class=\"wp-image-269374\" srcset=\"https:\/\/corrientesdetarde.com\/wp-content\/uploads\/2026\/08\/image-715-1024x683.png 1024w, https:\/\/corrientesdetarde.com\/wp-content\/uploads\/2026\/08\/image-715-300x200.png 300w, https:\/\/corrientesdetarde.com\/wp-content\/uploads\/2026\/08\/image-715-768x512.png 768w, https:\/\/corrientesdetarde.com\/wp-content\/uploads\/2026\/08\/image-715.png 1143w\" sizes=\"auto, (max-width: 1024px) 100vw, 1024px\" \/><\/figure>\n\n\n\n<p>La iniciativa forma parte de la agenda institucional impulsada por el vicegobernador Pedro Braillard Poccard, con el objetivo de fortalecer el v\u00ednculo entre el Poder Legislativo y la ciudadan\u00eda. En este marco, las visitas guiadas buscan promover el conocimiento y la participaci\u00f3n, as\u00ed como contribuir a la preservaci\u00f3n y puesta en valor del patrimonio hist\u00f3rico, arquitect\u00f3nico y cultural de Corrientes.<\/p>\n\n\n\n<figure class=\"wp-block-image size-large\"><img loading=\"lazy\" decoding=\"async\" width=\"1024\" height=\"681\" src=\"https:\/\/corrientesdetarde.com\/wp-content\/uploads\/2026\/08\/image-716-1024x681.png\" alt=\"\" class=\"wp-image-269375\" srcset=\"https:\/\/corrientesdetarde.com\/wp-content\/uploads\/2026\/08\/image-716-1024x681.png 1024w, https:\/\/corrientesdetarde.com\/wp-content\/uploads\/2026\/08\/image-716-300x200.png 300w, https:\/\/corrientesdetarde.com\/wp-content\/uploads\/2026\/08\/image-716-768x511.png 768w, https:\/\/corrientesdetarde.com\/wp-content\/uploads\/2026\/08\/image-716.png 1144w\" sizes=\"auto, (max-width: 1024px) 100vw, 1024px\" \/><\/figure>\n","protected":false},"excerpt":{"rendered":"<p>Estudiantes, turistas, docentes y p\u00fablico en general participaron de una nueva visita guiada al Palacio Legislativo, una propuesta impulsada por el equipo de la Direcci\u00f3n de Relaciones Internacionales que convoc\u00f3&hellip; <\/p>\n","protected":false},"author":4,"featured_media":269376,"comment_status":"closed","ping_status":"open","sticky":false,"template":"","format":"standard","meta":{"footnotes":""},"categories":[17],"tags":[],"class_list":["post-269372","post","type-post","status-publish","format-standard","has-post-thumbnail","hentry","category-sociales"],"_links":{"self":[{"href":"https:\/\/corrientesdetarde.com\/index.php\/wp-json\/wp\/v2\/posts\/269372","targetHints":{"allow":["GET"]}}],"collection":[{"href":"https:\/\/corrientesdetarde.com\/index.php\/wp-json\/wp\/v2\/posts"}],"about":[{"href":"https:\/\/corrientesdetarde.com\/index.php\/wp-json\/wp\/v2\/types\/post"}],"author":[{"embeddable":true,"href":"https:\/\/corrientesdetarde.com\/index.php\/wp-json\/wp\/v2\/users\/4"}],"replies":[{"embeddable":true,"href":"https:\/\/corrientesdetarde.com\/index.php\/wp-json\/wp\/v2\/comments?post=269372"}],"version-history":[{"count":1,"href":"https:\/\/corrientesdetarde.com\/index.php\/wp-json\/wp\/v2\/posts\/269372\/revisions"}],"predecessor-version":[{"id":269377,"href":"https:\/\/corrientesdetarde.com\/index.php\/wp-json\/wp\/v2\/posts\/269372\/revisions\/269377"}],"wp:featuredmedia":[{"embeddable":true,"href":"https:\/\/corrientesdetarde.com\/index.php\/wp-json\/wp\/v2\/media\/269376"}],"wp:attachment":[{"href":"https:\/\/corrientesdetarde.com\/index.php\/wp-json\/wp\/v2\/media?parent=269372"}],"wp:term":[{"taxonomy":"category","embeddable":true,"href":"https:\/\/corrientesdetarde.com\/index.php\/wp-json\/wp\/v2\/categories?post=269372"},{"taxonomy":"post_tag","embeddable":true,"href":"https:\/\/corrientesdetarde.com\/index.php\/wp-json\/wp\/v2\/tags?post=269372"}],"curies":[{"name":"wp","href":"https:\/\/api.w.org\/{rel}","templated":true}]}}