{"id":269384,"date":"2026-08-30T21:58:45","date_gmt":"2026-08-31T00:58:45","guid":{"rendered":"https:\/\/corrientesdetarde.com\/?p=269384"},"modified":"2026-08-30T21:58:50","modified_gmt":"2026-08-31T00:58:50","slug":"flinta-confirmo-que-impulsan-una-ley-para-compensar-a-productores-por-ataques-de-yaguaretes-y-pumas","status":"publish","type":"post","link":"https:\/\/corrientesdetarde.com\/index.php\/politica\/flinta-confirmo-que-impulsan-una-ley-para-compensar-a-productores-por-ataques-de-yaguaretes-y-pumas\/","title":{"rendered":"Flinta confirm\u00f3 que impulsan una ley para compensar a productores por ataques de yaguaret\u00e9s y pumas"},"content":{"rendered":"\n<p>El senador provincial anticip\u00f3 que impulsan un proyecto de ley para que los productores ganaderos reciban una compensaci\u00f3n econ\u00f3mica cuando sus animales sean atacados por yaguaret\u00e9s o pumas. La iniciativa podr\u00eda obtener media sanci\u00f3n en los pr\u00f3ximos d\u00edas.<\/p>\n\n\n\n<p>El senador provincial Sergio Flinta confirm\u00f3 que avanza en la Legislatura un proyecto de ley para&nbsp;<strong>compensar econ\u00f3micamente a los productores cuyos animales sean atacados por grandes felinos<\/strong>, como yaguaret\u00e9s y pumas.<\/p>\n\n\n\n<p>Flinta explic\u00f3 que la iniciativa fue elaborada junto a otros senadores y busca que el Estado provincial se haga cargo del perjuicio econ\u00f3mico ocasionado a los productores.<\/p>\n\n\n\n<p>&#8220;Estamos disponiendo esta medida legislativa, ordenando al Ejecutivo provincial que recomponga al propietario el bien perdido&#8221;, sostuvo el legislador.<\/p>\n\n\n\n<p>El proyecto contempla que el productor reciba&nbsp;<strong>el valor correspondiente por el animal siniestrado<\/strong>, siempre que se determine que la muerte fue provocada por un felino. Seg\u00fan Flinta, la medida responde tambi\u00e9n a la responsabilidad que tiene la provincia sobre el resguardo de la fauna.<\/p>\n\n\n\n<p>El senador se\u00f1al\u00f3 que ya se registraron dos casos de terneros atacados y remarc\u00f3 que la iniciativa busca evitar que el conflicto entre la actividad ganadera y la fauna protegida termine generando situaciones de caza furtiva.<\/p>\n\n\n\n<p>&#8220;Hoy la geograf\u00eda correntina tiene yaguaret\u00e9 y tiene pumas&#8221;, afirm\u00f3 Flinta, quien anticip\u00f3 que el proyecto ser\u00e1 tratado en los pr\u00f3ximos d\u00edas y podr\u00eda avanzar con&nbsp;<strong>media sanci\u00f3n<\/strong>.<\/p>\n","protected":false},"excerpt":{"rendered":"<p>El senador provincial anticip\u00f3 que impulsan un proyecto de ley para que los productores ganaderos reciban una compensaci\u00f3n econ\u00f3mica cuando sus animales sean atacados por yaguaret\u00e9s o pumas. La iniciativa&hellip; <\/p>\n","protected":false},"author":4,"featured_media":269385,"comment_status":"closed","ping_status":"open","sticky":false,"template":"","format":"standard","meta":{"footnotes":""},"categories":[3],"tags":[],"class_list":["post-269384","post","type-post","status-publish","format-standard","has-post-thumbnail","hentry","category-politica"],"_links":{"self":[{"href":"https:\/\/corrientesdetarde.com\/index.php\/wp-json\/wp\/v2\/posts\/269384","targetHints":{"allow":["GET"]}}],"collection":[{"href":"https:\/\/corrientesdetarde.com\/index.php\/wp-json\/wp\/v2\/posts"}],"about":[{"href":"https:\/\/corrientesdetarde.com\/index.php\/wp-json\/wp\/v2\/types\/post"}],"author":[{"embeddable":true,"href":"https:\/\/corrientesdetarde.com\/index.php\/wp-json\/wp\/v2\/users\/4"}],"replies":[{"embeddable":true,"href":"https:\/\/corrientesdetarde.com\/index.php\/wp-json\/wp\/v2\/comments?post=269384"}],"version-history":[{"count":1,"href":"https:\/\/corrientesdetarde.com\/index.php\/wp-json\/wp\/v2\/posts\/269384\/revisions"}],"predecessor-version":[{"id":269386,"href":"https:\/\/corrientesdetarde.com\/index.php\/wp-json\/wp\/v2\/posts\/269384\/revisions\/269386"}],"wp:featuredmedia":[{"embeddable":true,"href":"https:\/\/corrientesdetarde.com\/index.php\/wp-json\/wp\/v2\/media\/269385"}],"wp:attachment":[{"href":"https:\/\/corrientesdetarde.com\/index.php\/wp-json\/wp\/v2\/media?parent=269384"}],"wp:term":[{"taxonomy":"category","embeddable":true,"href":"https:\/\/corrientesdetarde.com\/index.php\/wp-json\/wp\/v2\/categories?post=269384"},{"taxonomy":"post_tag","embeddable":true,"href":"https:\/\/corrientesdetarde.com\/index.php\/wp-json\/wp\/v2\/tags?post=269384"}],"curies":[{"name":"wp","href":"https:\/\/api.w.org\/{rel}","templated":true}]}}