{"id":269387,"date":"2026-08-30T21:59:47","date_gmt":"2026-08-31T00:59:47","guid":{"rendered":"https:\/\/corrientesdetarde.com\/?p=269387"},"modified":"2026-08-30T21:59:48","modified_gmt":"2026-08-31T00:59:48","slug":"tragedia-en-corrientes-murio-un-adolescente-tras-chocar-con-una-camioneta","status":"publish","type":"post","link":"https:\/\/corrientesdetarde.com\/index.php\/policiales\/tragedia-en-corrientes-murio-un-adolescente-tras-chocar-con-una-camioneta\/","title":{"rendered":"Tragedia en Corrientes: muri\u00f3 un adolescente tras chocar con una camioneta"},"content":{"rendered":"\n<p>El siniestro ocurri\u00f3 durante la madrugada de este domingo en la intersecci\u00f3n de avenida Iber\u00e1 e Igarz\u00e1bal. La v\u00edctima se desplazaba en una motocicleta Honda Wave y falleci\u00f3 en el lugar como consecuencia de las graves lesiones sufridas.<\/p>\n\n\n\n<p>Un adolescente de 16 a\u00f1os muri\u00f3 durante la madrugada de este domingo 30 de agosto tras protagonizar un siniestro vial en la ciudad de Corrientes.<\/p>\n\n\n\n<p>El hecho ocurri\u00f3 alrededor de la 1 de la madrugada, en inmediaciones de la intersecci\u00f3n de&nbsp;<strong>avenida Iber\u00e1 e Igarz\u00e1bal<\/strong>, donde, por circunstancias que todav\u00eda son materia de investigaci\u00f3n, colisionaron una camioneta Toyota Hilux y una motocicleta Honda Wave.<\/p>\n\n\n\n<p>De acuerdo con las primeras averiguaciones, la camioneta era conducida por un hombre mayor de edad, de apellido&nbsp;<strong>Juani<\/strong>, mientras que la motocicleta era guiada por el adolescente de 16 a\u00f1os.<\/p>\n\n\n\n<p>A ra\u00edz del violento impacto, el joven sufri\u00f3 lesiones de extrema gravedad que, lamentablemente, le provocaron la muerte en el lugar.<\/p>\n\n\n\n<p>Tras el siniestro, se realizaron las diligencias correspondientes para establecer c\u00f3mo ocurri\u00f3 la colisi\u00f3n y determinar las circunstancias del hecho. La investigaci\u00f3n qued\u00f3 bajo intervenci\u00f3n de la&nbsp;<strong>Unidad Fiscal en turno<\/strong>.<\/p>\n\n\n\n<p>En tanto, efectivos de la&nbsp;<strong>Comisar\u00eda S\u00e9ptima Urbana<\/strong>&nbsp;contin\u00faan con las actuaciones de rigor para esclarecer la mec\u00e1nica del siniestro y las eventuales responsabilidades.<\/p>\n","protected":false},"excerpt":{"rendered":"<p>El siniestro ocurri\u00f3 durante la madrugada de este domingo en la intersecci\u00f3n de avenida Iber\u00e1 e Igarz\u00e1bal. La v\u00edctima se desplazaba en una motocicleta Honda Wave y falleci\u00f3 en el&hellip; <\/p>\n","protected":false},"author":4,"featured_media":269388,"comment_status":"closed","ping_status":"open","sticky":false,"template":"","format":"standard","meta":{"footnotes":""},"categories":[33],"tags":[],"class_list":["post-269387","post","type-post","status-publish","format-standard","has-post-thumbnail","hentry","category-policiales"],"_links":{"self":[{"href":"https:\/\/corrientesdetarde.com\/index.php\/wp-json\/wp\/v2\/posts\/269387","targetHints":{"allow":["GET"]}}],"collection":[{"href":"https:\/\/corrientesdetarde.com\/index.php\/wp-json\/wp\/v2\/posts"}],"about":[{"href":"https:\/\/corrientesdetarde.com\/index.php\/wp-json\/wp\/v2\/types\/post"}],"author":[{"embeddable":true,"href":"https:\/\/corrientesdetarde.com\/index.php\/wp-json\/wp\/v2\/users\/4"}],"replies":[{"embeddable":true,"href":"https:\/\/corrientesdetarde.com\/index.php\/wp-json\/wp\/v2\/comments?post=269387"}],"version-history":[{"count":1,"href":"https:\/\/corrientesdetarde.com\/index.php\/wp-json\/wp\/v2\/posts\/269387\/revisions"}],"predecessor-version":[{"id":269389,"href":"https:\/\/corrientesdetarde.com\/index.php\/wp-json\/wp\/v2\/posts\/269387\/revisions\/269389"}],"wp:featuredmedia":[{"embeddable":true,"href":"https:\/\/corrientesdetarde.com\/index.php\/wp-json\/wp\/v2\/media\/269388"}],"wp:attachment":[{"href":"https:\/\/corrientesdetarde.com\/index.php\/wp-json\/wp\/v2\/media?parent=269387"}],"wp:term":[{"taxonomy":"category","embeddable":true,"href":"https:\/\/corrientesdetarde.com\/index.php\/wp-json\/wp\/v2\/categories?post=269387"},{"taxonomy":"post_tag","embeddable":true,"href":"https:\/\/corrientesdetarde.com\/index.php\/wp-json\/wp\/v2\/tags?post=269387"}],"curies":[{"name":"wp","href":"https:\/\/api.w.org\/{rel}","templated":true}]}}