{"id":269390,"date":"2026-08-30T22:20:28","date_gmt":"2026-08-31T01:20:28","guid":{"rendered":"https:\/\/corrientesdetarde.com\/?p=269390"},"modified":"2026-08-30T22:20:39","modified_gmt":"2026-08-31T01:20:39","slug":"en-el-nea-el-salario-minimo-quedo-muy-por-detras-de-la-inflacion","status":"publish","type":"post","link":"https:\/\/corrientesdetarde.com\/index.php\/economia\/en-el-nea-el-salario-minimo-quedo-muy-por-detras-de-la-inflacion\/","title":{"rendered":"En el NEA, el salario m\u00ednimo qued\u00f3 muy por detr\u00e1s de la inflaci\u00f3n"},"content":{"rendered":"\n<p>El piso de remuneraci\u00f3n aument\u00f3 16,9% en el \u00faltimo a\u00f1o, menos de la mitad de la inflaci\u00f3n acumulada en la regi\u00f3n (36,9%). En julio, una familia tipo que no paga alquiler necesit\u00f3 cuatro salarios m\u00ednimos para superar la l\u00ednea de pobreza y dos para evitar caer en la indigencia.<\/p>\n\n\n\n<p>La nueva falta de acuerdo en el Consejo del Salario volvi\u00f3 a poner en el centro de la escena la discusi\u00f3n sobre el valor del Salario M\u00ednimo, Vital y M\u00f3vil (SMVM), un ingreso que deber\u00eda funcionar como piso para los trabajadores argentinos pero que, frente a la evoluci\u00f3n del costo de vida, muestra una brecha cada vez m\u00e1s dif\u00edcil de ignorar.<\/p>\n\n\n\n<p>Ante la falta de consenso entre las organizaciones sindicales y los representantes empresarios, ser\u00e1 nuevamente el Gobierno nacional el que deber\u00e1 establecer por decreto el nuevo valor del salario m\u00ednimo. El mecanismo se repite mientras el piso de remuneraci\u00f3n acumula una p\u00e9rdida significativa frente a la inflaci\u00f3n y se aleja de las necesidades econ\u00f3micas de los trabajadores y sus familias.<\/p>\n\n\n\n<p>Desde agosto, el SMVM qued\u00f3 establecido en $376.600 para quienes cumplen una jornada laboral legal completa. El valor representa una mejora nominal de apenas 1,13% frente a los $372.400 de julio y de 16,9% respecto de los $322.000 que reg\u00edan en agosto del a\u00f1o pasado.<\/p>\n\n\n\n<p>El problema aparece con mayor claridad cuando ese aumento se compara con la evoluci\u00f3n de los precios en la regi\u00f3n. Los datos oficiales del Instituto Nacional de Estad\u00edstica y Censos (INDEC) muestran que la inflaci\u00f3n interanual acumulada en el Nordeste argentino alcanz\u00f3 el 36,9%, tomando julio como referencia.<\/p>\n\n\n\n<p>La comparaci\u00f3n permite dimensionar el deterioro del poder adquisitivo del piso salarial: el incremento del SMVM represent\u00f3 apenas el 45,7% de la inflaci\u00f3n acumulada en el NEA.<\/p>\n\n\n\n<p>Dicho de otra manera, mientras los precios aumentaron casi 37% en un a\u00f1o, el salario m\u00ednimo se increment\u00f3 menos de 17%. La diferencia deja expuesta una p\u00e9rdida real del ingreso de quienes tienen al SMVM como referencia.<\/p>\n\n\n\n<p>Para una regi\u00f3n como el Nordeste, donde Corrientes, Chaco, Formosa y Misiones comparten din\u00e1micas econ\u00f3micas y sociales particulares, el dato adquiere especial relevancia. El salario m\u00ednimo no solamente determina el ingreso de trabajadores registrados que cobran ese piso, sino que tambi\u00e9n funciona como referencia para distintas prestaciones, negociaciones y relaciones laborales.<\/p>\n\n\n\n<p>La discusi\u00f3n, por lo tanto, excede el porcentaje de aumento que pueda establecerse en la pr\u00f3xima resoluci\u00f3n. El interrogante de fondo es cu\u00e1l deber\u00eda ser hoy el valor de un ingreso que se define legalmente como &#8220;m\u00ednimo, vital y m\u00f3vil&#8221;.<\/p>\n\n\n\n<figure class=\"wp-block-image\"><img decoding=\"async\" src=\"https:\/\/www.diarioepoca.com\/content\/bucket\/0\/1504020w380h250c.jpg.webp\" alt=\"\"\/><figcaption class=\"wp-element-caption\">SOLO PARA COMER TODOS LOS D\u00cdAS LAS FAMILIAS PRECISAN M\u00c1S DE $700.000.<\/figcaption><\/figure>\n\n\n\n<h2 class=\"wp-block-heading\">Sin acuerdo<\/h2>\n\n\n\n<p>Durante la malograda \u00faltima reuni\u00f3n del Consejo del Salario, los representantes de los trabajadores reclamaron llevar el SMVM hasta los $911.202, mientras que el sector empresario propuso un esquema de incrementos progresivos que llevar\u00eda el piso salarial a $468.000 en abril de 2027.<\/p>\n\n\n\n<p>Las diferencias muestran la distancia existente entre las posiciones de las centrales sindicales y los empleadores, pero tambi\u00e9n permiten observar la magnitud de la discusi\u00f3n. Entre los $376.600 que actualmente establece el salario m\u00ednimo y los $911.202 reclamados por los gremios existe una brecha de m\u00e1s de medio mill\u00f3n de pesos.<\/p>\n\n\n\n<p>El Gobierno nacional deber\u00e1 ahora definir el nuevo valor, como ya ocurri\u00f3 en anteriores oportunidades ante la imposibilidad del Consejo de alcanzar un entendimiento. Mientras tanto, el piso salarial contin\u00faa corriendo desde atr\u00e1s a la inflaci\u00f3n.<\/p>\n\n\n\n<h2 class=\"wp-block-heading\">\u00bfQu\u00e9 representa hoy el salario m\u00ednimo?<\/h2>\n\n\n\n<p>M\u00e1s all\u00e1 de la discusi\u00f3n entre empresarios y sindicatos, los n\u00fameros oficiales permiten formular una pregunta que atraviesa el debate: \u00bfel actual salario m\u00ednimo alcanza para garantizar una vida digna? La propia denominaci\u00f3n legal del ingreso (M\u00ednimo, Vital y M\u00f3vil) plantea una referencia vinculada no solamente con el mercado laboral, sino tambi\u00e9n con las necesidades b\u00e1sicas de quienes viven de un salario.<\/p>\n\n\n\n<p>El valor vigente desde agosto es de $376.600 para una jornada laboral completa. Para los trabajadores jornalizados, el m\u00ednimo qued\u00f3 establecido en $1.883 por hora. Pero cuando ese ingreso se contrasta con el costo de las necesidades b\u00e1sicas de una familia, la distancia se vuelve evidente.<\/p>\n\n\n\n<p>Seg\u00fan los \u00faltimos datos publicados por el INDEC, correspondientes a julio, una familia tipo integrada por un var\u00f3n de 35 a\u00f1os, una mujer de 31 y dos hijos de 6 y 8 a\u00f1os necesit\u00f3 $1.564.716 para no quedar por debajo de la l\u00ednea de pobreza. El c\u00e1lculo, adem\u00e1s, se realiza bajo un supuesto que resulta relevante: la familia no paga alquiler.<\/p>\n\n\n\n<p>Es decir, los $1,56 millones necesarios para superar la l\u00ednea de pobreza contemplan el costo de la canasta b\u00e1sica total, pero no incluyen un gasto que para muchos hogares representa uno de los principales componentes del presupuesto mensual.<\/p>\n\n\n\n<p>La distancia respecto del salario m\u00ednimo es contundente. Tomando como referencia el SMVM de julio, de $372.400, esa familia tipo necesit\u00f3 el equivalente a aproximadamente 4,2 salarios m\u00ednimos para superar la l\u00ednea de pobreza. La pr\u00f3xima definici\u00f3n del Gobierno nacional deber\u00e1 contemplar un escenario en el que el salario m\u00ednimo llega a la discusi\u00f3n con una p\u00e9rdida evidente frente al costo de vida. Los sindicatos plantearon un salto hasta los $911.202, una cifra que se acerca mucho m\u00e1s al costo de las necesidades b\u00e1sicas, aunque tampoco puede equipararse autom\u00e1ticamente con el ingreso necesario para que una familia tipo supere la pobreza.<\/p>\n\n\n\n<p>Los empresarios, en cambio, propusieron un esquema gradual que llevar\u00eda el salario m\u00ednimo a $468.000 reci\u00e9n en abril de 2027.<\/p>\n","protected":false},"excerpt":{"rendered":"<p>El piso de remuneraci\u00f3n aument\u00f3 16,9% en el \u00faltimo a\u00f1o, menos de la mitad de la inflaci\u00f3n acumulada en la regi\u00f3n (36,9%). En julio, una familia tipo que no paga&hellip; <\/p>\n","protected":false},"author":4,"featured_media":269392,"comment_status":"closed","ping_status":"open","sticky":false,"template":"","format":"standard","meta":{"footnotes":""},"categories":[20],"tags":[],"class_list":["post-269390","post","type-post","status-publish","format-standard","has-post-thumbnail","hentry","category-economia"],"_links":{"self":[{"href":"https:\/\/corrientesdetarde.com\/index.php\/wp-json\/wp\/v2\/posts\/269390","targetHints":{"allow":["GET"]}}],"collection":[{"href":"https:\/\/corrientesdetarde.com\/index.php\/wp-json\/wp\/v2\/posts"}],"about":[{"href":"https:\/\/corrientesdetarde.com\/index.php\/wp-json\/wp\/v2\/types\/post"}],"author":[{"embeddable":true,"href":"https:\/\/corrientesdetarde.com\/index.php\/wp-json\/wp\/v2\/users\/4"}],"replies":[{"embeddable":true,"href":"https:\/\/corrientesdetarde.com\/index.php\/wp-json\/wp\/v2\/comments?post=269390"}],"version-history":[{"count":1,"href":"https:\/\/corrientesdetarde.com\/index.php\/wp-json\/wp\/v2\/posts\/269390\/revisions"}],"predecessor-version":[{"id":269393,"href":"https:\/\/corrientesdetarde.com\/index.php\/wp-json\/wp\/v2\/posts\/269390\/revisions\/269393"}],"wp:featuredmedia":[{"embeddable":true,"href":"https:\/\/corrientesdetarde.com\/index.php\/wp-json\/wp\/v2\/media\/269392"}],"wp:attachment":[{"href":"https:\/\/corrientesdetarde.com\/index.php\/wp-json\/wp\/v2\/media?parent=269390"}],"wp:term":[{"taxonomy":"category","embeddable":true,"href":"https:\/\/corrientesdetarde.com\/index.php\/wp-json\/wp\/v2\/categories?post=269390"},{"taxonomy":"post_tag","embeddable":true,"href":"https:\/\/corrientesdetarde.com\/index.php\/wp-json\/wp\/v2\/tags?post=269390"}],"curies":[{"name":"wp","href":"https:\/\/api.w.org\/{rel}","templated":true}]}}