{"id":269394,"date":"2026-08-30T22:22:46","date_gmt":"2026-08-31T01:22:46","guid":{"rendered":"https:\/\/corrientesdetarde.com\/?p=269394"},"modified":"2026-08-30T22:22:57","modified_gmt":"2026-08-31T01:22:57","slug":"adolescente-a-bordo-de-una-moto-murio-tras-chocar-con-una-camioneta","status":"publish","type":"post","link":"https:\/\/corrientesdetarde.com\/index.php\/policiales\/adolescente-a-bordo-de-una-moto-murio-tras-chocar-con-una-camioneta\/","title":{"rendered":"Adolescente a bordo de una moto muri\u00f3 tras chocar con una camioneta"},"content":{"rendered":"\n<p>El siniestro ocurri\u00f3 durante la madrugada de este domingo en la intersecci\u00f3n de avenida Iber\u00e1 e Igarz\u00e1bal. La v\u00edctima ten\u00eda 16 a\u00f1os y falleci\u00f3 en el lugar como consecuencia de las graves lesiones sufridas.<\/p>\n\n\n\n<p>Un adolescente de 16 a\u00f1os muri\u00f3 durante la madrugada de este domingo luego de protagonizar un siniestro vial en la intersecci\u00f3n de avenida Iber\u00e1 e Igarz\u00e1bal, en la ciudad de Corrientes.<\/p>\n\n\n\n<p>El hecho ocurri\u00f3 alrededor de la 1, cuando, por circunstancias que son materia de investigaci\u00f3n, una motocicleta Honda Wave y una camioneta Toyota Hilux colisionaron en ese sector de la ciudad.<\/p>\n\n\n\n<p>De acuerdo con las primeras averiguaciones, el adolescente circulaba a bordo de la motocicleta, mientras que la camioneta era conducida por un hombre mayor de edad, de apellido Juani.<\/p>\n\n\n\n<p>Como consecuencia del impacto, el joven sufri\u00f3 grav\u00edsimas lesiones que le provocaron la muerte en el lugar.<\/p>\n\n\n\n<p>Tras el siniestro, personal policial realiz\u00f3 las primeras diligencias y pericias correspondientes para establecer la mec\u00e1nica del hecho.<\/p>\n\n\n\n<p>En el caso interviene la Unidad Fiscal en turno, mientras que efectivos de la Comisar\u00eda S\u00e9ptima Urbana contin\u00faan con las actuaciones de rigor para esclarecer las circunstancias del tr\u00e1gico episodio.<\/p>\n","protected":false},"excerpt":{"rendered":"<p>El siniestro ocurri\u00f3 durante la madrugada de este domingo en la intersecci\u00f3n de avenida Iber\u00e1 e Igarz\u00e1bal. La v\u00edctima ten\u00eda 16 a\u00f1os y falleci\u00f3 en el lugar como consecuencia de&hellip; <\/p>\n","protected":false},"author":4,"featured_media":269395,"comment_status":"closed","ping_status":"open","sticky":false,"template":"","format":"standard","meta":{"footnotes":""},"categories":[33],"tags":[],"class_list":["post-269394","post","type-post","status-publish","format-standard","has-post-thumbnail","hentry","category-policiales"],"_links":{"self":[{"href":"https:\/\/corrientesdetarde.com\/index.php\/wp-json\/wp\/v2\/posts\/269394","targetHints":{"allow":["GET"]}}],"collection":[{"href":"https:\/\/corrientesdetarde.com\/index.php\/wp-json\/wp\/v2\/posts"}],"about":[{"href":"https:\/\/corrientesdetarde.com\/index.php\/wp-json\/wp\/v2\/types\/post"}],"author":[{"embeddable":true,"href":"https:\/\/corrientesdetarde.com\/index.php\/wp-json\/wp\/v2\/users\/4"}],"replies":[{"embeddable":true,"href":"https:\/\/corrientesdetarde.com\/index.php\/wp-json\/wp\/v2\/comments?post=269394"}],"version-history":[{"count":1,"href":"https:\/\/corrientesdetarde.com\/index.php\/wp-json\/wp\/v2\/posts\/269394\/revisions"}],"predecessor-version":[{"id":269396,"href":"https:\/\/corrientesdetarde.com\/index.php\/wp-json\/wp\/v2\/posts\/269394\/revisions\/269396"}],"wp:featuredmedia":[{"embeddable":true,"href":"https:\/\/corrientesdetarde.com\/index.php\/wp-json\/wp\/v2\/media\/269395"}],"wp:attachment":[{"href":"https:\/\/corrientesdetarde.com\/index.php\/wp-json\/wp\/v2\/media?parent=269394"}],"wp:term":[{"taxonomy":"category","embeddable":true,"href":"https:\/\/corrientesdetarde.com\/index.php\/wp-json\/wp\/v2\/categories?post=269394"},{"taxonomy":"post_tag","embeddable":true,"href":"https:\/\/corrientesdetarde.com\/index.php\/wp-json\/wp\/v2\/tags?post=269394"}],"curies":[{"name":"wp","href":"https:\/\/api.w.org\/{rel}","templated":true}]}}