{"id":269404,"date":"2026-08-30T22:33:15","date_gmt":"2026-08-31T01:33:15","guid":{"rendered":"https:\/\/corrientesdetarde.com\/?p=269404"},"modified":"2026-08-30T22:33:20","modified_gmt":"2026-08-31T01:33:20","slug":"aseguran-que-wanda-nara-y-l-gante-pasaron-la-tarde-juntos-la-prueba-que-desperto-rumores-de-romance","status":"publish","type":"post","link":"https:\/\/corrientesdetarde.com\/index.php\/espectaculos\/aseguran-que-wanda-nara-y-l-gante-pasaron-la-tarde-juntos-la-prueba-que-desperto-rumores-de-romance\/","title":{"rendered":"Aseguran que Wanda Nara y L-Gante pasaron la tarde juntos: la prueba que despert\u00f3 rumores de romance"},"content":{"rendered":"\n<p>Una imagen de la empresaria y el cantante reaviv\u00f3 las versiones sobre un v\u00ednculo sentimental.<\/p>\n\n\n\n<p><strong>Wanda Nara<\/strong>\u00a0y\u00a0<strong>L-Gante<\/strong>\u00a0volvieron a estar en el centro\u00a0de la escena despu\u00e9s de que trascendiera que ambos pasaron la tarde juntos en una casa de un country en\u00a0<strong>General Rodr\u00edguez<\/strong>. El dato sali\u00f3 a la luz en\u00a0<strong>LAM<\/strong>, donde mostraron\u00a0una imagen que ser\u00eda la prueba clave\u00a0de un\u00a0<strong>nuevo acercamiento entre la empresaria y el cantante.<\/strong><\/p>\n\n\n\n<p>En el ciclo de&nbsp;<strong>Am\u00e9rica<\/strong>, contaron que la conductora lleg\u00f3 sola a la vivienda del m\u00fasico y mostraron la imagen de su camioneta estacionada afuera de la residencia .<strong>&nbsp;&#8220;Tenemos la imagen que es prueba de que Wanda estuvo con L-Gante&#8221;<\/strong>, dijo<strong>&nbsp;\u00c1ngel de Brito.<\/strong><\/p>\n\n\n\n<p>Adem\u00e1s, en el programa aclar\u00f3 las grabaciones de&nbsp;<strong>MasterChef<\/strong>&nbsp;reci\u00e9n arrancar\u00e1n a fines de septiembre, edici\u00f3n en la que estar\u00e1 el cantante:&nbsp;<strong>&#8220;Esto es raro porque todav\u00eda no est\u00e1n grabando el reality, a fin de septiembre empiezan a grabar MasterChef, el 21 creo&#8221;<\/strong>.<\/p>\n\n\n\n<h2 class=\"wp-block-heading\">&nbsp;<\/h2>\n\n\n\n<h2 class=\"wp-block-heading\"><strong>LOS RUMORES SOBRE EL V\u00cdNCULO Y LAS DECLARACIONES DE L-GANTE SOBRE WANDA NARA<\/strong><\/h2>\n\n\n\n<p>En el programa tambi\u00e9n recordaron que\u00a0<strong>L-Gante<\/strong>\u00a0dej\u00f3 abierta la puerta a una\u00a0nuevo reencuentro amoroso\u00a0con Wanda.\u00a0<strong>&#8220;En PH dijo que no descarta el tema con Wanda, dej\u00f3 la puerta abierta&#8221;,<\/strong>\u00a0record\u00f3 Pepe Ochoa, alimentando las especulaciones.<\/p>\n\n\n\n<p>Por su parte,&nbsp;<strong>Pilar Smith&nbsp;<\/strong>sum\u00f3 que, seg\u00fan su informaci\u00f3n,&nbsp;<strong>Wanda Nara quedaba &#8220;fascinada&#8221; cada vez que compart\u00eda tiempo con el cantante<\/strong>.&nbsp;<strong>&#8220;L-Gante es muy sexual me dijero, y que es bueno&#8221;<\/strong>, dijo Pepe y De Brito agreg\u00f3:<strong>&nbsp;&#8220;Seg\u00fan Wanda, es el que mejor le hizo el amor&#8221;.<\/strong><\/p>\n","protected":false},"excerpt":{"rendered":"<p>Una imagen de la empresaria y el cantante reaviv\u00f3 las versiones sobre un v\u00ednculo sentimental. Wanda Nara\u00a0y\u00a0L-Gante\u00a0volvieron a estar en el centro\u00a0de la escena despu\u00e9s de que trascendiera que ambos&hellip; <\/p>\n","protected":false},"author":4,"featured_media":269405,"comment_status":"closed","ping_status":"open","sticky":false,"template":"","format":"standard","meta":{"footnotes":""},"categories":[19],"tags":[],"class_list":["post-269404","post","type-post","status-publish","format-standard","has-post-thumbnail","hentry","category-espectaculos"],"_links":{"self":[{"href":"https:\/\/corrientesdetarde.com\/index.php\/wp-json\/wp\/v2\/posts\/269404","targetHints":{"allow":["GET"]}}],"collection":[{"href":"https:\/\/corrientesdetarde.com\/index.php\/wp-json\/wp\/v2\/posts"}],"about":[{"href":"https:\/\/corrientesdetarde.com\/index.php\/wp-json\/wp\/v2\/types\/post"}],"author":[{"embeddable":true,"href":"https:\/\/corrientesdetarde.com\/index.php\/wp-json\/wp\/v2\/users\/4"}],"replies":[{"embeddable":true,"href":"https:\/\/corrientesdetarde.com\/index.php\/wp-json\/wp\/v2\/comments?post=269404"}],"version-history":[{"count":1,"href":"https:\/\/corrientesdetarde.com\/index.php\/wp-json\/wp\/v2\/posts\/269404\/revisions"}],"predecessor-version":[{"id":269406,"href":"https:\/\/corrientesdetarde.com\/index.php\/wp-json\/wp\/v2\/posts\/269404\/revisions\/269406"}],"wp:featuredmedia":[{"embeddable":true,"href":"https:\/\/corrientesdetarde.com\/index.php\/wp-json\/wp\/v2\/media\/269405"}],"wp:attachment":[{"href":"https:\/\/corrientesdetarde.com\/index.php\/wp-json\/wp\/v2\/media?parent=269404"}],"wp:term":[{"taxonomy":"category","embeddable":true,"href":"https:\/\/corrientesdetarde.com\/index.php\/wp-json\/wp\/v2\/categories?post=269404"},{"taxonomy":"post_tag","embeddable":true,"href":"https:\/\/corrientesdetarde.com\/index.php\/wp-json\/wp\/v2\/tags?post=269404"}],"curies":[{"name":"wp","href":"https:\/\/api.w.org\/{rel}","templated":true}]}}