{"id":269407,"date":"2026-08-30T22:46:34","date_gmt":"2026-08-31T01:46:34","guid":{"rendered":"https:\/\/corrientesdetarde.com\/?p=269407"},"modified":"2026-08-30T22:46:46","modified_gmt":"2026-08-31T01:46:46","slug":"la-inesperada-revelacion-sobre-los-primeros-anos-de-tini-stoessel-que-vuelve-a-poner-a-su-familia-en-el-centro","status":"publish","type":"post","link":"https:\/\/corrientesdetarde.com\/index.php\/espectaculos\/la-inesperada-revelacion-sobre-los-primeros-anos-de-tini-stoessel-que-vuelve-a-poner-a-su-familia-en-el-centro\/","title":{"rendered":"La inesperada revelaci\u00f3n sobre los primeros a\u00f1os de Tini Stoessel que vuelve a poner a su familia en el centro"},"content":{"rendered":"\n<p>Nueva informaci\u00f3n sobre la etapa en la que la cantante se convirti\u00f3 en una figura juvenil volvi\u00f3 a poner el foco en la influencia de su entorno.<\/p>\n\n\n\n<p id=\"p-1788015036822-63222\">El conflicto entre&nbsp;<strong>Tini Stoessel y sus padres<\/strong>&nbsp;sum\u00f3 una nueva mirada desde afuera. Esta vez,&nbsp;<strong>Ronnie Arias<\/strong>&nbsp;record\u00f3 c\u00f3mo era el entorno de la cantante cuando todav\u00eda era una adolescente y comenzaba a consolidarse como una de las figuras juveniles m\u00e1s populares del pa\u00eds.<\/p>\n\n\n\n<p id=\"p-1788015036823-13394\">Durante una charla en&nbsp;<em>\u00c1ngel Responde<\/em>, el conductor habl\u00f3 desde su propia experiencia con la artista y reconstruy\u00f3 algunas de las situaciones que, seg\u00fan cont\u00f3, presenci\u00f3 durante las entrevistas que Tini realizaba en aquellos a\u00f1os.<\/p>\n\n\n\n<p id=\"p-1788015036823-68145\">&#8220;Mariana la acompa\u00f1aba a Tini hasta al ba\u00f1o&#8221;, asegur\u00f3 Arias al referirse a&nbsp;<strong>Mariana Muzlera<\/strong>, madre de la cantante. Y agreg\u00f3 que durante las entrevistas que compartieron en&nbsp;<em>La 100<\/em>&nbsp;ella interven\u00eda para indicarle qu\u00e9 deb\u00eda responder.<\/p>\n\n\n\n<p id=\"p-1788015036823-76948\">Pero el recuerdo fue todav\u00eda m\u00e1s contundente cuando Arias hizo referencia a una de las apariciones televisivas de Tini: &#8220;<strong>La tuvieron como un personaje de Disney. En la mesa de Mirtha estaba Mariana del otro lado haci\u00e9ndole se\u00f1as, una chica manejada<\/strong>&#8220;.<\/p>\n\n\n\n<figure class=\"wp-block-image\"><img decoding=\"async\" src=\"https:\/\/media.minutouno.com\/p\/982b87bb2201e05b3000b6872ad83e9b\/adjuntos\/150\/imagenes\/043\/610\/0043610970\/portada-mama-tini-2.jpg?2026-08-28-16-14-22\" alt=\"Tini Stoessel y su mam&amp;, Mariana Muzlera.\"\/><\/figure>\n\n\n\n<p id=\"p-1788016021586-80261\">Tini Stoessel y su mam\u00e1, Mariana Muzlera.<\/p>\n\n\n\n<h2 class=\"wp-block-heading\">&nbsp;<\/h2>\n\n\n\n<h2 class=\"wp-block-heading\">&nbsp;<\/h2>\n\n\n\n<h2 class=\"wp-block-heading\">&nbsp;<\/h2>\n\n\n\n<h2 class=\"wp-block-heading\">&nbsp;<\/h2>\n\n\n\n<h2 class=\"wp-block-heading\">Una mirada sobre los a\u00f1os en los que Tini Stoessel todav\u00eda era una adolescente<\/h2>\n\n\n\n<p id=\"p-1788015036823-32607\">Las declaraciones se producen en un momento particular para la cantante. Las versiones sobre una auditor\u00eda vinculada a la administraci\u00f3n de los negocios construidos durante su carrera y el posterior distanciamiento de parte de su entorno familiar volvieron a poner bajo la lupa una etapa que hasta ahora hab\u00eda sido contada, principalmente, desde el \u00e9xito profesional.<\/p>\n\n\n\n<p id=\"p-1788015036823-8714\">En la mesa de&nbsp;<em>\u00c1ngel Responde<\/em>, los dichos de Arias derivaron en una discusi\u00f3n sobre lo que puede significar para una persona adulta cuestionar o alejarse de una estructura familiar que estuvo ligada durante a\u00f1os a su vida personal y profesional.<\/p>\n\n\n\n<p id=\"p-1788015036823-36490\">Romina Scalora plante\u00f3 que esa ruptura podr\u00eda ser especialmente dif\u00edcil para Tini:&nbsp;<strong>&#8220;Muchos dicen que ella es c\u00f3moda, pero debe ser muy duro para ella porque est\u00e1 educada en un tipo de familia muy particular; esto debe ser una ruptura de una forma de ser hija&#8221;.<\/strong><\/p>\n\n\n\n<p id=\"p-1788015036823-13449\">\u00c1ngel de Brito, en tanto, puso el foco en el impacto emocional que podr\u00eda tener la situaci\u00f3n para la artista. &#8220;Imaginate la decepci\u00f3n para esa hija, le cambi\u00f3 el mundo&#8221;, expres\u00f3.<\/p>\n\n\n\n<p id=\"p-1788015036823-8985\">As\u00ed, mientras el conflicto familiar contin\u00faa generando versiones y especulaciones, el recuerdo de Ronnie Arias volvi\u00f3 a instalar una pregunta sobre&nbsp;<strong>c\u00f3mo fueron realmente los primeros a\u00f1os de Tini detr\u00e1s de la enorme exposici\u00f3n que alcanz\u00f3 desde muy joven<\/strong>.<\/p>\n","protected":false},"excerpt":{"rendered":"<p>Nueva informaci\u00f3n sobre la etapa en la que la cantante se convirti\u00f3 en una figura juvenil volvi\u00f3 a poner el foco en la influencia de su entorno. El conflicto entre&nbsp;Tini&hellip; <\/p>\n","protected":false},"author":4,"featured_media":269408,"comment_status":"closed","ping_status":"open","sticky":false,"template":"","format":"standard","meta":{"footnotes":""},"categories":[19],"tags":[],"class_list":["post-269407","post","type-post","status-publish","format-standard","has-post-thumbnail","hentry","category-espectaculos"],"_links":{"self":[{"href":"https:\/\/corrientesdetarde.com\/index.php\/wp-json\/wp\/v2\/posts\/269407","targetHints":{"allow":["GET"]}}],"collection":[{"href":"https:\/\/corrientesdetarde.com\/index.php\/wp-json\/wp\/v2\/posts"}],"about":[{"href":"https:\/\/corrientesdetarde.com\/index.php\/wp-json\/wp\/v2\/types\/post"}],"author":[{"embeddable":true,"href":"https:\/\/corrientesdetarde.com\/index.php\/wp-json\/wp\/v2\/users\/4"}],"replies":[{"embeddable":true,"href":"https:\/\/corrientesdetarde.com\/index.php\/wp-json\/wp\/v2\/comments?post=269407"}],"version-history":[{"count":1,"href":"https:\/\/corrientesdetarde.com\/index.php\/wp-json\/wp\/v2\/posts\/269407\/revisions"}],"predecessor-version":[{"id":269409,"href":"https:\/\/corrientesdetarde.com\/index.php\/wp-json\/wp\/v2\/posts\/269407\/revisions\/269409"}],"wp:featuredmedia":[{"embeddable":true,"href":"https:\/\/corrientesdetarde.com\/index.php\/wp-json\/wp\/v2\/media\/269408"}],"wp:attachment":[{"href":"https:\/\/corrientesdetarde.com\/index.php\/wp-json\/wp\/v2\/media?parent=269407"}],"wp:term":[{"taxonomy":"category","embeddable":true,"href":"https:\/\/corrientesdetarde.com\/index.php\/wp-json\/wp\/v2\/categories?post=269407"},{"taxonomy":"post_tag","embeddable":true,"href":"https:\/\/corrientesdetarde.com\/index.php\/wp-json\/wp\/v2\/tags?post=269407"}],"curies":[{"name":"wp","href":"https:\/\/api.w.org\/{rel}","templated":true}]}}