{"id":269421,"date":"2026-08-31T08:30:42","date_gmt":"2026-08-31T11:30:42","guid":{"rendered":"https:\/\/corrientesdetarde.com\/?p=269421"},"modified":"2026-08-31T08:30:54","modified_gmt":"2026-08-31T11:30:54","slug":"como-estara-el-clima-este-31-de-agosto-en-corrientes","status":"publish","type":"post","link":"https:\/\/corrientesdetarde.com\/index.php\/locales\/como-estara-el-clima-este-31-de-agosto-en-corrientes\/","title":{"rendered":"\u00bfComo estara el clima este 31 de agosto en Corrientes?"},"content":{"rendered":"\n<p>La ciudad de Corrientes inicia la semana con inestabilidad clim\u00e1tica y visibilidad reducida en las primeras horas. Seg\u00fan los datos oficiales del Servicio Meteorol\u00f3gico Nacional (SMN), se espera una jornada de templada a fresca, con probabilidad de tormentas aisladas durante la ma\u00f1ana y cielo cubierto para el resto del d\u00eda.<\/p>\n\n\n\n<p>A las 6 de la ma\u00f1ana, la capital provincial registr\u00f3 una temperatura de&nbsp;<strong>17.1 \u00b0C<\/strong>, bajo un cielo&nbsp;<strong>nublado con niebla<\/strong>&nbsp;y una elevada humedad del&nbsp;<strong>90%<\/strong>. En ese momento, el viento soplaba muy leve desde el sector&nbsp;<strong>Sudeste a 4 km\/h<\/strong>, con la visibilidad reducida a tan solo&nbsp;<strong>0.9 kil\u00f3metros<\/strong>&nbsp;debido al fen\u00f3meno de niebla. La presi\u00f3n atmosf\u00e9rica marc\u00f3&nbsp;<strong>999.2 hPa<\/strong>, mientras que la salida del sol se registr\u00f3 a las&nbsp;<strong>07:10<\/strong>&nbsp;y su puesta se prev\u00e9 para las&nbsp;<strong>18:42<\/strong>.<\/p>\n\n\n\n<p><strong>Por la ma\u00f1ana<\/strong>, la temperatura se mantendr\u00e1 en&nbsp;<strong>17 \u00b0C<\/strong>&nbsp;con probabilidad de&nbsp;<strong>tormentas aisladas<\/strong>&nbsp;de entre el&nbsp;<strong>40 y 70%<\/strong>. El viento soplar\u00e1 desde el sector&nbsp;<strong>Sur<\/strong>&nbsp;a una velocidad de entre 7 y 12 km\/h.<\/p>\n\n\n\n<p><strong>Por la tarde<\/strong>, se alcanzar\u00e1 la temperatura m\u00e1xima prevista de&nbsp;<strong>23 \u00b0C<\/strong>. Se espera que las condiciones mejoren temporariamente, present\u00e1ndose un cielo&nbsp;<strong>mayormente nublado<\/strong>&nbsp;y con la probabilidad de precipitaciones disminuyendo por completo a un rango de entre 0 y 10%. El viento continuar\u00e1 del sector&nbsp;<strong>Sur<\/strong>, incrementando su intensidad a un rango de entre 13 y 22 km\/h.<\/p>\n\n\n\n<p><strong>Por la noche<\/strong>, el term\u00f3metro descender\u00e1 hasta los&nbsp;<strong>16 \u00b0C<\/strong>. El cielo continuar\u00e1&nbsp;<strong>mayormente nublado<\/strong>&nbsp;con baj\u00edsima probabilidad de precipitaciones (0-10%) y vientos del sector&nbsp;<strong>Sur<\/strong>&nbsp;a velocidades de entre 7 y 12 km\/h.<\/p>\n\n\n\n<h2 class=\"wp-block-heading\"><strong>PRON\u00d3STICO EXTENDIDO<\/strong><\/h2>\n\n\n\n<p>De acuerdo al informe oficial para los pr\u00f3ximos siete d\u00edas, se anticipa una semana con temperaturas agradables que ascender\u00e1n gradualmente hacia el jueves, seguidas por un&nbsp;<strong>marcado descenso t\u00e9rmico<\/strong>&nbsp;de cara al pr\u00f3ximo domingo:<\/p>\n\n\n\n<ul class=\"wp-block-list\">\n<li><strong>Martes 1 de septiembre:<\/strong>\u00a0El nuevo mes iniciar\u00e1 con temperaturas de entre 12 \u00b0C de m\u00ednima y\u00a0<strong>24 \u00b0C<\/strong>\u00a0de m\u00e1xima. Estar\u00e1 nublado por la ma\u00f1ana y noche, y despejado por la tarde, con vientos del sector Sudeste. Se prev\u00e9n\u00a0<strong>r\u00e1fagas de viento del Sudeste de entre 42 y 50 km\/h<\/strong>\u00a0durante la madrugada.<\/li>\n\n\n\n<li><strong>Mi\u00e9rcoles 2:<\/strong>\u00a0Se espera buen tiempo, con una m\u00ednima de 12 \u00b0C y una m\u00e1xima de\u00a0<strong>24 \u00b0C<\/strong>. El cielo estar\u00e1 despejado por la ma\u00f1ana y algo nublado por la tarde, con vientos leves del sector Noreste.<\/li>\n\n\n\n<li><strong>Jueves 3:<\/strong>\u00a0Ser\u00e1 la jornada m\u00e1s calurosa de la semana, con una m\u00ednima de 12 \u00b0C y una m\u00e1xima que llegar\u00e1 a los\u00a0<strong>28 \u00b0C<\/strong>\u00a0bajo un cielo completamente despejado. Los vientos soplar\u00e1n moderados del sector Noreste.<\/li>\n\n\n\n<li><strong>Viernes 4:<\/strong>\u00a0Se prev\u00e9 otra jornada agradable y despejada, con temperaturas entre los 14 \u00b0C y los\u00a0<strong>25 \u00b0C<\/strong>, con vientos del sector Noreste.<\/li>\n\n\n\n<li><strong>S\u00e1bado 5:<\/strong>\u00a0Regresar\u00e1 un incremento de nubosidad. La temperatura oscilar\u00e1 entre los 13 \u00b0C de m\u00ednima y los\u00a0<strong>22 \u00b0C<\/strong>\u00a0de m\u00e1xima, con cielo algo nublado por la ma\u00f1ana y nublado por la tarde\/noche. Se prev\u00e9n\u00a0<strong>r\u00e1fagas de viento del Sudeste de entre 42 y 50 km\/h<\/strong>\u00a0hacia el cierre del d\u00eda.<\/li>\n\n\n\n<li><strong>Domingo 6:<\/strong>\u00a0Se espera un\u00a0<strong>marcado descenso t\u00e9rmico<\/strong>, con una temperatura m\u00ednima de apenas\u00a0<strong>7 \u00b0C<\/strong>\u00a0y una m\u00e1xima de\u00a0<strong>17 \u00b0C<\/strong>. El cielo estar\u00e1 algo nublado por la ma\u00f1ana y despejado por la tarde\/noche, acompa\u00f1\u00e1ndose de\u00a0<strong>r\u00e1fagas de viento del Sudeste de entre 42 y 50 km\/h<\/strong>\u00a0en las primeras horas.<\/li>\n<\/ul>\n","protected":false},"excerpt":{"rendered":"<p>La ciudad de Corrientes inicia la semana con inestabilidad clim\u00e1tica y visibilidad reducida en las primeras horas. Seg\u00fan los datos oficiales del Servicio Meteorol\u00f3gico Nacional (SMN), se espera una jornada&hellip; <\/p>\n","protected":false},"author":4,"featured_media":269422,"comment_status":"closed","ping_status":"open","sticky":false,"template":"","format":"standard","meta":{"footnotes":""},"categories":[29,8],"tags":[],"class_list":["post-269421","post","type-post","status-publish","format-standard","has-post-thumbnail","hentry","category-clima","category-locales"],"_links":{"self":[{"href":"https:\/\/corrientesdetarde.com\/index.php\/wp-json\/wp\/v2\/posts\/269421","targetHints":{"allow":["GET"]}}],"collection":[{"href":"https:\/\/corrientesdetarde.com\/index.php\/wp-json\/wp\/v2\/posts"}],"about":[{"href":"https:\/\/corrientesdetarde.com\/index.php\/wp-json\/wp\/v2\/types\/post"}],"author":[{"embeddable":true,"href":"https:\/\/corrientesdetarde.com\/index.php\/wp-json\/wp\/v2\/users\/4"}],"replies":[{"embeddable":true,"href":"https:\/\/corrientesdetarde.com\/index.php\/wp-json\/wp\/v2\/comments?post=269421"}],"version-history":[{"count":1,"href":"https:\/\/corrientesdetarde.com\/index.php\/wp-json\/wp\/v2\/posts\/269421\/revisions"}],"predecessor-version":[{"id":269423,"href":"https:\/\/corrientesdetarde.com\/index.php\/wp-json\/wp\/v2\/posts\/269421\/revisions\/269423"}],"wp:featuredmedia":[{"embeddable":true,"href":"https:\/\/corrientesdetarde.com\/index.php\/wp-json\/wp\/v2\/media\/269422"}],"wp:attachment":[{"href":"https:\/\/corrientesdetarde.com\/index.php\/wp-json\/wp\/v2\/media?parent=269421"}],"wp:term":[{"taxonomy":"category","embeddable":true,"href":"https:\/\/corrientesdetarde.com\/index.php\/wp-json\/wp\/v2\/categories?post=269421"},{"taxonomy":"post_tag","embeddable":true,"href":"https:\/\/corrientesdetarde.com\/index.php\/wp-json\/wp\/v2\/tags?post=269421"}],"curies":[{"name":"wp","href":"https:\/\/api.w.org\/{rel}","templated":true}]}}