{"id":269424,"date":"2026-08-31T08:38:46","date_gmt":"2026-08-31T11:38:46","guid":{"rendered":"https:\/\/corrientesdetarde.com\/?p=269424"},"modified":"2026-08-31T08:38:50","modified_gmt":"2026-08-31T11:38:50","slug":"detuvieron-a-los-sospechosos-de-asaltar-y-herir-a-un-jubilado","status":"publish","type":"post","link":"https:\/\/corrientesdetarde.com\/index.php\/policiales\/detuvieron-a-los-sospechosos-de-asaltar-y-herir-a-un-jubilado\/","title":{"rendered":"Detuvieron a los sospechosos de asaltar y herir a un jubilado"},"content":{"rendered":"\n<p>El hecho ocurri\u00f3 durante la madrugada de este domingo. Tras el an\u00e1lisis de las c\u00e1maras de seguridad, efectivos de la Direcci\u00f3n de Investigaci\u00f3n Criminal localizaron a dos hombres en situaci\u00f3n de calle. Se secuestr\u00f3 un arma blanca.<\/p>\n\n\n\n<p>Dos hombres mayores de edad fueron aprehendidos este domingo por la tarde tras una eficaz investigaci\u00f3n encabezada por la Polic\u00eda provincial, se\u00f1alados como los presuntos autores de un violento asalto perpetrado durante la madrugada contra un jubilado de 72 a\u00f1os en el sector norte de la capital.<\/p>\n\n\n\n<p>El violento suceso tuvo lugar en inmediaciones del pasaje Catuegno al 1100, donde la v\u00edctima fue abordada por dos delincuentes que le provocaron lesiones de consideraci\u00f3n para despojarlo de sus pertenencias.<\/p>\n\n\n\n<p>Tras tomar conocimiento de lo ocurrido, personal de la Direcci\u00f3n de Investigaci\u00f3n Criminal (D.I.C.), en labor conjunta con efectivos de la Comisar\u00eda Seccional Quinta Urbana y bajo las directivas de la Unidad Fiscal de turno, desplegaron un dispositivo de rastrillaje que incluy\u00f3 el relevamiento y an\u00e1lisis minucioso de c\u00e1maras de seguridad p\u00fablicas y privadas de la zona.<\/p>\n\n\n\n<p>El material audiovisual obtenido result\u00f3 determinante para la causa: las im\u00e1genes captaron las secuencias del ataque y permitieron individualizar las caracter\u00edsticas f\u00edsicas y la vestimenta de los sospechosos.<\/p>\n\n\n\n<p>Con los datos recabados, las cuadrillas investigativas concretaron la localizaci\u00f3n y posterior aprehensi\u00f3n de los dos individuos en la v\u00eda p\u00fablica. Al momento del procedimiento, ambos sujetos \u2014quienes se encontrar\u00edan en situaci\u00f3n de calle\u2014 vest\u00edan prendas de vestir coincidentes con las observadas en las filmaciones de la escena del crimen.<\/p>\n\n\n\n<p>Asimismo, durante la requisa preventiva las fuerzas de seguridad procedieron al secuestro de un arma blanca, elemento que habr\u00eda sido utilizado para intimidar y herir al anciano durante el atraco.<\/p>\n\n\n\n<p>Los detenidos y el elemento punzocortante incautado fueron trasladados a la sede policial y puestos a disposici\u00f3n de la Justicia, mientras se completan las diligencias sumariales de rigor para cerrar la instrucci\u00f3n de la causa.<\/p>\n","protected":false},"excerpt":{"rendered":"<p>El hecho ocurri\u00f3 durante la madrugada de este domingo. Tras el an\u00e1lisis de las c\u00e1maras de seguridad, efectivos de la Direcci\u00f3n de Investigaci\u00f3n Criminal localizaron a dos hombres en situaci\u00f3n&hellip; <\/p>\n","protected":false},"author":4,"featured_media":269425,"comment_status":"closed","ping_status":"open","sticky":false,"template":"","format":"standard","meta":{"footnotes":""},"categories":[33],"tags":[],"class_list":["post-269424","post","type-post","status-publish","format-standard","has-post-thumbnail","hentry","category-policiales"],"_links":{"self":[{"href":"https:\/\/corrientesdetarde.com\/index.php\/wp-json\/wp\/v2\/posts\/269424","targetHints":{"allow":["GET"]}}],"collection":[{"href":"https:\/\/corrientesdetarde.com\/index.php\/wp-json\/wp\/v2\/posts"}],"about":[{"href":"https:\/\/corrientesdetarde.com\/index.php\/wp-json\/wp\/v2\/types\/post"}],"author":[{"embeddable":true,"href":"https:\/\/corrientesdetarde.com\/index.php\/wp-json\/wp\/v2\/users\/4"}],"replies":[{"embeddable":true,"href":"https:\/\/corrientesdetarde.com\/index.php\/wp-json\/wp\/v2\/comments?post=269424"}],"version-history":[{"count":1,"href":"https:\/\/corrientesdetarde.com\/index.php\/wp-json\/wp\/v2\/posts\/269424\/revisions"}],"predecessor-version":[{"id":269426,"href":"https:\/\/corrientesdetarde.com\/index.php\/wp-json\/wp\/v2\/posts\/269424\/revisions\/269426"}],"wp:featuredmedia":[{"embeddable":true,"href":"https:\/\/corrientesdetarde.com\/index.php\/wp-json\/wp\/v2\/media\/269425"}],"wp:attachment":[{"href":"https:\/\/corrientesdetarde.com\/index.php\/wp-json\/wp\/v2\/media?parent=269424"}],"wp:term":[{"taxonomy":"category","embeddable":true,"href":"https:\/\/corrientesdetarde.com\/index.php\/wp-json\/wp\/v2\/categories?post=269424"},{"taxonomy":"post_tag","embeddable":true,"href":"https:\/\/corrientesdetarde.com\/index.php\/wp-json\/wp\/v2\/tags?post=269424"}],"curies":[{"name":"wp","href":"https:\/\/api.w.org\/{rel}","templated":true}]}}