{"id":269430,"date":"2026-08-31T08:45:49","date_gmt":"2026-08-31T11:45:49","guid":{"rendered":"https:\/\/corrientesdetarde.com\/?p=269430"},"modified":"2026-08-31T08:45:53","modified_gmt":"2026-08-31T11:45:53","slug":"murio-un-ciclista-que-estaba-internado-tras-un-choque","status":"publish","type":"post","link":"https:\/\/corrientesdetarde.com\/index.php\/policiales\/murio-un-ciclista-que-estaba-internado-tras-un-choque\/","title":{"rendered":"Muri\u00f3 un ciclista que estaba internado tras un choque"},"content":{"rendered":"\n<p>El hombre de apellido Barbona permanec\u00eda internado desde el 26 de agosto. El impacto ocurri\u00f3 en el cruce de la avenida Islas Malvinas y calle Buenos Aires.<\/p>\n\n\n\n<p>En la madrugada de este domingo 30 de agosto, un hombre de 75 a\u00f1os de apellido Barbona falleci\u00f3 en el hospital de Santa Luc\u00eda tras permanecer cuatro d\u00edas internado en grave estado. La v\u00edctima hab\u00eda ingresado al centro de salud el pasado mi\u00e9rcoles 26 de agosto, luego de sufrir severas lesiones al chocar en su bicicleta contra una motocicleta conducida por un joven de 24 a\u00f1os, en una causa que investiga la Polic\u00eda local para determinar c\u00f3mo se produjo el hecho.<\/p>\n\n\n\n<p>El accidente se registr\u00f3 en la intersecci\u00f3n de la avenida Islas Malvinas y calle Buenos Aires. Seg\u00fan los primeros datos recabados por los investigadores, el hombre de 75 a\u00f1os se desplazaba a bordo de una bicicleta Energy cuando, por motivos que todav\u00eda se intentan esclarecer, se produjo el impacto contra una moto Honda Wave en la que circulaba el joven de 24 a\u00f1os.<\/p>\n\n\n\n<p>A ra\u00edz de la fuerza del choque y las heridas sufridas en el lugar, el ciclista tuvo que ser asistido de urgencia por los servicios de emergencias y trasladado de inmediato al hospital local para recibir atenci\u00f3n m\u00e9dica.<\/p>\n\n\n\n<p>A pesar de los esfuerzos de los profesionales de la salud, el cuadro del paciente empeor\u00f3 con el paso de las horas y se confirm\u00f3 su fallecimiento durante las primeras horas de este domingo. En el caso interviene el personal de la Comisar\u00eda de Distrito Santa Luc\u00eda, donde se iniciaron las actuaciones correspondientes para avanzar con los tr\u00e1mites legales y periciales de rigor.<\/p>\n","protected":false},"excerpt":{"rendered":"<p>El hombre de apellido Barbona permanec\u00eda internado desde el 26 de agosto. El impacto ocurri\u00f3 en el cruce de la avenida Islas Malvinas y calle Buenos Aires. En la madrugada&hellip; <\/p>\n","protected":false},"author":4,"featured_media":269431,"comment_status":"closed","ping_status":"open","sticky":false,"template":"","format":"standard","meta":{"footnotes":""},"categories":[33],"tags":[],"class_list":["post-269430","post","type-post","status-publish","format-standard","has-post-thumbnail","hentry","category-policiales"],"_links":{"self":[{"href":"https:\/\/corrientesdetarde.com\/index.php\/wp-json\/wp\/v2\/posts\/269430","targetHints":{"allow":["GET"]}}],"collection":[{"href":"https:\/\/corrientesdetarde.com\/index.php\/wp-json\/wp\/v2\/posts"}],"about":[{"href":"https:\/\/corrientesdetarde.com\/index.php\/wp-json\/wp\/v2\/types\/post"}],"author":[{"embeddable":true,"href":"https:\/\/corrientesdetarde.com\/index.php\/wp-json\/wp\/v2\/users\/4"}],"replies":[{"embeddable":true,"href":"https:\/\/corrientesdetarde.com\/index.php\/wp-json\/wp\/v2\/comments?post=269430"}],"version-history":[{"count":1,"href":"https:\/\/corrientesdetarde.com\/index.php\/wp-json\/wp\/v2\/posts\/269430\/revisions"}],"predecessor-version":[{"id":269432,"href":"https:\/\/corrientesdetarde.com\/index.php\/wp-json\/wp\/v2\/posts\/269430\/revisions\/269432"}],"wp:featuredmedia":[{"embeddable":true,"href":"https:\/\/corrientesdetarde.com\/index.php\/wp-json\/wp\/v2\/media\/269431"}],"wp:attachment":[{"href":"https:\/\/corrientesdetarde.com\/index.php\/wp-json\/wp\/v2\/media?parent=269430"}],"wp:term":[{"taxonomy":"category","embeddable":true,"href":"https:\/\/corrientesdetarde.com\/index.php\/wp-json\/wp\/v2\/categories?post=269430"},{"taxonomy":"post_tag","embeddable":true,"href":"https:\/\/corrientesdetarde.com\/index.php\/wp-json\/wp\/v2\/tags?post=269430"}],"curies":[{"name":"wp","href":"https:\/\/api.w.org\/{rel}","templated":true}]}}