{"id":269436,"date":"2026-08-31T09:46:06","date_gmt":"2026-08-31T12:46:06","guid":{"rendered":"https:\/\/corrientesdetarde.com\/?p=269436"},"modified":"2026-08-31T09:46:18","modified_gmt":"2026-08-31T12:46:18","slug":"vialidad-nacional-informo-sobre-un-corte-total-en-el-transito-por-rn-14-en-el-ingreso-a-misiones","status":"publish","type":"post","link":"https:\/\/corrientesdetarde.com\/index.php\/actualidad\/vialidad-nacional-informo-sobre-un-corte-total-en-el-transito-por-rn-14-en-el-ingreso-a-misiones\/","title":{"rendered":"Vialidad Nacional inform\u00f3 sobre un corte total en el tr\u00e1nsito por RN 14 en el ingreso a Misiones"},"content":{"rendered":"\n<p>Desde Vialidad Nacional se informa que habr\u00e1 un corte total de la RN 14 desde las 7:00 hs del martes 1 de septiembre, por trabajos de emergencia en la alcantarilla del km 788,16 (arroyo Pindapoy Grande). La duraci\u00f3n estimada de la obra ser\u00e1 por 25 d\u00edas corridos, seg\u00fan clima y avance de obra.<\/p>\n\n\n\n<p>Desv\u00edo coordinado (ambos sentidos):<br>Km 767,8 de la RN 14 \u27a1\ufe0f RP 71 (Corrientes) \u27a1\ufe0f RP 10 \u27a1\ufe0f RP 1 (Misiones) hasta la rotonda de la RN 14 en el km 791. En sentido descendente, a la inversa.<\/p>\n\n\n\n<p>La RN 14 es una de las principales v\u00edas de ingreso a Misiones: se pide a transportistas de carga y empresas de pasajeros prever el recorrido alternativo y contemplar tiempo adicional de viaje.<\/p>\n\n\n\n<p>La obra refuerza el sistema de drenaje ante el fen\u00f3meno &#8220;El Ni\u00f1o&#8221;. Se ejecuta con equipos propios y en coordinaci\u00f3n con Gendarmer\u00eda Nacional.<\/p>\n\n\n\n<figure class=\"wp-block-image\"><img decoding=\"async\" src=\"https:\/\/www.radiodos.com.ar\/content\/bucket\/7\/292317w790h558c.jpg.webp\" alt=\"\"\/><\/figure>\n","protected":false},"excerpt":{"rendered":"<p>Desde Vialidad Nacional se informa que habr\u00e1 un corte total de la RN 14 desde las 7:00 hs del martes 1 de septiembre, por trabajos de emergencia en la alcantarilla&hellip; <\/p>\n","protected":false},"author":4,"featured_media":269441,"comment_status":"closed","ping_status":"open","sticky":false,"template":"","format":"standard","meta":{"footnotes":""},"categories":[23],"tags":[],"class_list":["post-269436","post","type-post","status-publish","format-standard","has-post-thumbnail","hentry","category-actualidad"],"_links":{"self":[{"href":"https:\/\/corrientesdetarde.com\/index.php\/wp-json\/wp\/v2\/posts\/269436","targetHints":{"allow":["GET"]}}],"collection":[{"href":"https:\/\/corrientesdetarde.com\/index.php\/wp-json\/wp\/v2\/posts"}],"about":[{"href":"https:\/\/corrientesdetarde.com\/index.php\/wp-json\/wp\/v2\/types\/post"}],"author":[{"embeddable":true,"href":"https:\/\/corrientesdetarde.com\/index.php\/wp-json\/wp\/v2\/users\/4"}],"replies":[{"embeddable":true,"href":"https:\/\/corrientesdetarde.com\/index.php\/wp-json\/wp\/v2\/comments?post=269436"}],"version-history":[{"count":1,"href":"https:\/\/corrientesdetarde.com\/index.php\/wp-json\/wp\/v2\/posts\/269436\/revisions"}],"predecessor-version":[{"id":269442,"href":"https:\/\/corrientesdetarde.com\/index.php\/wp-json\/wp\/v2\/posts\/269436\/revisions\/269442"}],"wp:featuredmedia":[{"embeddable":true,"href":"https:\/\/corrientesdetarde.com\/index.php\/wp-json\/wp\/v2\/media\/269441"}],"wp:attachment":[{"href":"https:\/\/corrientesdetarde.com\/index.php\/wp-json\/wp\/v2\/media?parent=269436"}],"wp:term":[{"taxonomy":"category","embeddable":true,"href":"https:\/\/corrientesdetarde.com\/index.php\/wp-json\/wp\/v2\/categories?post=269436"},{"taxonomy":"post_tag","embeddable":true,"href":"https:\/\/corrientesdetarde.com\/index.php\/wp-json\/wp\/v2\/tags?post=269436"}],"curies":[{"name":"wp","href":"https:\/\/api.w.org\/{rel}","templated":true}]}}