{"id":269443,"date":"2026-08-31T09:51:41","date_gmt":"2026-08-31T12:51:41","guid":{"rendered":"https:\/\/corrientesdetarde.com\/?p=269443"},"modified":"2026-08-31T10:09:23","modified_gmt":"2026-08-31T13:09:23","slug":"cierre-de-musimundo-en-corrientes-nos-enteramos-esa-misma-noche","status":"publish","type":"post","link":"https:\/\/corrientesdetarde.com\/index.php\/actualidad\/cierre-de-musimundo-en-corrientes-nos-enteramos-esa-misma-noche\/","title":{"rendered":"Cierre de Musimundo en Corrientes: &#8220;Nos enteramos esa misma noche&#8221;"},"content":{"rendered":"\n<p>La firma chaque\u00f1a CARSA S.A baj\u00f3 persianas y despidi\u00f3 la totalidad de sus empleados en sucursales de Capital y el interior de la provincia. Aseguran que la empresa &#8220;quebr\u00f3&#8221; y hay preocupaci\u00f3n por el cobro de indemnizaciones. &#8220;La situaci\u00f3n es cr\u00edtica&#8221;, dijeron desde el Sindicato. Lo&nbsp; mismo sucedi\u00f3 en los locales de Goya, Paso de los Libres y Curuz\u00fa Cuati\u00e1.&nbsp;<\/p>\n\n\n\n<p>Imag\u00ednate estar en tu trabajo, en plena tranquilidad y dispuesto a llevar otra semana de normalidad. Minutos antes del fin de la jornada laboral, el principal responsable de tu \u00e1rea pide una reuni\u00f3n y sin muchas explicaciones les dice a todo el equipo: &#8220;Hasta ac\u00e1 llegamos&#8221;.<\/p>\n\n\n\n<p>Eso fue lo que le pas\u00f3 este s\u00e1bado a la noche a 12 empleados de la sucursal de Musimundo, ubicada en la peatonal Jun\u00edn. Al aviso de cierre definitivo se le sumaron otros tres locales en Capital, uno en Paso de Los Libres, uno en Goya y otro en Curuz\u00fa Cuati\u00e1.<\/p>\n\n\n\n<p>&#8220;Recibimos la noticia a las 20:15, unos minutos antes de irnos a casa. El gerente nos reuni\u00f3 y nos coment\u00f3 la decisi\u00f3n que hab\u00edan tomado, no lo pod\u00edamos creer&#8221;, precis\u00f3 un trabajador de la sucursal de Jun\u00edn. En la misma charla, el equipo recibi\u00f3 la promesa de que este lunes llegar\u00edan los telegramas correspondientes.<\/p>\n\n\n\n<p>M\u00e1s detalles acerca de la indemnizaci\u00f3n o otros procedimientos legales de acuerdo a lo que garantiza el derecho no fueron explicitados por los propietarios. &#8220;Lo \u00fanico que sabemos es que quebr\u00f3 la empresa&#8221;, dijo el exvendedor que hace 22 a\u00f1os trabajaba para la firma chaque\u00f1a CARSA S.A.<\/p>\n\n\n\n<p>A futuro y en s\u00edntesis, prima la incertidumbre entre lo extrabajadores de la casa de electrodom\u00e9sticos. De lejos ya avizoran largas y personales batallas judiciales para establecer, como m\u00ednimo, montos justos de indemnizaciones. Sin embargo, el detalle de un &#8220;quiebre&#8221; de la empresa vuelve m\u00e1s complejo todo el tr\u00e1mite. Es decir que CARSA S.A atraviesa una situaci\u00f3n de insolvencia legal y financiera total, donde sus deudas (pasivos) superan ampliamente a sus recursos disponibles (activos) y ya no puede hacer frente a sus obligaciones comerciales.<\/p>\n\n\n\n<p>&#8220;De todas maneras la situaci\u00f3n era insostenible. En los \u00faltimos tiempos ya no llegaba m\u00e1s mercader\u00eda&#8221;, coment\u00f3 el exencargado de ventas en el sal\u00f3n. A la sucursal de Jun\u00edn en Capital se le sum\u00f3 las ubicadas sobre avenida 3 de Abril y Maip\u00fa; avenida Cazadores Correntinos y Juan Jos\u00e9 Castelli; y el Shopping Centenario.<\/p>\n\n\n\n<p>Desde el Sindicato de Empleados de Comercio de Corrientes calificaron la situaci\u00f3n como &#8220;extremadamente dif\u00edcil y cr\u00edtica&#8221;. A la vez que manifestaron que el cierre los tom\u00f3 por sorpresa al igual que a toda la sociedad en su conjunto. &#8220;Ma\u00f1ana (por hoy) vamos a tomar contacto con todos los trabajadores y a partir de all\u00ed definiremos medidas&#8221;, aseguraron fuentes oficiales.<\/p>\n\n\n\n<h2 class=\"wp-block-heading\">Tambi\u00e9n en el interior<\/h2>\n\n\n\n<p>En el interior de Corrientes, se confirm\u00f3 que bajaron las persianas en Curuz\u00fa Cuati\u00e1, Paso de los Libres y Goya. Vale recordar que la cadena tambi\u00e9n est\u00e1 presente en Bella Vista, Monte Caseros, Mercedes, Ituzaing\u00f3 y Gobernador Virasoro.<\/p>\n\n\n\n<p>Seg\u00fan trascendi\u00f3 ayer desde Curuz\u00fa Cuati\u00e1, algunos empleados ten\u00edan la ilusi\u00f3n de que la empresa sea tomada por otros due\u00f1os. Aunque los m\u00e1s realistas esperan sus indemnizaciones con pagos en cuotas.<\/p>\n\n\n\n<p>Al igual que en Capital, en los \u00faltimos dos meses la empresa no stockeaba a la sucursal de Curuz\u00fa Cuati\u00e1. Y algunos medios aseguran que pagaban sueldos a cuenta gotas.<\/p>\n\n\n\n<h2 class=\"wp-block-heading\">\u00bfCr\u00f3nica de una muerte anunciada?<\/h2>\n\n\n\n<p>No hay que ser un estadista ni especialista en econom\u00eda para darse cuenta que solo dos casas de electrodom\u00e9sticos, de las cinco presentes, concentraban las ventas sobre peatonal Jun\u00edn. El resto, con salones vac\u00edos y financiaciones con tasas elevadas, dejan en evidencia una profunda crisis en el sector.<\/p>\n\n\n\n<p>Pero en el caso de CARSA S.A, el problema viene siendo anunciado. En julio trascendi\u00f3 que la empresa tiene un pasivo de $63.503 millones, adem\u00e1s de importantes montos en cheques rechazados y documentos de pago diferido. As\u00ed, los due\u00f1os abrieron un concurso preventivo de crisis para salvarse a s\u00ed mismos.<\/p>\n\n\n\n<p>La crisis se profundiz\u00f3 en los \u00faltimos a\u00f1os debido a la ca\u00edda del consumo, el encarecimiento del cr\u00e9dito y las dificultades para financiar el capital de trabajo, en un contexto de cambios en el mercado de electrodom\u00e9sticos y tecnolog\u00eda.<\/p>\n\n\n\n<p>Como parte de su intento por obtener liquidez y reducir costos, CARSA dise\u00f1\u00f3 un fuerte plan de reestructuraci\u00f3n que contemplaba vender hasta 45 de sus aproximadamente 50 locales, detall\u00f3 en su momento la p\u00e1gina I Profesional. El objetivo era renegociar las deudas con bancos, proveedores y otros acreedores, preservar la empresa y sostener los puestos de trabajo de unos 2.000 empleados.<\/p>\n\n\n\n<h2 class=\"wp-block-heading\">Una medida que afect\u00f3 al NEA<\/h2>\n\n\n\n<p>Hasta ayer a la noche, Misiones contabilizaba cierres y despidos en Posadas, Alem, Ap\u00f3stoles y Jard\u00edn Am\u00e9rica.<\/p>\n\n\n\n<p>A su vez se reportaron la ca\u00edda de sucursales en Barranqueras, Resistencia y Formosa.<\/p>\n","protected":false},"excerpt":{"rendered":"<p>La firma chaque\u00f1a CARSA S.A baj\u00f3 persianas y despidi\u00f3 la totalidad de sus empleados en sucursales de Capital y el interior de la provincia. Aseguran que la empresa &#8220;quebr\u00f3&#8221; y&hellip; <\/p>\n","protected":false},"author":4,"featured_media":269444,"comment_status":"closed","ping_status":"open","sticky":false,"template":"","format":"standard","meta":{"footnotes":""},"categories":[23],"tags":[],"class_list":["post-269443","post","type-post","status-publish","format-standard","has-post-thumbnail","hentry","category-actualidad"],"_links":{"self":[{"href":"https:\/\/corrientesdetarde.com\/index.php\/wp-json\/wp\/v2\/posts\/269443","targetHints":{"allow":["GET"]}}],"collection":[{"href":"https:\/\/corrientesdetarde.com\/index.php\/wp-json\/wp\/v2\/posts"}],"about":[{"href":"https:\/\/corrientesdetarde.com\/index.php\/wp-json\/wp\/v2\/types\/post"}],"author":[{"embeddable":true,"href":"https:\/\/corrientesdetarde.com\/index.php\/wp-json\/wp\/v2\/users\/4"}],"replies":[{"embeddable":true,"href":"https:\/\/corrientesdetarde.com\/index.php\/wp-json\/wp\/v2\/comments?post=269443"}],"version-history":[{"count":3,"href":"https:\/\/corrientesdetarde.com\/index.php\/wp-json\/wp\/v2\/posts\/269443\/revisions"}],"predecessor-version":[{"id":269447,"href":"https:\/\/corrientesdetarde.com\/index.php\/wp-json\/wp\/v2\/posts\/269443\/revisions\/269447"}],"wp:featuredmedia":[{"embeddable":true,"href":"https:\/\/corrientesdetarde.com\/index.php\/wp-json\/wp\/v2\/media\/269444"}],"wp:attachment":[{"href":"https:\/\/corrientesdetarde.com\/index.php\/wp-json\/wp\/v2\/media?parent=269443"}],"wp:term":[{"taxonomy":"category","embeddable":true,"href":"https:\/\/corrientesdetarde.com\/index.php\/wp-json\/wp\/v2\/categories?post=269443"},{"taxonomy":"post_tag","embeddable":true,"href":"https:\/\/corrientesdetarde.com\/index.php\/wp-json\/wp\/v2\/tags?post=269443"}],"curies":[{"name":"wp","href":"https:\/\/api.w.org\/{rel}","templated":true}]}}