{"id":269448,"date":"2026-08-31T10:19:46","date_gmt":"2026-08-31T13:19:46","guid":{"rendered":"https:\/\/corrientesdetarde.com\/?p=269448"},"modified":"2026-08-31T10:19:58","modified_gmt":"2026-08-31T13:19:58","slug":"donde-esta-el-arresto-domiciliario-cuestionan-regimen-especial-de-la-menor-imputada","status":"publish","type":"post","link":"https:\/\/corrientesdetarde.com\/index.php\/policiales\/donde-esta-el-arresto-domiciliario-cuestionan-regimen-especial-de-la-menor-imputada\/","title":{"rendered":"&#8220;\u00bfD\u00f3nde est\u00e1 el arresto domiciliario?&#8221;, cuestionan r\u00e9gimen especial de la menor imputada"},"content":{"rendered":"\n<p>La adolescente de&nbsp;17 a\u00f1os, sospechada de planear y encomendar el crimen cometido a manos de su pareja, se encuentra&nbsp;bajo un r\u00e9gimen especial de permanencia en un domicilio de Santo Tom\u00e9. La familia de la v\u00edctima Cecilia Lazcano, cuestion\u00f3 la medida y anunci\u00f3 que apelar\u00e1 la decisi\u00f3n.<\/p>\n\n\n\n<p>A un mes y medio del asesinato de Cecilia Lazcano, ocurrido en la localidad correntina de Alvear, una adolescente de 17 a\u00f1os fue imputada como coautora del crimen. Sin embargo, la Justicia dispuso para ella un r\u00e9gimen especial de permanencia en un domicilio de Santo Tom\u00e9, con autorizaci\u00f3n para concurrir a la escuela, realizar actividades sociales y trasladarse a la plaza con permiso de su madre.<\/p>\n\n\n\n<p>La medida gener\u00f3 un fuerte cuestionamiento por parte de la familia de la v\u00edctima, que reclama que la joven permanezca privada de su libertad mientras avanza la investigaci\u00f3n. El otro imputado menor de edad, se\u00f1alado como autor material del homicidio, permanece detenido.<\/p>\n\n\n\n<p>La causa est\u00e1 caratulada como homicidio agravado por alevos\u00eda, ensa\u00f1amiento y por el concurso premeditado de dos o m\u00e1s personas, seg\u00fan explic\u00f3 Juan Saucedo, abogado de la familia de Cecilia Lazcano.<\/p>\n\n\n\n<p>&#8220;Estoy indignada con lo que se resolvi\u00f3 en la audiencia&#8221;, manifest\u00f3 Corintia Vila, madre de la v\u00edctima. En declaraciones radiales, sostuvo que la adolescente &#8220;va a tener una vida normal en la ciudad de Santo Tom\u00e9&#8221; y cuestion\u00f3 que pueda asistir a un establecimiento educativo o concurrir a una plaza con autorizaci\u00f3n.<\/p>\n\n\n\n<p>&#8220;\u00bfD\u00f3nde est\u00e1 el arresto domiciliario? Se supone que un arresto domiciliario no sale ni a la vereda de la casa&#8221;, expres\u00f3 Vila.<\/p>\n\n\n\n<p>De acuerdo con lo se\u00f1alado por la familia, la resoluci\u00f3n establece que la joven no puede regresar a Alvear y debe permanecer en Santo Tom\u00e9 bajo la vigilancia de su madre. Tambi\u00e9n se habr\u00eda dispuesto que realice tratamiento psicol\u00f3gico y que gestione, en un plazo de cinco d\u00edas, el pase desde su escuela de Alvear a un establecimiento educativo de Santo Tom\u00e9.<\/p>\n\n\n\n<p>&#8220;No tiene ning\u00fan tipo de restricci\u00f3n para ir al colegio, hablar con quien quiera o salir de la casa. La \u00fanica prohibici\u00f3n que tiene es no salir de Santo Tom\u00e9 sin informar y no ir a Alvear&#8221;, cuestion\u00f3 Saucedo.<\/p>\n\n\n\n<h3 class=\"wp-block-heading\"><strong>&#8220;Parece un privilegio&#8221;<\/strong><\/h3>\n\n\n\n<p>El abogado de la familia calific\u00f3 la medida como &#8220;un privilegio&#8221; y sostuvo que no fue debidamente fundamentada durante la audiencia.<\/p>\n\n\n\n<p>&#8220;Lo \u00fanico que se invoc\u00f3 es el inter\u00e9s superior del ni\u00f1o y la presunci\u00f3n de inocencia, como para establecer estas pautas de privilegio&#8221;, afirm\u00f3 Saucedo. Tambi\u00e9n remarc\u00f3 que el otro imputado, que igualmente es menor de edad, permanece detenido.<\/p>\n\n\n\n<p>El letrado cuestion\u00f3 adem\u00e1s el desarrollo de la audiencia y se\u00f1al\u00f3 que inicialmente no estaba definido el domicilio donde la adolescente cumplir\u00eda el r\u00e9gimen dispuesto. Seg\u00fan relat\u00f3, la audiencia debi\u00f3 pasar a un cuarto intermedio hasta que se estableciera ese lugar.<\/p>\n\n\n\n<p>Saucedo asegur\u00f3 que la defensa de la familia present\u00f3 la apelaci\u00f3n en el mismo momento y que la decisi\u00f3n ser\u00e1 revisada por un tribunal de la ciudad de Mercedes.<\/p>\n\n\n\n<p>&#8220;No hay ninguna raz\u00f3n valedera que termine neutralizando los riesgos procesales&#8221;, sostuvo el abogado, quien tambi\u00e9n advirti\u00f3 que cualquier incumplimiento de las condiciones fijadas deber\u00eda ser denunciado ante la Justicia.<\/p>\n\n\n\n<h3 class=\"wp-block-heading\"><strong>La familia reclama que la joven quede detenida<\/strong><\/h3>\n\n\n\n<p>Vila confirm\u00f3 que solicitaron que la adolescente sea privada de su libertad, al igual que el otro acusado.<\/p>\n\n\n\n<p>&#8220;Ambos son culpables porque planificaron desde el 14 de julio todo lo que hicieron con mi hija&#8221;, manifest\u00f3 la mujer, seg\u00fan sus declaraciones. Adem\u00e1s, sostuvo que existen m\u00e1s personas involucradas en el crimen y expres\u00f3 su sospecha de que podr\u00edan tratarse de adultos, aunque aclar\u00f3 que no puede afirmarlo.<\/p>\n\n\n\n<p>La madre de Cecilia tambi\u00e9n cuestion\u00f3 el accionar del Ministerio P\u00fablico y dijo sentirse &#8220;enga\u00f1ada&#8221; por la postura adoptada durante la audiencia. En ese sentido, habl\u00f3 de posibles privilegios y pidi\u00f3 que la investigaci\u00f3n avance sin diferencias basadas en la condici\u00f3n econ\u00f3mica o social de los involucrados.<\/p>\n\n\n\n<p>La investigaci\u00f3n contin\u00faa mientras la familia espera la revisi\u00f3n de la medida impuesta a la adolescente. El caso tambi\u00e9n contempla el an\u00e1lisis de dispositivos electr\u00f3nicos pertenecientes a los padres de la menor, que \u2014seg\u00fan trascendi\u00f3\u2014 habr\u00edan sido entregados voluntariamente a los investigadores.<\/p>\n","protected":false},"excerpt":{"rendered":"<p>La adolescente de&nbsp;17 a\u00f1os, sospechada de planear y encomendar el crimen cometido a manos de su pareja, se encuentra&nbsp;bajo un r\u00e9gimen especial de permanencia en un domicilio de Santo Tom\u00e9.&hellip; <\/p>\n","protected":false},"author":4,"featured_media":269449,"comment_status":"closed","ping_status":"open","sticky":false,"template":"","format":"standard","meta":{"footnotes":""},"categories":[33],"tags":[],"class_list":["post-269448","post","type-post","status-publish","format-standard","has-post-thumbnail","hentry","category-policiales"],"_links":{"self":[{"href":"https:\/\/corrientesdetarde.com\/index.php\/wp-json\/wp\/v2\/posts\/269448","targetHints":{"allow":["GET"]}}],"collection":[{"href":"https:\/\/corrientesdetarde.com\/index.php\/wp-json\/wp\/v2\/posts"}],"about":[{"href":"https:\/\/corrientesdetarde.com\/index.php\/wp-json\/wp\/v2\/types\/post"}],"author":[{"embeddable":true,"href":"https:\/\/corrientesdetarde.com\/index.php\/wp-json\/wp\/v2\/users\/4"}],"replies":[{"embeddable":true,"href":"https:\/\/corrientesdetarde.com\/index.php\/wp-json\/wp\/v2\/comments?post=269448"}],"version-history":[{"count":1,"href":"https:\/\/corrientesdetarde.com\/index.php\/wp-json\/wp\/v2\/posts\/269448\/revisions"}],"predecessor-version":[{"id":269450,"href":"https:\/\/corrientesdetarde.com\/index.php\/wp-json\/wp\/v2\/posts\/269448\/revisions\/269450"}],"wp:featuredmedia":[{"embeddable":true,"href":"https:\/\/corrientesdetarde.com\/index.php\/wp-json\/wp\/v2\/media\/269449"}],"wp:attachment":[{"href":"https:\/\/corrientesdetarde.com\/index.php\/wp-json\/wp\/v2\/media?parent=269448"}],"wp:term":[{"taxonomy":"category","embeddable":true,"href":"https:\/\/corrientesdetarde.com\/index.php\/wp-json\/wp\/v2\/categories?post=269448"},{"taxonomy":"post_tag","embeddable":true,"href":"https:\/\/corrientesdetarde.com\/index.php\/wp-json\/wp\/v2\/tags?post=269448"}],"curies":[{"name":"wp","href":"https:\/\/api.w.org\/{rel}","templated":true}]}}