{"id":269455,"date":"2026-08-31T11:39:03","date_gmt":"2026-08-31T14:39:03","guid":{"rendered":"https:\/\/corrientesdetarde.com\/?p=269455"},"modified":"2026-08-31T11:39:15","modified_gmt":"2026-08-31T14:39:15","slug":"las-ferias-de-la-ciudad-inician-septiembre-con-productos-frescos-y-propuestas-para-toda-la-familia","status":"publish","type":"post","link":"https:\/\/corrientesdetarde.com\/index.php\/locales\/las-ferias-de-la-ciudad-inician-septiembre-con-productos-frescos-y-propuestas-para-toda-la-familia\/","title":{"rendered":"Las Ferias de la Ciudad inician septiembre con productos frescos y propuestas para toda la familia"},"content":{"rendered":"\n<p>Del martes 1 al domingo 6 de septiembre, vecinos y visitantes podr\u00e1n recorrer distintos espacios p\u00fablicos de la capital correntina para acceder a frutas, verduras, elaboraciones artesanales, plantas ornamentales y otras propuestas, con alternativas de calidad y precios convenientes.<\/p>\n\n\n\n<p>La Municipalidad de Corrientes llevar\u00e1 adelante una nueva semana de las Ferias de la Ciudad, una propuesta que contin\u00faa acercando a productores, emprendedores y consumidores en distintos puntos de la capital. Durante el recorrido, se ofrecer\u00e1n productos frescos, elaboraciones caseras, plantas ornamentales, artesan\u00edas y manualidades, promoviendo el consumo local y el fortalecimiento de la econom\u00eda social.<br><br>La programaci\u00f3n comenzar\u00e1 el martes 1 y continuar\u00e1 el mi\u00e9rcoles 2 de septiembre, de 8 a 13, en la plaza Torrent, ubicada en el barrio Centro. All\u00ed los vecinos podr\u00e1n encontrar frutas y verduras, productos elaborados y distintas alternativas ofrecidas directamente por productores y feriantes.<br><br>El jueves 3, en tanto, la feria se trasladar\u00e1 a la plaza La Cruz, donde funcionar\u00e1 tambi\u00e9n de 8 a 13, con una variada oferta de productos frescos y artesanales.<\/p>\n\n\n\n<figure class=\"wp-block-image size-large\"><img loading=\"lazy\" decoding=\"async\" width=\"1024\" height=\"674\" src=\"https:\/\/corrientesdetarde.com\/wp-content\/uploads\/2026\/08\/Captura-de-pantalla-2026-08-31-113507-1024x674.png\" alt=\"\" class=\"wp-image-269457\" srcset=\"https:\/\/corrientesdetarde.com\/wp-content\/uploads\/2026\/08\/Captura-de-pantalla-2026-08-31-113507-1024x674.png 1024w, https:\/\/corrientesdetarde.com\/wp-content\/uploads\/2026\/08\/Captura-de-pantalla-2026-08-31-113507-300x197.png 300w, https:\/\/corrientesdetarde.com\/wp-content\/uploads\/2026\/08\/Captura-de-pantalla-2026-08-31-113507-768x506.png 768w, https:\/\/corrientesdetarde.com\/wp-content\/uploads\/2026\/08\/Captura-de-pantalla-2026-08-31-113507.png 1346w\" sizes=\"auto, (max-width: 1024px) 100vw, 1024px\" \/><\/figure>\n\n\n\n<p><br><br>El s\u00e1bado 5 la propuesta se ampliar\u00e1 a distintos espacios de la ciudad. Por la ma\u00f1ana, de 8 a 13, los feriantes estar\u00e1n presentes en el Parque Mitre, en el barrio Aldana. Mientras que de 10 a 22, la actividad se desarrollar\u00e1 en el Paseo Arazaty y en Punta Tacuara, en el Paseo de Trabajadores Municipales. Adem\u00e1s, el Espacio It\u00e1 Ber\u00e1 contar\u00e1 con propuestas de artesan\u00edas y manualidades.<br><br>Finalmente, el domingo 6 de septiembre, de 10 a 22, las actividades continuar\u00e1n en el Paseo Arazaty y en Punta Tacuara, con propuestas gastron\u00f3micas, artesan\u00edas y manualidades para quienes recorran los espacios costeros durante el fin de semana.<br><br>De esta manera, las Ferias de la Ciudad vuelven a ofrecer una alternativa de compra directa entre productores y consumidores, con productos de calidad, variedad y precios convenientes, al mismo tiempo que generan espacios de encuentro y acompa\u00f1an el desarrollo de emprendedores locales.<br>\u00a0<br>CRONOGRAMA<\/p>\n\n\n\n<ul class=\"wp-block-list\">\n<li><strong>Martes 1:<\/strong>\u00a0Plaza Torrent, barrio Centro \u2014 de 8 a 13.<\/li>\n\n\n\n<li><strong>Mi\u00e9rcoles 2<\/strong>: Plaza Torrent, barrio Centro \u2014 de 8 a 13.<\/li>\n\n\n\n<li><strong>Jueves 3:<\/strong>\u00a0Plaza La Cruz, barrio La Cruz \u2014 de 8 a 13.<\/li>\n\n\n\n<li><strong>S\u00e1bado 5:<\/strong>\u00a0Parque Mitre, barrio Aldana \u2014 de 8 a 13; Paseo Arazaty \u2014 de 10 a 22; Punta Tacuara, Paseo de Trabajadores Municipales \u2014 de 10 a 22; Espacio It\u00e1 Ber\u00e1 \u2014 artesan\u00edas y manualidades.<\/li>\n\n\n\n<li><strong>Domingo 6:<\/strong>\u00a0Paseo Arazaty \u2014 de 10 a 22; Punta Tacuara, Paseo de Trabajadores Municipales \u2014 de 10 a 22; Espacio It\u00e1 Ber\u00e1 \u2014 artesan\u00edas y manualidades.<\/li>\n<\/ul>\n","protected":false},"excerpt":{"rendered":"<p>Del martes 1 al domingo 6 de septiembre, vecinos y visitantes podr\u00e1n recorrer distintos espacios p\u00fablicos de la capital correntina para acceder a frutas, verduras, elaboraciones artesanales, plantas ornamentales y&hellip; <\/p>\n","protected":false},"author":4,"featured_media":269456,"comment_status":"closed","ping_status":"open","sticky":false,"template":"","format":"standard","meta":{"footnotes":""},"categories":[8],"tags":[],"class_list":["post-269455","post","type-post","status-publish","format-standard","has-post-thumbnail","hentry","category-locales"],"_links":{"self":[{"href":"https:\/\/corrientesdetarde.com\/index.php\/wp-json\/wp\/v2\/posts\/269455","targetHints":{"allow":["GET"]}}],"collection":[{"href":"https:\/\/corrientesdetarde.com\/index.php\/wp-json\/wp\/v2\/posts"}],"about":[{"href":"https:\/\/corrientesdetarde.com\/index.php\/wp-json\/wp\/v2\/types\/post"}],"author":[{"embeddable":true,"href":"https:\/\/corrientesdetarde.com\/index.php\/wp-json\/wp\/v2\/users\/4"}],"replies":[{"embeddable":true,"href":"https:\/\/corrientesdetarde.com\/index.php\/wp-json\/wp\/v2\/comments?post=269455"}],"version-history":[{"count":1,"href":"https:\/\/corrientesdetarde.com\/index.php\/wp-json\/wp\/v2\/posts\/269455\/revisions"}],"predecessor-version":[{"id":269458,"href":"https:\/\/corrientesdetarde.com\/index.php\/wp-json\/wp\/v2\/posts\/269455\/revisions\/269458"}],"wp:featuredmedia":[{"embeddable":true,"href":"https:\/\/corrientesdetarde.com\/index.php\/wp-json\/wp\/v2\/media\/269456"}],"wp:attachment":[{"href":"https:\/\/corrientesdetarde.com\/index.php\/wp-json\/wp\/v2\/media?parent=269455"}],"wp:term":[{"taxonomy":"category","embeddable":true,"href":"https:\/\/corrientesdetarde.com\/index.php\/wp-json\/wp\/v2\/categories?post=269455"},{"taxonomy":"post_tag","embeddable":true,"href":"https:\/\/corrientesdetarde.com\/index.php\/wp-json\/wp\/v2\/tags?post=269455"}],"curies":[{"name":"wp","href":"https:\/\/api.w.org\/{rel}","templated":true}]}}