{"id":269462,"date":"2026-08-31T12:28:34","date_gmt":"2026-08-31T15:28:34","guid":{"rendered":"https:\/\/corrientesdetarde.com\/?p=269462"},"modified":"2026-08-31T12:28:39","modified_gmt":"2026-08-31T15:28:39","slug":"la-provincia-repavimentara-y-ampliara-la-zona-de-carga-y-descarga-del-puerto-de-corrientes","status":"publish","type":"post","link":"https:\/\/corrientesdetarde.com\/index.php\/actualidad\/la-provincia-repavimentara-y-ampliara-la-zona-de-carga-y-descarga-del-puerto-de-corrientes\/","title":{"rendered":"La Provincia repavimentar\u00e1 y ampliar\u00e1 la zona de carga y descarga del Puerto de Corrientes"},"content":{"rendered":"\n<p>El Gobierno de la Provincia de Corrientes repavimentar\u00e1 y ampliar\u00e1 el play\u00f3n de carga y descarga del Puerto de Corrientes. La intervenci\u00f3n permitir\u00e1 mejorar y optimizar la zona primaria, que ser\u00e1 \u00edntegramente nivelada para garantizar una operatoria portuaria m\u00e1s r\u00e1pida, segura y eficiente.<\/p>\n\n\n\n<p>En este marco, esta ma\u00f1ana se licitaron los trabajos en la Sala de Situaci\u00f3n del Ministerio de Obras y Servicios P\u00fablicos. El acto fue encabezado por el titular de la cartera, Jorge Meza, quien destac\u00f3 que \u201cesta obra permitir\u00e1 adecuar la infraestructura del puerto, puntualmente su plataforma, para una operaci\u00f3n m\u00e1s segura de los contenedores, teniendo en cuenta el alto volumen de carga que est\u00e1 teniendo el Puerto, alcanzando r\u00e9cords hist\u00f3ricos\u201d.<\/p>\n\n\n\n<p>De la apertura de ofertas participaron tambi\u00e9n el subsecretario de Obras P\u00fablicas, Antonio Portel; el titular de la Direcci\u00f3n de Planificaci\u00f3n y Obras (DPO), Jos\u00e9 Matzner, organismo que tendr\u00e1 a su cargo el control de los trabajos; y representantes de las tres empresas oferentes.<\/p>\n\n\n\n<figure class=\"wp-block-image size-full\"><img loading=\"lazy\" decoding=\"async\" width=\"965\" height=\"642\" src=\"https:\/\/corrientesdetarde.com\/wp-content\/uploads\/2026\/08\/image-719.png\" alt=\"\" class=\"wp-image-269463\" srcset=\"https:\/\/corrientesdetarde.com\/wp-content\/uploads\/2026\/08\/image-719.png 965w, https:\/\/corrientesdetarde.com\/wp-content\/uploads\/2026\/08\/image-719-300x200.png 300w, https:\/\/corrientesdetarde.com\/wp-content\/uploads\/2026\/08\/image-719-768x511.png 768w\" sizes=\"auto, (max-width: 965px) 100vw, 965px\" \/><\/figure>\n\n\n\n<p><strong>Las obras<\/strong><\/p>\n\n\n\n<p>Los trabajos contemplan la ampliaci\u00f3n de la zona primaria y la reparaci\u00f3n de distintos sectores para mejorar la funcionalidad del puerto local. La ampliaci\u00f3n permitir\u00e1 prolongar este sector hasta la l\u00ednea municipal.<\/p>\n\n\n\n<p>La repavimentaci\u00f3n incluir\u00e1 la ejecuci\u00f3n de una nueva capa de hormig\u00f3n en sectores del pavimento existente, con el objetivo de nivelar las \u00e1reas que presentan hundimientos y deformaciones. De esta manera, se busca evitar distorsiones en el apoyo de los contenedores y lograr una distribuci\u00f3n uniforme de las cargas.<\/p>\n\n\n\n<p>Las deformaciones del pavimento se produjeron principalmente como consecuencia del asentamiento del refulado, adem\u00e1s de filtraciones en juntas y bocas de desag\u00fce.<\/p>\n\n\n\n<p>Tambi\u00e9n se ejecutar\u00e1 un nuevo sistema de desag\u00fce para el drenaje de agua de lluvia, tanto en la zona primaria del puerto como en el \u00e1rea administrativa ubicada junto a ella.<\/p>\n\n\n\n<p>Entre las tareas previstas se encuentran el retiro del cerco y port\u00f3n que delimitan la zona primaria, la demolici\u00f3n de sectores de pavimento, el relleno con suelo-arena y cemento, y la ejecuci\u00f3n de pavimento de hormig\u00f3n armado con malla Sima. Asimismo, se refuncionalizar\u00e1 el port\u00f3n de acceso y se colocar\u00e1 concertina sobre el cerco perimetral.<\/p>\n\n\n\n<p>El sistema de desag\u00fce pluvial contar\u00e1 con ca\u00f1os de 60 y 40 cent\u00edmetros de di\u00e1metro y c\u00e1maras sumidero con rejillas met\u00e1licas.<\/p>\n\n\n\n<p>La intervenci\u00f3n permitir\u00e1 optimizar las tareas de carga y descarga de contenedores, reduciendo los tiempos de operaci\u00f3n y brindando mayores condiciones de seguridad, en l\u00ednea con los requerimientos establecidos por las empresas navieras.<\/p>\n","protected":false},"excerpt":{"rendered":"<p>El Gobierno de la Provincia de Corrientes repavimentar\u00e1 y ampliar\u00e1 el play\u00f3n de carga y descarga del Puerto de Corrientes. La intervenci\u00f3n permitir\u00e1 mejorar y optimizar la zona primaria, que&hellip; <\/p>\n","protected":false},"author":4,"featured_media":269464,"comment_status":"closed","ping_status":"open","sticky":false,"template":"","format":"standard","meta":{"footnotes":""},"categories":[23],"tags":[],"class_list":["post-269462","post","type-post","status-publish","format-standard","has-post-thumbnail","hentry","category-actualidad"],"_links":{"self":[{"href":"https:\/\/corrientesdetarde.com\/index.php\/wp-json\/wp\/v2\/posts\/269462","targetHints":{"allow":["GET"]}}],"collection":[{"href":"https:\/\/corrientesdetarde.com\/index.php\/wp-json\/wp\/v2\/posts"}],"about":[{"href":"https:\/\/corrientesdetarde.com\/index.php\/wp-json\/wp\/v2\/types\/post"}],"author":[{"embeddable":true,"href":"https:\/\/corrientesdetarde.com\/index.php\/wp-json\/wp\/v2\/users\/4"}],"replies":[{"embeddable":true,"href":"https:\/\/corrientesdetarde.com\/index.php\/wp-json\/wp\/v2\/comments?post=269462"}],"version-history":[{"count":1,"href":"https:\/\/corrientesdetarde.com\/index.php\/wp-json\/wp\/v2\/posts\/269462\/revisions"}],"predecessor-version":[{"id":269465,"href":"https:\/\/corrientesdetarde.com\/index.php\/wp-json\/wp\/v2\/posts\/269462\/revisions\/269465"}],"wp:featuredmedia":[{"embeddable":true,"href":"https:\/\/corrientesdetarde.com\/index.php\/wp-json\/wp\/v2\/media\/269464"}],"wp:attachment":[{"href":"https:\/\/corrientesdetarde.com\/index.php\/wp-json\/wp\/v2\/media?parent=269462"}],"wp:term":[{"taxonomy":"category","embeddable":true,"href":"https:\/\/corrientesdetarde.com\/index.php\/wp-json\/wp\/v2\/categories?post=269462"},{"taxonomy":"post_tag","embeddable":true,"href":"https:\/\/corrientesdetarde.com\/index.php\/wp-json\/wp\/v2\/tags?post=269462"}],"curies":[{"name":"wp","href":"https:\/\/api.w.org\/{rel}","templated":true}]}}