{"id":269466,"date":"2026-08-31T12:46:18","date_gmt":"2026-08-31T15:46:18","guid":{"rendered":"https:\/\/corrientesdetarde.com\/?p=269466"},"modified":"2026-08-31T12:48:12","modified_gmt":"2026-08-31T15:48:12","slug":"jp-valdes-participara-de-un-encuentro-con-el-presidente-milei-junto-a-otros-gobernadores","status":"publish","type":"post","link":"https:\/\/corrientesdetarde.com\/index.php\/actualidad\/jp-valdes-participara-de-un-encuentro-con-el-presidente-milei-junto-a-otros-gobernadores\/","title":{"rendered":"JP Vald\u00e9s participar\u00e1 de un encuentro con el presidente Milei junto a otros gobernadores"},"content":{"rendered":"\n<p>El c\u00f3nclave ser\u00e1 en&nbsp; la localidad misionera de Puerto Iguaz\u00fa. El Presidente de Argentina Javier Milei cerrar\u00e1 la 47\u00aa Convenci\u00f3n Anual del Instituto Argentino de Ejecutivos de Finanzas (IAEF), este viernes junto a varios gobernadores&nbsp; de un panel, exclusivamente para provincias. El Jefe de Estado Nacional, no tiene agenda de gobierno con los mandatarios. M\u00e1s de 70 organizaciones sociales y de yerbateros, protestar\u00e1n en las adyacencias de donde se realizar\u00e1 el encuentro.<\/p>\n\n\n\n<p>Ser\u00e1 en Puerto Iguaz\u00fa. El Presidente de Argentina Javier Milei cerrar\u00e1 la 47\u00aa Convenci\u00f3n Anual del Instituto Argentino de Ejecutivos de Finanzas (IAEF), este viernes al anochecer. Varios gobernadores participar\u00e1n de un panel, exclusivamente para provincias. El Jefe de Estado Nacional, no tiene agenda de gobierno con los mandatarios. M\u00e1s de 70 organizaciones sociales y de yerbateros, protestar\u00e1n en las adyacencias de donde se realizar\u00e1 el encuentro.<\/p>\n\n\n\n<p>Los gobernadores de Mendoza, Alfredo Cornejo; de Catamarca, Ra\u00fal Jalil; y de la provincia correntina, Juan Pablo Vald\u00e9s; adem\u00e1s del anfitri\u00f3n, Hugo Passalacqua, participar\u00e1n de un panel sobre: &#8220;El rol de las provincias en la transformaci\u00f3n competitiva del pa\u00eds&#8221;.<\/p>\n\n\n\n<p>El presidente Javier Milei cerrar\u00e1 el encuentro el viernes por la tarde. El gobernador de Misiones, Hugo Passalacqua, participar\u00e1 el mismo d\u00eda en un panel de gobernadores previsto para la tarde del mismo viernes, algo m\u00e1s temprano. El cronograma del evento no contempla ning\u00fan cruce entre ambos, la agenda de los dos funcionarios tampoco incluye un encuentro entre ellos, ya que el Presidente no realiza la visita con objetivos de gesti\u00f3n o de gobierno.<\/p>\n\n\n\n<p>&#8220;Terminadas sus actividades, el Gobernador vuelve a Posadas&#8221;, indicaron desde el entorno del Mandatario provincial ante la consulta de si hab\u00eda un encuentro previsto con el presidente. La misma situaci\u00f3n se dar\u00eda con los dem\u00e1s gobernadores que son parte del evento, y que compartir\u00e1n panel con el misionero, una hora antes de la llegada del Presidente.<\/p>\n\n\n\n<p>La convenci\u00f3n tendr\u00e1 como eje central los desaf\u00edos de inversi\u00f3n, reformas y competitividad que enfrenta la Argentina. El jueves 3, la apertura estar\u00e1 a cargo del vicepresidente del Banco Central, Vladimir Werning, y el ministro de Desregulaci\u00f3n, Federico Sturzenegger, cerrar\u00e1 la jornada con una disertaci\u00f3n.<\/p>\n\n\n\n<p>El viernes el programa incluye paneles sobre la situaci\u00f3n de la industria, el comercio y el campo, una entrevista a la senadora Patricia Bullrich, el almuerzo de trabajo con el canciller Pablo Quirno y una mano a mano con el ministro de Econom\u00eda Luis Caputo, prevista para las 17.45. Milei cerrar\u00e1 el evento en la ceremonia final de las 18.15.<\/p>\n\n\n\n<p>about:blankM\u00e1s de 70 organizaciones sociales en la calle<\/p>\n\n\n\n<p>Mientras el evento financiero se desarrolla puertas adentro del Loi Suites, afuera de sus instalaciones el viernes tendr\u00e1 otra dimensi\u00f3n. M\u00e1s de 70 organizaciones sindicales, sociales, pol\u00edticas, estudiantiles, culturales y productivas de distintos puntos de Misiones convocaron a una jornada de movilizaci\u00f3n para el 4 de septiembre, en coincidencia con la visita del presidente. La consigna elegida es &#8220;La Patria no se vende &#8211; Misiones no se vende&#8221;.<\/p>\n\n\n\n<p>La convocatoria re\u00fane a un arco amplio y heterog\u00e9neo. Entre los adherentes figuran ATE Misiones, CTA Aut\u00f3noma Misiones, ATE Zona Sur, SITBA, SIPASE, La Fraternidad, UDA, SMATA, SUTERH, SUTEP y la UTEP Misiones en el sector sindical. Tambi\u00e9n se sumaron agrupaciones estudiantiles universitarias, productores yerbateros y tabacaleros independientes de Pozo Azul, comunidades originarias nucleadas en Originarios en Lucha y CO.Na.P.L.A. Misiones, el Centro de Trabajadores Jubilados y Pensionados de Misiones, el Movimiento Evita, Libres del Sur, Kolina Misionera, la Fundaci\u00f3n La Alameda y organizaciones barriales y culturales de distintas localidades de la provincia.<\/p>\n\n\n\n<p>En el documento conjunto de convocatoria, las organizaciones se\u00f1alaron: &#8220;Es momento de encontrarnos, organizarnos y hacer escuchar una voz amplia y plural en defensa de nuestros derechos, de la educaci\u00f3n, la cultura, el trabajo y la dignidad de nuestro pueblo&#8221;.<\/p>\n\n\n\n<p>Entre los ejes del reclamo figuran las consecuencias de las medidas econ\u00f3micas nacionales sobre las econom\u00edas regionales, el endeudamiento familiar, la situaci\u00f3n de las tierras, los desalojos, la falta de oportunidades laborales y el respeto de los territorios y derechos ancestrales de las comunidades originarias.<\/p>\n","protected":false},"excerpt":{"rendered":"<p>El c\u00f3nclave ser\u00e1 en&nbsp; la localidad misionera de Puerto Iguaz\u00fa. El Presidente de Argentina Javier Milei cerrar\u00e1 la 47\u00aa Convenci\u00f3n Anual del Instituto Argentino de Ejecutivos de Finanzas (IAEF), este&hellip; <\/p>\n","protected":false},"author":4,"featured_media":269469,"comment_status":"closed","ping_status":"open","sticky":false,"template":"","format":"standard","meta":{"footnotes":""},"categories":[23],"tags":[],"class_list":["post-269466","post","type-post","status-publish","format-standard","has-post-thumbnail","hentry","category-actualidad"],"_links":{"self":[{"href":"https:\/\/corrientesdetarde.com\/index.php\/wp-json\/wp\/v2\/posts\/269466","targetHints":{"allow":["GET"]}}],"collection":[{"href":"https:\/\/corrientesdetarde.com\/index.php\/wp-json\/wp\/v2\/posts"}],"about":[{"href":"https:\/\/corrientesdetarde.com\/index.php\/wp-json\/wp\/v2\/types\/post"}],"author":[{"embeddable":true,"href":"https:\/\/corrientesdetarde.com\/index.php\/wp-json\/wp\/v2\/users\/4"}],"replies":[{"embeddable":true,"href":"https:\/\/corrientesdetarde.com\/index.php\/wp-json\/wp\/v2\/comments?post=269466"}],"version-history":[{"count":1,"href":"https:\/\/corrientesdetarde.com\/index.php\/wp-json\/wp\/v2\/posts\/269466\/revisions"}],"predecessor-version":[{"id":269468,"href":"https:\/\/corrientesdetarde.com\/index.php\/wp-json\/wp\/v2\/posts\/269466\/revisions\/269468"}],"wp:featuredmedia":[{"embeddable":true,"href":"https:\/\/corrientesdetarde.com\/index.php\/wp-json\/wp\/v2\/media\/269469"}],"wp:attachment":[{"href":"https:\/\/corrientesdetarde.com\/index.php\/wp-json\/wp\/v2\/media?parent=269466"}],"wp:term":[{"taxonomy":"category","embeddable":true,"href":"https:\/\/corrientesdetarde.com\/index.php\/wp-json\/wp\/v2\/categories?post=269466"},{"taxonomy":"post_tag","embeddable":true,"href":"https:\/\/corrientesdetarde.com\/index.php\/wp-json\/wp\/v2\/tags?post=269466"}],"curies":[{"name":"wp","href":"https:\/\/api.w.org\/{rel}","templated":true}]}}