{"id":269471,"date":"2026-08-31T12:58:02","date_gmt":"2026-08-31T15:58:02","guid":{"rendered":"https:\/\/corrientesdetarde.com\/?p=269471"},"modified":"2026-08-31T13:04:42","modified_gmt":"2026-08-31T16:04:42","slug":"lionel-messi-anuncio-su-retiro-de-la-seleccion","status":"publish","type":"post","link":"https:\/\/corrientesdetarde.com\/index.php\/locales\/lionel-messi-anuncio-su-retiro-de-la-seleccion\/","title":{"rendered":"Lionel Messi anunci\u00f3 su retiro de la Selecci\u00f3n"},"content":{"rendered":"\n<p>El astro anunci\u00f3 su decisi\u00f3n luego de participar en la Copa del Mundo.<\/p>\n\n\n\n<p><strong>Lionel Andr\u00e9s Messi anunci\u00f3 su retiro de la Selecci\u00f3n argentina de f\u00fatbol.<\/strong>&nbsp;El astro, que gan\u00f3 el Mundial de 2022 en Qatar y disput\u00f3 las finales de 2014 y 2026, inform\u00f3 que tom\u00f3 la decisi\u00f3n luego de la derrota ante Espa\u00f1a en la \u00faltima Copa del Mundo.<\/p>\n\n\n\n<p>\u201cFue una decisi\u00f3n que doli\u00f3 y duele en el alma pero entiendo que es el momento. Les juro que siempre dej\u00e9 todo, no solo los \u00faltimos a\u00f1os que se gan\u00f3 todo antes tambi\u00e9n y siempre pele\u00e9 y me dej\u00e9 todo por esta camiseta, por darles alegr\u00edas y hacer que se sientan orgullosos de ser argentinos a trav\u00e9s del f\u00fatbol\u201d, asegur\u00f3 la \u201cPulga\u201d.<\/p>\n\n\n\n<figure class=\"wp-block-embed is-type-video is-provider-youtube wp-block-embed-youtube wp-embed-aspect-16-9 wp-has-aspect-ratio\"><div class=\"wp-block-embed__wrapper\">\n<iframe loading=\"lazy\" title=\"Messi se retira de la Selecci\u00f3n: en una carta manuscrita, explic\u00f3 los motivos\" width=\"1110\" height=\"624\" src=\"https:\/\/www.youtube.com\/embed\/0COHxCRKkZg?feature=oembed\" frameborder=\"0\" allow=\"accelerometer; autoplay; clipboard-write; encrypted-media; gyroscope; picture-in-picture; web-share\" referrerpolicy=\"strict-origin-when-cross-origin\" allowfullscreen><\/iframe>\n<\/div><\/figure>\n\n\n\n<p>El capit\u00e1n, ganador tambi\u00e9n de las Copa Am\u00e9rica 2019 y 2024, asegur\u00f3: \u201cQueda poco y se van cerrando etapas y esta es una que me duele mucho. Amo, am\u00e9 y amar\u00e9 siempre estar en la Selecci\u00f3n. Me vaci\u00e9, ya no tengo m\u00e1s para dar y aparte vienen chicos muy grandes atr\u00e1s que merecen estar\u201d.<\/p>\n\n\n\n<p>\u201cGracias por todo el cari\u00f1o de estos 20 a\u00f1os. Voy a extra\u00f1ar mucho escucharlos desde adentro. Ahora voy a ser uno m\u00e1s de ustedes, alentando y bancando siempre desde afuera (en las buenas y en las malas, mucho m\u00e1s)\u201d, agreg\u00f3.<\/p>\n\n\n\n<p>Messi, que el fin de semana volvi\u00f3 a reivindicar su vigencia al marcar 4 goles para su equipo Inter de Miami en la MLS, sintetiz\u00f3: \u201cGracias a mi familia por estar siempre, por acompa\u00f1arme en este viaje tan hermoso pero dif\u00edcil. Gracias a cada uno de entrenadores, compa\u00f1eros y dirigentes que me toc\u00f3 compartir. Me llevo recuerdos y momentos inolvidables vividos&#8221;.<\/p>\n\n\n\n<p><strong>\u201cMe voy con la tranquilidad y el orgullo de haberles regalado, juntos con mis compa\u00f1eros, momentos so\u00f1ados. Fue una locura haberlo vivido con ustedes. \u00a1Los quiero!Gracias Dios por hacerme argentino. \u00a1Vamos Argentina!\u201c<\/strong>, cerr\u00f3.<\/p>\n\n\n\n<p>\u201cEstas palabras las escrib\u00ed el 21 de julio, dos d\u00edas despu\u00e9s de la final. Hoy despu\u00e9s de lo de mi pap\u00e1, estoy m\u00e1s convencido que antes\u201d, aclar\u00f3 sobre el final de su posteo.<\/p>\n","protected":false},"excerpt":{"rendered":"<p>El astro anunci\u00f3 su decisi\u00f3n luego de participar en la Copa del Mundo. Lionel Andr\u00e9s Messi anunci\u00f3 su retiro de la Selecci\u00f3n argentina de f\u00fatbol.&nbsp;El astro, que gan\u00f3 el Mundial&hellip; <\/p>\n","protected":false},"author":4,"featured_media":269472,"comment_status":"closed","ping_status":"open","sticky":false,"template":"","format":"standard","meta":{"footnotes":""},"categories":[8],"tags":[],"class_list":["post-269471","post","type-post","status-publish","format-standard","has-post-thumbnail","hentry","category-locales"],"_links":{"self":[{"href":"https:\/\/corrientesdetarde.com\/index.php\/wp-json\/wp\/v2\/posts\/269471","targetHints":{"allow":["GET"]}}],"collection":[{"href":"https:\/\/corrientesdetarde.com\/index.php\/wp-json\/wp\/v2\/posts"}],"about":[{"href":"https:\/\/corrientesdetarde.com\/index.php\/wp-json\/wp\/v2\/types\/post"}],"author":[{"embeddable":true,"href":"https:\/\/corrientesdetarde.com\/index.php\/wp-json\/wp\/v2\/users\/4"}],"replies":[{"embeddable":true,"href":"https:\/\/corrientesdetarde.com\/index.php\/wp-json\/wp\/v2\/comments?post=269471"}],"version-history":[{"count":3,"href":"https:\/\/corrientesdetarde.com\/index.php\/wp-json\/wp\/v2\/posts\/269471\/revisions"}],"predecessor-version":[{"id":269477,"href":"https:\/\/corrientesdetarde.com\/index.php\/wp-json\/wp\/v2\/posts\/269471\/revisions\/269477"}],"wp:featuredmedia":[{"embeddable":true,"href":"https:\/\/corrientesdetarde.com\/index.php\/wp-json\/wp\/v2\/media\/269472"}],"wp:attachment":[{"href":"https:\/\/corrientesdetarde.com\/index.php\/wp-json\/wp\/v2\/media?parent=269471"}],"wp:term":[{"taxonomy":"category","embeddable":true,"href":"https:\/\/corrientesdetarde.com\/index.php\/wp-json\/wp\/v2\/categories?post=269471"},{"taxonomy":"post_tag","embeddable":true,"href":"https:\/\/corrientesdetarde.com\/index.php\/wp-json\/wp\/v2\/tags?post=269471"}],"curies":[{"name":"wp","href":"https:\/\/api.w.org\/{rel}","templated":true}]}}