{"id":269480,"date":"2026-08-31T13:40:18","date_gmt":"2026-08-31T16:40:18","guid":{"rendered":"https:\/\/corrientesdetarde.com\/?p=269480"},"modified":"2026-08-31T13:40:30","modified_gmt":"2026-08-31T16:40:30","slug":"el-intendente-escucho-a-vecinas-en-un-espacio-de-dialogo-abierto-y-de-participacion-ciudadana","status":"publish","type":"post","link":"https:\/\/corrientesdetarde.com\/index.php\/sociales\/el-intendente-escucho-a-vecinas-en-un-espacio-de-dialogo-abierto-y-de-participacion-ciudadana\/","title":{"rendered":"El intendente escuch\u00f3 a vecinas en un espacio de di\u00e1logo abierto y de participaci\u00f3n ciudadana"},"content":{"rendered":"\n<p><em>Polich recibi\u00f3 a un grupo de habitantes de distintos barrios, principalmente de la zona Norte de la ciudad. Abordaron cuestiones espec\u00edficas en materia de infraestructura urbana, arbolado y remodelaci\u00f3n de paseos p\u00fablicos.<\/em><\/p>\n\n\n\n<p>El intendente de Corrientes, Claudio Polich, encabez\u00f3 una nueva audiencia de participaci\u00f3n ciudadana en la que recibi\u00f3 a vecinas del barrio Aldana, La Rosada y Ba\u00f1ado Norte, entre otros. La reuni\u00f3n de trabajo estuvo enfocada en materia de infraestructura urbana, arbolado de la zona y en la planificaci\u00f3n ambiental para los espacios p\u00fablicos locales, con especial eje en el parque Mitre.<br><br>Entre los temas tratados se incluyeron la arborizaci\u00f3n urbana y el mantenimiento general de predios costeros, con especial atenci\u00f3n en el parque Mitre, uno de los paseos tradicionales de la ciudad que actualmente atraviesa un proceso de modernizaci\u00f3n impulsado por el Municipio.<br><br>Las vecinas destacaron la posibilidad de mantener un di\u00e1logo directo con el intendente y valoraron la disposici\u00f3n para escuchar sus planteos y brindar respuestas ante las distintas situaciones expuestas.<br><br>PLAN DE ARBOLADO<br>En este sentido, y en respuesta a las inquietudes expresadas sobre los ejemplares del parque Mitre, el intendente Claudio Polich detall\u00f3 que la administraci\u00f3n municipal llev\u00f3 a cabo un relevamiento t\u00e9cnico previo.&nbsp;<br><br>El estudio permiti\u00f3 identificar \u00e1rboles que presentaban riesgo de ca\u00edda o fallas estructurales y que, por sus condiciones, pod\u00edan representar un peligro para las familias que concurren habitualmente al espacio recreativo.<br><br>A partir de este diagn\u00f3stico, el Municipio avanz\u00f3 con las intervenciones necesarias dentro del proceso de puesta en valor del paseo.<br><br>En este contexto, el intendente garantiz\u00f3 a las vecinas del barrio Aldana que, una vez finalizadas las obras de remodelaci\u00f3n, la Comuna llevar\u00e1 adelante un plan de reforestaci\u00f3n y arborizaci\u00f3n.<br><br>De esta manera, el Municipio busca sostener un esquema de participaci\u00f3n ciudadana que permita conocer de manera directa las necesidades de los vecinos y articular respuestas vinculadas con la infraestructura, el ambiente y la recuperaci\u00f3n de los espacios p\u00fablicos.<\/p>\n\n\n\n<figure class=\"wp-block-image size-large\"><img loading=\"lazy\" decoding=\"async\" width=\"1024\" height=\"683\" src=\"https:\/\/corrientesdetarde.com\/wp-content\/uploads\/2026\/08\/image-720-1024x683.png\" alt=\"\" class=\"wp-image-269481\" srcset=\"https:\/\/corrientesdetarde.com\/wp-content\/uploads\/2026\/08\/image-720-1024x683.png 1024w, https:\/\/corrientesdetarde.com\/wp-content\/uploads\/2026\/08\/image-720-300x200.png 300w, https:\/\/corrientesdetarde.com\/wp-content\/uploads\/2026\/08\/image-720-768x512.png 768w, https:\/\/corrientesdetarde.com\/wp-content\/uploads\/2026\/08\/image-720.png 1280w\" sizes=\"auto, (max-width: 1024px) 100vw, 1024px\" \/><\/figure>\n\n\n\n<figure class=\"wp-block-image size-large\"><img loading=\"lazy\" decoding=\"async\" width=\"1024\" height=\"683\" src=\"https:\/\/corrientesdetarde.com\/wp-content\/uploads\/2026\/08\/image-721-1024x683.png\" alt=\"\" class=\"wp-image-269482\" srcset=\"https:\/\/corrientesdetarde.com\/wp-content\/uploads\/2026\/08\/image-721-1024x683.png 1024w, https:\/\/corrientesdetarde.com\/wp-content\/uploads\/2026\/08\/image-721-300x200.png 300w, https:\/\/corrientesdetarde.com\/wp-content\/uploads\/2026\/08\/image-721-768x512.png 768w, https:\/\/corrientesdetarde.com\/wp-content\/uploads\/2026\/08\/image-721.png 1280w\" sizes=\"auto, (max-width: 1024px) 100vw, 1024px\" \/><\/figure>\n\n\n\n<figure class=\"wp-block-image size-large\"><img loading=\"lazy\" decoding=\"async\" width=\"1024\" height=\"682\" src=\"https:\/\/corrientesdetarde.com\/wp-content\/uploads\/2026\/08\/image-722-1024x682.png\" alt=\"\" class=\"wp-image-269483\" srcset=\"https:\/\/corrientesdetarde.com\/wp-content\/uploads\/2026\/08\/image-722-1024x682.png 1024w, https:\/\/corrientesdetarde.com\/wp-content\/uploads\/2026\/08\/image-722-300x200.png 300w, https:\/\/corrientesdetarde.com\/wp-content\/uploads\/2026\/08\/image-722-768x512.png 768w, https:\/\/corrientesdetarde.com\/wp-content\/uploads\/2026\/08\/image-722-1536x1024.png 1536w, https:\/\/corrientesdetarde.com\/wp-content\/uploads\/2026\/08\/image-722-2048x1365.png 2048w\" sizes=\"auto, (max-width: 1024px) 100vw, 1024px\" \/><\/figure>\n\n\n\n<figure class=\"wp-block-image size-large\"><img loading=\"lazy\" decoding=\"async\" width=\"1024\" height=\"682\" src=\"https:\/\/corrientesdetarde.com\/wp-content\/uploads\/2026\/08\/image-723-1024x682.png\" alt=\"\" class=\"wp-image-269484\" srcset=\"https:\/\/corrientesdetarde.com\/wp-content\/uploads\/2026\/08\/image-723-1024x682.png 1024w, https:\/\/corrientesdetarde.com\/wp-content\/uploads\/2026\/08\/image-723-300x200.png 300w, https:\/\/corrientesdetarde.com\/wp-content\/uploads\/2026\/08\/image-723-768x512.png 768w, https:\/\/corrientesdetarde.com\/wp-content\/uploads\/2026\/08\/image-723-1536x1024.png 1536w, https:\/\/corrientesdetarde.com\/wp-content\/uploads\/2026\/08\/image-723-2048x1365.png 2048w\" sizes=\"auto, (max-width: 1024px) 100vw, 1024px\" \/><\/figure>\n\n\n\n<figure class=\"wp-block-image size-large\"><img loading=\"lazy\" decoding=\"async\" width=\"1024\" height=\"682\" src=\"https:\/\/corrientesdetarde.com\/wp-content\/uploads\/2026\/08\/image-724-1024x682.png\" alt=\"\" class=\"wp-image-269485\" srcset=\"https:\/\/corrientesdetarde.com\/wp-content\/uploads\/2026\/08\/image-724-1024x682.png 1024w, https:\/\/corrientesdetarde.com\/wp-content\/uploads\/2026\/08\/image-724-300x200.png 300w, https:\/\/corrientesdetarde.com\/wp-content\/uploads\/2026\/08\/image-724-768x512.png 768w, https:\/\/corrientesdetarde.com\/wp-content\/uploads\/2026\/08\/image-724-1536x1024.png 1536w, https:\/\/corrientesdetarde.com\/wp-content\/uploads\/2026\/08\/image-724-2048x1365.png 2048w\" sizes=\"auto, (max-width: 1024px) 100vw, 1024px\" \/><\/figure>\n\n\n\n<figure class=\"wp-block-image size-large\"><img loading=\"lazy\" decoding=\"async\" width=\"1024\" height=\"682\" src=\"https:\/\/corrientesdetarde.com\/wp-content\/uploads\/2026\/08\/image-725-1024x682.png\" alt=\"\" class=\"wp-image-269486\" srcset=\"https:\/\/corrientesdetarde.com\/wp-content\/uploads\/2026\/08\/image-725-1024x682.png 1024w, https:\/\/corrientesdetarde.com\/wp-content\/uploads\/2026\/08\/image-725-300x200.png 300w, https:\/\/corrientesdetarde.com\/wp-content\/uploads\/2026\/08\/image-725-768x512.png 768w, https:\/\/corrientesdetarde.com\/wp-content\/uploads\/2026\/08\/image-725-1536x1024.png 1536w, https:\/\/corrientesdetarde.com\/wp-content\/uploads\/2026\/08\/image-725-2048x1365.png 2048w\" sizes=\"auto, (max-width: 1024px) 100vw, 1024px\" \/><\/figure>\n\n\n\n<figure class=\"wp-block-image size-large\"><img loading=\"lazy\" decoding=\"async\" width=\"1024\" height=\"683\" src=\"https:\/\/corrientesdetarde.com\/wp-content\/uploads\/2026\/08\/image-726-1024x683.png\" alt=\"\" class=\"wp-image-269487\" srcset=\"https:\/\/corrientesdetarde.com\/wp-content\/uploads\/2026\/08\/image-726-1024x683.png 1024w, https:\/\/corrientesdetarde.com\/wp-content\/uploads\/2026\/08\/image-726-300x200.png 300w, https:\/\/corrientesdetarde.com\/wp-content\/uploads\/2026\/08\/image-726-768x512.png 768w, https:\/\/corrientesdetarde.com\/wp-content\/uploads\/2026\/08\/image-726.png 1280w\" sizes=\"auto, (max-width: 1024px) 100vw, 1024px\" \/><\/figure>\n","protected":false},"excerpt":{"rendered":"<p>Polich recibi\u00f3 a un grupo de habitantes de distintos barrios, principalmente de la zona Norte de la ciudad. Abordaron cuestiones espec\u00edficas en materia de infraestructura urbana, arbolado y remodelaci\u00f3n de&hellip; <\/p>\n","protected":false},"author":8,"featured_media":269485,"comment_status":"closed","ping_status":"open","sticky":false,"template":"","format":"standard","meta":{"footnotes":""},"categories":[17],"tags":[],"class_list":["post-269480","post","type-post","status-publish","format-standard","has-post-thumbnail","hentry","category-sociales"],"_links":{"self":[{"href":"https:\/\/corrientesdetarde.com\/index.php\/wp-json\/wp\/v2\/posts\/269480","targetHints":{"allow":["GET"]}}],"collection":[{"href":"https:\/\/corrientesdetarde.com\/index.php\/wp-json\/wp\/v2\/posts"}],"about":[{"href":"https:\/\/corrientesdetarde.com\/index.php\/wp-json\/wp\/v2\/types\/post"}],"author":[{"embeddable":true,"href":"https:\/\/corrientesdetarde.com\/index.php\/wp-json\/wp\/v2\/users\/8"}],"replies":[{"embeddable":true,"href":"https:\/\/corrientesdetarde.com\/index.php\/wp-json\/wp\/v2\/comments?post=269480"}],"version-history":[{"count":1,"href":"https:\/\/corrientesdetarde.com\/index.php\/wp-json\/wp\/v2\/posts\/269480\/revisions"}],"predecessor-version":[{"id":269488,"href":"https:\/\/corrientesdetarde.com\/index.php\/wp-json\/wp\/v2\/posts\/269480\/revisions\/269488"}],"wp:featuredmedia":[{"embeddable":true,"href":"https:\/\/corrientesdetarde.com\/index.php\/wp-json\/wp\/v2\/media\/269485"}],"wp:attachment":[{"href":"https:\/\/corrientesdetarde.com\/index.php\/wp-json\/wp\/v2\/media?parent=269480"}],"wp:term":[{"taxonomy":"category","embeddable":true,"href":"https:\/\/corrientesdetarde.com\/index.php\/wp-json\/wp\/v2\/categories?post=269480"},{"taxonomy":"post_tag","embeddable":true,"href":"https:\/\/corrientesdetarde.com\/index.php\/wp-json\/wp\/v2\/tags?post=269480"}],"curies":[{"name":"wp","href":"https:\/\/api.w.org\/{rel}","templated":true}]}}