{"id":269489,"date":"2026-08-31T13:51:51","date_gmt":"2026-08-31T16:51:51","guid":{"rendered":"https:\/\/corrientesdetarde.com\/?p=269489"},"modified":"2026-08-31T13:51:55","modified_gmt":"2026-08-31T16:51:55","slug":"corrientes-se-alista-para-recibir-al-4-congreso-ecoturistico-del-litoral","status":"publish","type":"post","link":"https:\/\/corrientesdetarde.com\/index.php\/destacados\/corrientes-se-alista-para-recibir-al-4-congreso-ecoturistico-del-litoral\/","title":{"rendered":"Corrientes se alista para recibir al 4\u00b0 Congreso Ecotur\u00edstico del Litoral"},"content":{"rendered":"\n<p>Con un programa que reunir\u00e1 conferencias, paneles y espacios de intercambio de experiencias, el Encuentro tendr\u00e1 lugar el 3 y 4 de septiembre y apunta a convertir al turismo en una verdadera herramienta de desarrollo ambiental, social, cultural y econ\u00f3mico.<\/p>\n\n\n\n<p>Bajo el lema \u201cReGenera Turismo: Viajes con prop\u00f3sito y gesti\u00f3n inteligente\u201d, Corrientes ser\u00e1 sede los d\u00edas 3 y 4 de septiembre del 4\u00b0 Congreso Ecotur\u00edstico de la Regi\u00f3n Litoral 2026. La presentaci\u00f3n oficial que se realiz\u00f3 este lunes en el Sal\u00f3n Verde de Casa de Gobierno. El encuentro se desarrollar\u00e1 en el Sal\u00f3n Gran Paran\u00e1 del Turismo Hotel Casino y reunir\u00e1 a referentes del sector.<\/p>\n\n\n\n<p>Con la presencia del vicegobernador Pedro Braillard Poccard, el ministro de Turismo, Juan Enrique Braillard Poccard, el presidente del Comit\u00e9 Iber\u00e1, Sergio Flinta, la presidenta del Instituto de Cultura, Lourdes S\u00e1nchez, legisladores, funcionarios y representantes del sector tur\u00edstico.<\/p>\n\n\n\n<p>En la ocasi\u00f3n, el vicegobernador Pedro Braillard Poccard destac\u00f3 la articulaci\u00f3n entre el Estado, el sector privado y las organizaciones no gubernamentales, considerando que \u201cel turismo debe necesariamente involucrar a toda la comunidad\u201d. Y, se\u00f1al\u00f3 que Corrientes mantiene una posici\u00f3n \u201cimportante\u201d en el \u201cturismo de naturaleza\u201d.<\/p>\n\n\n\n<p>Por su parte, el ministro de Turismo, Juan Enrique Braillard Poccard, afirm\u00f3 que para Corrientes el turismo constituye una \u201cpol\u00edtica de Estado\u201d y destac\u00f3 el posicionamiento alcanzado por la provincia en materia de conservaci\u00f3n ambiental.<\/p>\n\n\n\n<p>Adem\u00e1s, puso el foco en la ronda de negocios que formar\u00e1 parte del Congreso y que estar\u00e1 orientada a los distintos actores de la cadena de valor del ecoturismo. Seg\u00fan explic\u00f3, el espacio permitir\u00e1 fortalecer los v\u00ednculos comerciales y potenciar el impacto econ\u00f3mico de la actividad.<\/p>\n\n\n\n<p>El presidente del Comit\u00e9 Iber\u00e1, Sergio Flinta, present\u00f3 los principales detalles del Congreso, que contar\u00e1 con cerca de 1.000 inscriptos y expositores de Paraguay, Colombia, Brasil y la Capital Federal. Las actividades estar\u00e1n destinadas a operadores, gu\u00edas, guardaparques, prestadores y otros referentes del turismo de naturaleza.<\/p>\n\n\n\n<p>Flinta destac\u00f3 la transformaci\u00f3n de Corrientes como destino tur\u00edstico y afirm\u00f3 que \u201cIber\u00e1 y el ecoturismo rompi\u00f3 la estacionalidad de la oferta tur\u00edstica y hoy Corrientes es un destino todo el a\u00f1o\u201d. Tambi\u00e9n remarc\u00f3 que el visitante dej\u00f3 de tener un rol pasivo y busca experiencias que lo conviertan en protagonista.<\/p>\n\n\n\n<p>A su turno, la presidenta del Instituto de Cultura, Lourdes S\u00e1nchez, resalt\u00f3 el v\u00ednculo entre el patrimonio cultural y el turismo. \u201cLa naturaleza y la cultura son una parte fundamental del turismo\u201d, sostuvo, al destacar el valor de la identidad local y las propuestas culturales como parte de la oferta provincial. En este marco, se\u00f1al\u00f3 el aporte del Teatro Vera y de las distintas expresiones art\u00edsticas al posicionamiento de Corrientes como destino.<\/p>\n\n\n\n<p>Dos espacios<\/p>\n\n\n\n<p>El Congreso Ecotur\u00edstico tendr\u00e1 como sede el Sal\u00f3n Gran Paran\u00e1 del Turismo Hotel Casino, donde se desarrollar\u00e1n conferencias, exposiciones y espacios de intercambio profesional, mientras que el Parque Camba Cu\u00e1 albergar\u00e1 la Feria Ecotur\u00edstica. En esta cuarta edici\u00f3n, el eje estar\u00e1 puesto en el concepto \u00abReGenera\u00bb, que propone avanzar hacia un modelo tur\u00edstico que contribuya a restaurar y fortalecer los ecosistemas naturales, culturales y sociales, con la participaci\u00f3n de representantes del sector p\u00fablico y privado, e instituciones educativas.<\/p>\n\n\n\n<figure class=\"wp-block-image size-large\"><img loading=\"lazy\" decoding=\"async\" width=\"1024\" height=\"683\" src=\"https:\/\/corrientesdetarde.com\/wp-content\/uploads\/2026\/08\/image-727-1024x683.png\" alt=\"\" class=\"wp-image-269490\" srcset=\"https:\/\/corrientesdetarde.com\/wp-content\/uploads\/2026\/08\/image-727-1024x683.png 1024w, https:\/\/corrientesdetarde.com\/wp-content\/uploads\/2026\/08\/image-727-300x200.png 300w, https:\/\/corrientesdetarde.com\/wp-content\/uploads\/2026\/08\/image-727-768x512.png 768w, https:\/\/corrientesdetarde.com\/wp-content\/uploads\/2026\/08\/image-727-1536x1024.png 1536w, https:\/\/corrientesdetarde.com\/wp-content\/uploads\/2026\/08\/image-727-2048x1366.png 2048w\" sizes=\"auto, (max-width: 1024px) 100vw, 1024px\" \/><\/figure>\n\n\n\n<figure class=\"wp-block-image size-large\"><img loading=\"lazy\" decoding=\"async\" width=\"1024\" height=\"683\" src=\"https:\/\/corrientesdetarde.com\/wp-content\/uploads\/2026\/08\/image-728-1024x683.png\" alt=\"\" class=\"wp-image-269491\" srcset=\"https:\/\/corrientesdetarde.com\/wp-content\/uploads\/2026\/08\/image-728-1024x683.png 1024w, https:\/\/corrientesdetarde.com\/wp-content\/uploads\/2026\/08\/image-728-300x200.png 300w, https:\/\/corrientesdetarde.com\/wp-content\/uploads\/2026\/08\/image-728-768x512.png 768w, https:\/\/corrientesdetarde.com\/wp-content\/uploads\/2026\/08\/image-728-1536x1024.png 1536w, https:\/\/corrientesdetarde.com\/wp-content\/uploads\/2026\/08\/image-728-2048x1366.png 2048w\" sizes=\"auto, (max-width: 1024px) 100vw, 1024px\" \/><\/figure>\n\n\n\n<figure class=\"wp-block-image size-large\"><img loading=\"lazy\" decoding=\"async\" width=\"1024\" height=\"683\" src=\"https:\/\/corrientesdetarde.com\/wp-content\/uploads\/2026\/08\/image-729-1024x683.png\" alt=\"\" class=\"wp-image-269492\" srcset=\"https:\/\/corrientesdetarde.com\/wp-content\/uploads\/2026\/08\/image-729-1024x683.png 1024w, https:\/\/corrientesdetarde.com\/wp-content\/uploads\/2026\/08\/image-729-300x200.png 300w, https:\/\/corrientesdetarde.com\/wp-content\/uploads\/2026\/08\/image-729-768x512.png 768w, https:\/\/corrientesdetarde.com\/wp-content\/uploads\/2026\/08\/image-729-1536x1024.png 1536w, https:\/\/corrientesdetarde.com\/wp-content\/uploads\/2026\/08\/image-729-2048x1366.png 2048w\" sizes=\"auto, (max-width: 1024px) 100vw, 1024px\" \/><\/figure>\n\n\n\n<figure class=\"wp-block-image size-large\"><img loading=\"lazy\" decoding=\"async\" width=\"1024\" height=\"683\" src=\"https:\/\/corrientesdetarde.com\/wp-content\/uploads\/2026\/08\/image-730-1024x683.png\" alt=\"\" class=\"wp-image-269493\" srcset=\"https:\/\/corrientesdetarde.com\/wp-content\/uploads\/2026\/08\/image-730-1024x683.png 1024w, https:\/\/corrientesdetarde.com\/wp-content\/uploads\/2026\/08\/image-730-300x200.png 300w, https:\/\/corrientesdetarde.com\/wp-content\/uploads\/2026\/08\/image-730-768x512.png 768w, https:\/\/corrientesdetarde.com\/wp-content\/uploads\/2026\/08\/image-730-1536x1024.png 1536w, https:\/\/corrientesdetarde.com\/wp-content\/uploads\/2026\/08\/image-730-2048x1366.png 2048w\" sizes=\"auto, (max-width: 1024px) 100vw, 1024px\" \/><\/figure>\n","protected":false},"excerpt":{"rendered":"<p>Con un programa que reunir\u00e1 conferencias, paneles y espacios de intercambio de experiencias, el Encuentro tendr\u00e1 lugar el 3 y 4 de septiembre y apunta a convertir al turismo en&hellip; <\/p>\n","protected":false},"author":8,"featured_media":269491,"comment_status":"closed","ping_status":"open","sticky":false,"template":"","format":"standard","meta":{"footnotes":""},"categories":[26,31],"tags":[],"class_list":["post-269489","post","type-post","status-publish","format-standard","has-post-thumbnail","hentry","category-destacados","category-turismo"],"_links":{"self":[{"href":"https:\/\/corrientesdetarde.com\/index.php\/wp-json\/wp\/v2\/posts\/269489","targetHints":{"allow":["GET"]}}],"collection":[{"href":"https:\/\/corrientesdetarde.com\/index.php\/wp-json\/wp\/v2\/posts"}],"about":[{"href":"https:\/\/corrientesdetarde.com\/index.php\/wp-json\/wp\/v2\/types\/post"}],"author":[{"embeddable":true,"href":"https:\/\/corrientesdetarde.com\/index.php\/wp-json\/wp\/v2\/users\/8"}],"replies":[{"embeddable":true,"href":"https:\/\/corrientesdetarde.com\/index.php\/wp-json\/wp\/v2\/comments?post=269489"}],"version-history":[{"count":1,"href":"https:\/\/corrientesdetarde.com\/index.php\/wp-json\/wp\/v2\/posts\/269489\/revisions"}],"predecessor-version":[{"id":269494,"href":"https:\/\/corrientesdetarde.com\/index.php\/wp-json\/wp\/v2\/posts\/269489\/revisions\/269494"}],"wp:featuredmedia":[{"embeddable":true,"href":"https:\/\/corrientesdetarde.com\/index.php\/wp-json\/wp\/v2\/media\/269491"}],"wp:attachment":[{"href":"https:\/\/corrientesdetarde.com\/index.php\/wp-json\/wp\/v2\/media?parent=269489"}],"wp:term":[{"taxonomy":"category","embeddable":true,"href":"https:\/\/corrientesdetarde.com\/index.php\/wp-json\/wp\/v2\/categories?post=269489"},{"taxonomy":"post_tag","embeddable":true,"href":"https:\/\/corrientesdetarde.com\/index.php\/wp-json\/wp\/v2\/tags?post=269489"}],"curies":[{"name":"wp","href":"https:\/\/api.w.org\/{rel}","templated":true}]}}