{"id":269506,"date":"2026-08-31T14:12:41","date_gmt":"2026-08-31T17:12:41","guid":{"rendered":"https:\/\/corrientesdetarde.com\/?p=269506"},"modified":"2026-08-31T14:12:53","modified_gmt":"2026-08-31T17:12:53","slug":"moria-casan-revelo-que-tuvo-un-affaire-con-gerardo-sofovich-era-regio","status":"publish","type":"post","link":"https:\/\/corrientesdetarde.com\/index.php\/espectaculos\/moria-casan-revelo-que-tuvo-un-affaire-con-gerardo-sofovich-era-regio\/","title":{"rendered":"Moria Cas\u00e1n revel\u00f3 que tuvo un affaire con Gerardo Sofovich: \u201cEra regio\u201d"},"content":{"rendered":"\n<p>La conductora dio algunos detalles durante una entrevista en su programa con Gustavo, el hijo del recordado productor.<\/p>\n\n\n\n<p><strong>Moria Cas\u00e1n<\/strong>\u00a0sorprendi\u00f3 a todos en su programa\u00a0<em><strong>La ma\u00f1ana con Moria<\/strong><\/em>\u00a0(eltrece) y cont\u00f3 que tuvo un romance con\u00a0<strong>Gerardo Sofovich<\/strong>.<\/p>\n\n\n\n<p>La declaraci\u00f3n surgi\u00f3 durante una entrevista que la conductora le estaba haciendo a\u00a0<strong>Gustavo Sofovich<\/strong>, hijo del hist\u00f3rico productor.<\/p>\n\n\n\n<p>El realizador integral de&nbsp;<em><strong>Pol\u00e9mica en el Bar<\/strong><\/em>&nbsp;(<em>Am\u00e9rica<\/em>) fue el que dispar\u00f3 el tema al decir que el otro d\u00eda Luis Ventura hab\u00eda deslizado el comentario acerca del affaire.<\/p>\n\n\n\n<h2 class=\"wp-block-heading\">Qu\u00e9 dijo Moria Cas\u00e1n sobre Gerardo Sofovich<\/h2>\n\n\n\n<p><strong>Gustavo Sofovich<\/strong>&nbsp;habl\u00f3 acerca de su carrera y la trayectoria que ten\u00eda su padre. En un momento,&nbsp;<strong>tom\u00f3 por sorpresa a Moria&nbsp;<\/strong>al indagar si hab\u00eda tenido algo con Gerardo.<\/p>\n\n\n\n<p>\u201c\u00bfQue te cont\u00f3 algo tu padre m\u00edo?\u201c, dijo Moria. \u201d<strong>Siempre tuve la duda<\/strong>. Te lo iba a preguntar porque el otro d\u00eda lo dijo Ventura. Que vos estuviste un affaire con pap\u00e1\u201c, lanz\u00f3.<\/p>\n\n\n\n<p>Moria Cas\u00e1n habl\u00f3 de su serie y enfrent\u00f3 a los que quieren hacerle juicio. (Foto: captura eltrece)<\/p>\n\n\n\n<p>Moria, entonces, dej\u00f3 con la boca abierta a todos. \u201cTe voy a explicar algo.<strong>&nbsp;Debo decir que todo lo que consegu\u00ed siempre yo.&nbsp;<\/strong>Siempre lo consegu\u00ed sola, sin haberme acostado con nadie. Despu\u00e9s de que consegu\u00ed todo,&nbsp;<strong>pasaron por mis s\u00e1banas quien se me antoj\u00f3<\/strong>\u201d, expuso Moria, frente a los aplausos del resto del panel.<\/p>\n\n\n\n<p>Entonces, la diva fue tajante sobre el pasado y su v\u00ednculo con el hist\u00f3rico productor teatral y cinematogr\u00e1fico. \u201c<strong>Con tu padre ten\u00edamos como un affaire.&nbsp;<\/strong>Le encantaba yo, le encantaba mi inteligencia, a m\u00ed me encantaba a \u00e9l. Tuvimos una cosita ah\u00ed. Divino, divino. Era una divina persona.&nbsp;<strong>Muy bien, s\u00faper regio. Una cosita como refinada<\/strong>\u201d, describi\u00f3.<\/p>\n\n\n\n<p>Entonces, Gustavo Sofovich aclar\u00f3 que su pap\u00e1 \u201cprimero te daba el laburo y a lo mejor vos te convert\u00edas en una estrella\u201d. \u201cPero despu\u00e9s, Gerardo era un depredador\u201d, se sincer\u00f3.<\/p>\n\n\n\n<p>Moria replic\u00f3: \u201cClaro, y yo tambi\u00e9n. Era un regio. Imaginate lo que \u00e9ramos todas nosotras a los veintitantos a\u00f1os.<strong>&nbsp;Semejantes bombas.&nbsp;<\/strong>Yo nunca aprovech\u00e9 mi belleza para nada. Hac\u00eda lo que ten\u00eda que hacer. Pero ninguno pas\u00f3 por mis armas. Todo lo consegu\u00ed por mi belleza, por mi talento. Y porque el aura que tengo es \u00e1ngel. Hay un aura que es imantada. Si no, hay miles de personas. \u00bfPor qu\u00e9 es una? Porque tengo 80 a\u00f1os y estoy as\u00ed, mi amor, sana&#8221;.<\/p>\n\n\n\n<figure class=\"wp-block-image\"><img decoding=\"async\" src=\"https:\/\/tn.com.ar\/resizer\/v2\/lo-ultimo-que-hizo-gerardo-sofovich-en-television-fue-en-el-programa-los-8-escalones-con-guido-kaczka-foto-captura-de-eltrece-LFRVS4EHYZHUNDMHGCP7K2PG6A.jpg?auth=378998bf466a186ad7e329c8be5e56611622d4976ddc8f16e777badbf63cb75d&amp;width=767\" alt=\"Lo \u00faltimo que hizo Gerardo Sofovich en televisi\u00f3n fue en el programa &quot;Los 8 escalones&quot; con Guido Kaczka. (Foto: captura de eltrece)\"\/><\/figure>\n\n\n\n<p>Adem\u00e1s de tener a&nbsp;<strong>Gustavo Sofovich<\/strong>&nbsp;en el piso de su programa, en su regreso a la Argentina, Moria dispar\u00f3 contra quienes quieren hacerle&nbsp;<strong>juicio a la serie que retrata su vida.<\/strong><\/p>\n\n\n\n<p>En medio de la repercusi\u00f3n que gener\u00f3 el estreno de su serie biogr\u00e1fica en&nbsp;<em>Netflix<\/em>, la diva&nbsp;<strong>enfrent\u00f3&nbsp;<\/strong>a los que cuestionaron la ficci\u00f3n. \u201cMe da lo mismo. Quien quiera hacer juicio que lo haga. Soy una mujer que practica las tres E:&nbsp;<strong>estoy elevada, envaselinada y exonerada<\/strong>\u201d, expres\u00f3, fiel a su estilo.<\/p>\n","protected":false},"excerpt":{"rendered":"<p>La conductora dio algunos detalles durante una entrevista en su programa con Gustavo, el hijo del recordado productor. Moria Cas\u00e1n\u00a0sorprendi\u00f3 a todos en su programa\u00a0La ma\u00f1ana con Moria\u00a0(eltrece) y cont\u00f3&hellip; <\/p>\n","protected":false},"author":8,"featured_media":269507,"comment_status":"closed","ping_status":"open","sticky":false,"template":"","format":"standard","meta":{"footnotes":""},"categories":[19],"tags":[],"class_list":["post-269506","post","type-post","status-publish","format-standard","has-post-thumbnail","hentry","category-espectaculos"],"_links":{"self":[{"href":"https:\/\/corrientesdetarde.com\/index.php\/wp-json\/wp\/v2\/posts\/269506","targetHints":{"allow":["GET"]}}],"collection":[{"href":"https:\/\/corrientesdetarde.com\/index.php\/wp-json\/wp\/v2\/posts"}],"about":[{"href":"https:\/\/corrientesdetarde.com\/index.php\/wp-json\/wp\/v2\/types\/post"}],"author":[{"embeddable":true,"href":"https:\/\/corrientesdetarde.com\/index.php\/wp-json\/wp\/v2\/users\/8"}],"replies":[{"embeddable":true,"href":"https:\/\/corrientesdetarde.com\/index.php\/wp-json\/wp\/v2\/comments?post=269506"}],"version-history":[{"count":1,"href":"https:\/\/corrientesdetarde.com\/index.php\/wp-json\/wp\/v2\/posts\/269506\/revisions"}],"predecessor-version":[{"id":269508,"href":"https:\/\/corrientesdetarde.com\/index.php\/wp-json\/wp\/v2\/posts\/269506\/revisions\/269508"}],"wp:featuredmedia":[{"embeddable":true,"href":"https:\/\/corrientesdetarde.com\/index.php\/wp-json\/wp\/v2\/media\/269507"}],"wp:attachment":[{"href":"https:\/\/corrientesdetarde.com\/index.php\/wp-json\/wp\/v2\/media?parent=269506"}],"wp:term":[{"taxonomy":"category","embeddable":true,"href":"https:\/\/corrientesdetarde.com\/index.php\/wp-json\/wp\/v2\/categories?post=269506"},{"taxonomy":"post_tag","embeddable":true,"href":"https:\/\/corrientesdetarde.com\/index.php\/wp-json\/wp\/v2\/tags?post=269506"}],"curies":[{"name":"wp","href":"https:\/\/api.w.org\/{rel}","templated":true}]}}