{"id":269509,"date":"2026-08-31T14:31:45","date_gmt":"2026-08-31T17:31:45","guid":{"rendered":"https:\/\/corrientesdetarde.com\/?p=269509"},"modified":"2026-08-31T14:31:50","modified_gmt":"2026-08-31T17:31:50","slug":"corrientes-baila-al-mundo-con-pasaporte-a-la-danza","status":"publish","type":"post","link":"https:\/\/corrientesdetarde.com\/index.php\/cultura\/corrientes-baila-al-mundo-con-pasaporte-a-la-danza\/","title":{"rendered":"Corrientes baila al mundo con &#8220;Pasaporte a la danza&#8221;"},"content":{"rendered":"\n<p><em>La propuesta art\u00edstica reunir\u00e1 a academias, escuelas y ballet en un espect\u00e1culo que celebra la diversidad de culturas y lenguajes, destinada para toda la familia, el domingo 6 de septiembre a las 18 horas.<\/em><\/p>\n\n\n\n<p>Fruto de un convenio firmado oportunamente entre el Instituto de Cultura de la Provincia&nbsp;y la Asociaci\u00f3n Civil de Trabajadores Esc\u00e9nicos de Corrientes (ACTECOR), este domingo se llevar\u00e1 a cabo &#8220;Pasaporte a la danza&#8221;,&nbsp;a partir de las 18 horas en el Teatro Oficial &#8220;Juan de Vera&#8221;. Desde la organizaci\u00f3n que est\u00e1 a cargo de ACTECOR, se\u00f1alaron que la propuesta es mucho m\u00e1s que un espect\u00e1culo: es una invitaci\u00f3n a viajar sin salir del escenario, conocer otras culturas y celebrar la diversidad a trav\u00e9s de un lenguaje art\u00edstico universal.<\/p>\n\n\n\n<p>Esto se inscribe como parte de las acciones destinadas a promover la actividad art\u00edstica, la circulaci\u00f3n de propuestas y el fortalecimiento del sector esc\u00e9nico provincial. La direcci\u00f3n art\u00edstica de Alejandra Jauregui y la propuesta plantea una experiencia integral para toda la familia, donde danza, actuaci\u00f3n y narrativa se combinan para contar la historia de una profesora y sus alumnos que emprenden un viaje imaginario por diferentes pa\u00edses y culturas.<\/p>\n\n\n\n<p>Francia, Arabia, India, Estados Unidos, Cuba, Colombia, Centroam\u00e9rica, Brasil y Argentina ser\u00e1n algunos de los destinos de este particular recorrido, con una puesta que atravesar\u00e1 diferentes lenguajes: danza neocl\u00e1sica, danzas \u00e1rabes, bollywood, ritmos urbanos y latinos, samba y folklore argentino, entre otros.<\/p>\n\n\n\n<p>La iniciativa tiene adem\u00e1s un marcado car\u00e1cter colectivo. Distintas academias, escuelas y ballet compartir\u00e1n escenario, generando un encuentro entre diversos estilos, t\u00e9cnicas, generaciones y expresiones culturales. El resultado ser\u00e1 una obra que busca mostrar c\u00f3mo la danza puede convertirse en un lenguaje com\u00fan capaz de unir a personas y comunidades.<\/p>\n\n\n\n<p>Participar\u00e1n la Academia AJ Danza, dirigida por Alejandra Jauregui; Academia BellyPlie, con Constanza Villar y Alejandra Ferreyra; Academia \u00c9lev\u00e9e Heels, a cargo de Tina Levatti; Academia Al mayr, de Jessica Flores; Academia Mil Ritmos, de Milagros Gonz\u00e1lez; Academia Malak Dance, con Lorena Arriola y Micaela Valle Ruid\u00edaz; Solafro, de Sole Urbano; Agua de Lluvia, de Rodrigo Gemignani; Estilo Femenino, de Micaela Medina; y Ballet Release, con la colaboraci\u00f3n de Teatro Musical Corrientes, bajo la responsabilidad de Loly Fiorini.<\/p>\n\n\n\n<p>La producci\u00f3n y coordinaci\u00f3n general de ACTECOR estar\u00e1 a cargo de Loly Fiorini, Mauro Santamar\u00eda, Eduardo Morales, Melina Dionisi, Charly Valenzuela y Toni Monz\u00f3n. La t\u00e9cnica general ser\u00e1 responsabilidad de Gast\u00f3n Alexis, con asistencia en sonido de Nicol\u00e1s S\u00e1nchez.<\/p>\n\n\n\n<p><strong>Entradas<\/strong><\/p>\n\n\n\n<p>Las entradas se encuentran a la venta en&nbsp;<a href=\"https:\/\/4ue34.r.a.d.sendibm1.com\/mk\/cl\/f\/sh\/6rqJfgq8dINmNvd2HB7mP7OK8Ju\/ZHzKU_nPmO9p\" target=\"_blank\" rel=\"noreferrer noopener\">weepas.ar\/<\/a>&nbsp;y en boleter\u00eda del teatro Vera, en San Juan 637, de lunes a s\u00e1bados de 9 a 13 y de 17 a 21 horas.<\/p>\n\n\n\n<p>Tambi\u00e9n se puede adquirir a trav\u00e9s de una promo del Banco de Corrientes, en 3 cuotas sin inter\u00e9s y con 20% de descuento. Beses y condiciones:&nbsp;<a href=\"https:\/\/4ue34.r.a.d.sendibm1.com\/mk\/cl\/f\/sh\/6rqJfgq8dIPRQNvBlUXKKiWFlcw\/LyN5aNMe8g8a\" target=\"_blank\" rel=\"noreferrer noopener\">www.promosdelbanco.com<\/a>.<\/p>\n","protected":false},"excerpt":{"rendered":"<p>La propuesta art\u00edstica reunir\u00e1 a academias, escuelas y ballet en un espect\u00e1culo que celebra la diversidad de culturas y lenguajes, destinada para toda la familia, el domingo 6 de septiembre&hellip; <\/p>\n","protected":false},"author":8,"featured_media":269510,"comment_status":"closed","ping_status":"open","sticky":false,"template":"","format":"standard","meta":{"footnotes":""},"categories":[15],"tags":[],"class_list":["post-269509","post","type-post","status-publish","format-standard","has-post-thumbnail","hentry","category-cultura"],"_links":{"self":[{"href":"https:\/\/corrientesdetarde.com\/index.php\/wp-json\/wp\/v2\/posts\/269509","targetHints":{"allow":["GET"]}}],"collection":[{"href":"https:\/\/corrientesdetarde.com\/index.php\/wp-json\/wp\/v2\/posts"}],"about":[{"href":"https:\/\/corrientesdetarde.com\/index.php\/wp-json\/wp\/v2\/types\/post"}],"author":[{"embeddable":true,"href":"https:\/\/corrientesdetarde.com\/index.php\/wp-json\/wp\/v2\/users\/8"}],"replies":[{"embeddable":true,"href":"https:\/\/corrientesdetarde.com\/index.php\/wp-json\/wp\/v2\/comments?post=269509"}],"version-history":[{"count":1,"href":"https:\/\/corrientesdetarde.com\/index.php\/wp-json\/wp\/v2\/posts\/269509\/revisions"}],"predecessor-version":[{"id":269511,"href":"https:\/\/corrientesdetarde.com\/index.php\/wp-json\/wp\/v2\/posts\/269509\/revisions\/269511"}],"wp:featuredmedia":[{"embeddable":true,"href":"https:\/\/corrientesdetarde.com\/index.php\/wp-json\/wp\/v2\/media\/269510"}],"wp:attachment":[{"href":"https:\/\/corrientesdetarde.com\/index.php\/wp-json\/wp\/v2\/media?parent=269509"}],"wp:term":[{"taxonomy":"category","embeddable":true,"href":"https:\/\/corrientesdetarde.com\/index.php\/wp-json\/wp\/v2\/categories?post=269509"},{"taxonomy":"post_tag","embeddable":true,"href":"https:\/\/corrientesdetarde.com\/index.php\/wp-json\/wp\/v2\/tags?post=269509"}],"curies":[{"name":"wp","href":"https:\/\/api.w.org\/{rel}","templated":true}]}}