{"id":26951,"date":"2022-12-12T17:49:42","date_gmt":"2022-12-12T20:49:42","guid":{"rendered":"https:\/\/corrientesdetarde.com\/?p=26951"},"modified":"2022-12-12T17:49:46","modified_gmt":"2022-12-12T20:49:46","slug":"momo-benavides-hablo-sobre-su-despido-por-fifa-buscaron-un-vericueto-legal","status":"publish","type":"post","link":"https:\/\/corrientesdetarde.com\/index.php\/tendencias\/momo-benavides-hablo-sobre-su-despido-por-fifa-buscaron-un-vericueto-legal\/","title":{"rendered":"Momo Benavides habl\u00f3 sobre su despido por FIFA: &#8220;Buscaron un vericueto legal&#8221;"},"content":{"rendered":"\n<p>El streamer, que oficiaba como voz del estadio en los partidos de la Selecci\u00f3n argentina, habl\u00f3 en exclusiva con C5N sobre la intempestiva decisi\u00f3n de la FIFA.<\/p>\n\n\n\n<p>Tras el duro encuentro por los cuartos de final del<strong>&nbsp;Mundial de Qatar 2022<\/strong>&nbsp;contra&nbsp;<strong>Pa\u00edses Bajos<\/strong>,&nbsp;<strong>Momo Benavidez<\/strong>, quien tiene una gran relaci\u00f3n con todos los jugadores argentino y se desempe\u00f1aba como voz del estadio cuando jugaba la Selecci\u00f3n, explic\u00f3 los motivos de su despido por por orden de la&nbsp;<strong>FIFA<\/strong>.<\/p>\n\n\n\n<p>&#8220;Conozco bien los tiempos de la mentira y por eso dej\u00e9 pasar un tiempo para hablar. Los que todav\u00eda manejan los medios de comunicaci\u00f3n, entienden que la mentira que est\u00e1n diciendo tienen patas cortas o largas seg\u00fan la credibilidad del que hablan. Pero cuando vos te metes con alguien que es trigo limpio, porque a mi nunca me encontraron nada, corro con esa ventaja y los dej\u00e9 que mientan para exponerlos&#8221;, manifest\u00f3 el streamer en di\u00e1logo con la periodista de C5N Luciana Rubinska desde Qatar.<\/p>\n\n\n\n<p>En cuanto al rol que desempe\u00f1aba, coment\u00f3: &#8220;Yo hice exactamente lo mismo durante 6 partidos: hacer mi contenido en el campo de juego y presentar a los jugadores, y los organizadores se fueron amoldando a mi manera&#8221;.<\/p>\n\n\n\n<p>&#8220;El partido contra Pa\u00edses Bajos fue muy caliente, con un arbitraje pol\u00e9mico. Cuando salgo del estadio, veo que estaban matando a la Selecci\u00f3n argentina y a Messi por &#8216;festejo desmedidos&#8217;, &#8216;actitudes&#8217;,&nbsp;<strong>entonces salgo con un tuit exponiendo a tres medios de comunicaci\u00f3n y a un periodista, y pido que no se recuerden por qu\u00e9 no los jugadores no le dan nota&#8221;, resalt\u00f3 Momo.<\/strong><\/p>\n\n\n\n<p>En este sentido, el influencer resalt\u00f3: &#8220;Eso no gust\u00f3 pero contractualmente no pod\u00edan decir nada, porque no estaba incumpliendo ninguna norma, pero si encontraron un vericueto legal para poder extinguir el contrato. Tengo la confirmaci\u00f3n que el castigo vino por ese motivo, el blog no hab\u00eda salido cuando me avisaron que ya no era parte&#8221;, dejando en claro que la decisi\u00f3n de la FIFA no tuvo que ver con los dichos publicados en sus blog, ya que por motivos t\u00e9cnicos estos se publicaron 24 horas despu\u00e9s.<\/p>\n\n\n\n<p>Tras sus desmentida en las redes sociales, Momo Benavides cont\u00f3 que &#8220;dos medios ya bajaron la noticia&#8221; y que &#8220;le pidieron disculpas por privado&#8221;.<\/p>\n","protected":false},"excerpt":{"rendered":"<p>El streamer, que oficiaba como voz del estadio en los partidos de la Selecci\u00f3n argentina, habl\u00f3 en exclusiva con C5N sobre la intempestiva decisi\u00f3n de la FIFA. Tras el duro&hellip; <\/p>\n","protected":false},"author":8,"featured_media":26952,"comment_status":"closed","ping_status":"open","sticky":false,"template":"","format":"standard","meta":{"footnotes":""},"categories":[28],"tags":[],"class_list":["post-26951","post","type-post","status-publish","format-standard","has-post-thumbnail","hentry","category-tendencias"],"_links":{"self":[{"href":"https:\/\/corrientesdetarde.com\/index.php\/wp-json\/wp\/v2\/posts\/26951","targetHints":{"allow":["GET"]}}],"collection":[{"href":"https:\/\/corrientesdetarde.com\/index.php\/wp-json\/wp\/v2\/posts"}],"about":[{"href":"https:\/\/corrientesdetarde.com\/index.php\/wp-json\/wp\/v2\/types\/post"}],"author":[{"embeddable":true,"href":"https:\/\/corrientesdetarde.com\/index.php\/wp-json\/wp\/v2\/users\/8"}],"replies":[{"embeddable":true,"href":"https:\/\/corrientesdetarde.com\/index.php\/wp-json\/wp\/v2\/comments?post=26951"}],"version-history":[{"count":1,"href":"https:\/\/corrientesdetarde.com\/index.php\/wp-json\/wp\/v2\/posts\/26951\/revisions"}],"predecessor-version":[{"id":26953,"href":"https:\/\/corrientesdetarde.com\/index.php\/wp-json\/wp\/v2\/posts\/26951\/revisions\/26953"}],"wp:featuredmedia":[{"embeddable":true,"href":"https:\/\/corrientesdetarde.com\/index.php\/wp-json\/wp\/v2\/media\/26952"}],"wp:attachment":[{"href":"https:\/\/corrientesdetarde.com\/index.php\/wp-json\/wp\/v2\/media?parent=26951"}],"wp:term":[{"taxonomy":"category","embeddable":true,"href":"https:\/\/corrientesdetarde.com\/index.php\/wp-json\/wp\/v2\/categories?post=26951"},{"taxonomy":"post_tag","embeddable":true,"href":"https:\/\/corrientesdetarde.com\/index.php\/wp-json\/wp\/v2\/tags?post=26951"}],"curies":[{"name":"wp","href":"https:\/\/api.w.org\/{rel}","templated":true}]}}