{"id":269512,"date":"2026-08-31T14:40:19","date_gmt":"2026-08-31T17:40:19","guid":{"rendered":"https:\/\/corrientesdetarde.com\/?p=269512"},"modified":"2026-08-31T14:40:25","modified_gmt":"2026-08-31T17:40:25","slug":"ante-el-g20-caputo-defendio-el-plan-economico-a-la-espera-de-nuevos-apoyos-del-tesoro-de-ee-uu-y-el-fmi","status":"publish","type":"post","link":"https:\/\/corrientesdetarde.com\/index.php\/economia\/ante-el-g20-caputo-defendio-el-plan-economico-a-la-espera-de-nuevos-apoyos-del-tesoro-de-ee-uu-y-el-fmi\/","title":{"rendered":"Ante el G20, Caputo defendi\u00f3 el plan econ\u00f3mico a la espera de nuevos apoyos del Tesoro de EE.UU. y el FMI"},"content":{"rendered":"\n<p>El ministro de Econom\u00eda se quedar\u00e1 en Carolina del Norte por dos d\u00edas. Viaj\u00f3 con Santiago Bausili y Jos\u00e9 Luis Daza para hablar sobre las medidas implementadas en la Argentina. Podr\u00eda reunirse con el secretario del Tesoro de EE.UU. y la titular del FMI.<\/p>\n\n\n\n<p>El ministro de Econom\u00eda,\u00a0<strong>Luis Caputo<\/strong>,\u00a0inici\u00f3 este lunes su participaci\u00f3n en la reuni\u00f3n de ministros de Finanzas y jefes de bancos centrales<strong>\u00a0del G20<\/strong>, en Estados Unidos. Durante ese evento, espera tener\u00a0<strong>dos encuentros clave<\/strong>\u00a0que den respaldo al programa econ\u00f3mico: con el secretario del Tesoro,\u00a0<strong>Scott Bessent,<\/strong>\u00a0y la jefa del FMI,\u00a0<strong>Kristalina Georgieva.<\/strong><\/p>\n\n\n\n<p>El funcionario fue el orador principal de la sesi\u00f3n dedicada al\u00a0<strong>crecimiento<\/strong>, una de las prioridades\u00a0de esta edici\u00f3n de la cumbre que reunir\u00e1 a los presidentes del G20 en Miami, en diciembre.<\/p>\n\n\n\n<p>Durante su exposici\u00f3n, Caputo puso especial&nbsp;<strong>\u00e9nfasis en promover el crecimiento econ\u00f3mico y fortalecer la participaci\u00f3n del sector privado<\/strong>&nbsp;en las discusiones.<\/p>\n\n\n\n<p>El ministro destac\u00f3 que&nbsp;<strong>la estabilidad macroecon\u00f3mica&nbsp;<\/strong>es la base para alcanzar un<strong>&nbsp;crecimiento sostenido&nbsp;<\/strong>y&nbsp;<strong>present\u00f3 la experiencia argentin<\/strong>a a partir del programa econ\u00f3mico impulsado por el presidente Javier Milei, orientado a recuperar el equilibrio fiscal y generar las condiciones para una mayor inversi\u00f3n privada.<\/p>\n\n\n\n<p>Caputo se\u00f1al\u00f3 que la Argentina<strong>&nbsp;redujo el gasto p\u00fablico un 30%<\/strong>&nbsp;en t\u00e9rminos reales desde diciembre de 2023 y apunt\u00f3 a&nbsp;<strong>eliminar el d\u00e9ficit fiscal y el d\u00e9ficit cuasifiscal&nbsp;<\/strong>del Banco Central. Adem\u00e1s, coment\u00f3, se&nbsp;<strong>redujeron impuestos<\/strong>&nbsp;por el equivalente a&nbsp;<strong>3 puntos del PBI<\/strong>&nbsp;en el marco de una profunda desregulaci\u00f3n de la econom\u00eda.<\/p>\n\n\n\n<p>Adem\u00e1s,<strong>&nbsp;destac\u00f3 las reformas<\/strong>&nbsp;recientemente aprobadas, entre ellas la&nbsp;<strong>laboral,<\/strong>&nbsp;orientada a incrementar la formalidad, y la que debate el Congreso para la nueva<strong>&nbsp;carta org\u00e1nica del Banco Central<\/strong>, que fortalece su independencia y establece la prohibici\u00f3n de financiar el d\u00e9ficit del Tesoro.<\/p>\n\n\n\n<p>Caputo enfatiz\u00f3 que&nbsp;<strong>la inversi\u00f3n privada&nbsp;<\/strong>debe ser el principal&nbsp;<strong>motor del crecimiento<\/strong>&nbsp;y subray\u00f3 la importancia de contar con reglas claras, menor intervenci\u00f3n estatal, una&nbsp;<strong>regulaci\u00f3n m\u00e1s simple y una econom\u00eda m\u00e1s competitiva&nbsp;<\/strong>que fortalezca el comercio internacional.<\/p>\n\n\n\n<p>En ese sentido, destac\u00f3 los resultados del&nbsp;<strong>RIGI<\/strong>, que cuenta con proyectos<strong>&nbsp;aprobados<\/strong>&nbsp;cercanos a<strong>&nbsp;US$50.000 millones,<\/strong>&nbsp;mientras otros proyectos por unos US$150.000 millones est\u00e1n en evaluaci\u00f3n.<\/p>\n\n\n\n<p><strong>Caputo destac\u00f3 que Argentina crecer\u00e1 en t\u00e9rminos per c\u00e1pita por primera vez en 16 a\u00f1os<\/strong>, en un contexto de super\u00e1vit fiscal y super\u00e1vit de cuenta corriente.<\/p>\n\n\n\n<p>Finalmente, el ministro sostuvo que la&nbsp;<strong>participaci\u00f3n del sector privado&nbsp;<\/strong>debe continuar siendo un&nbsp;<strong>componente central de la agenda del G20.<\/strong>&nbsp;En ese sentido, plante\u00f3 la necesidad de mantener un di\u00e1logo sostenido entre gobiernos y empresas para&nbsp;<strong>identificar restricciones, impulsar reformas de alto impacto y generar condiciones<\/strong>&nbsp;que favorezcan la inversi\u00f3n y la innovaci\u00f3n.<\/p>\n\n\n\n<h2 class=\"wp-block-heading\">La agenda de Caputo en el G20: a la espera de Bessent y la jefa del FMI<\/h2>\n\n\n\n<p>El titular del Palacio de Hacienda viaj\u00f3 a Carolina del Norte junto al presidente del Banco Central,&nbsp;<strong>Santiago Bausili<\/strong>, y el secretario de Pol\u00edtica Econ\u00f3mica,&nbsp;<strong>Jos\u00e9 Luis Daza<\/strong>, para participar de diferentes debates.<\/p>\n\n\n\n<figure class=\"wp-block-image\"><img decoding=\"async\" src=\"https:\/\/tn.com.ar\/resizer\/v2\/el-secretario-del-tesoro-de-eeuu-scott-bessent-abrio-la-reunion-de-ministros-y-jefes-de-bancos-centrales-del-g20-donde-participan-luis-caputo-y-santiago-bausili-foto-afp-GMI764M6XFFIVNHPOXS2KONLXA.jpg?auth=61b5dd97dbb08f6a5d0aa2ae50d6f43174b38e7cba77b2eda15098e79b263c27&amp;width=767\" alt=\"El secretario del Tesoro de EE.UU., Scott Bessent, abri\u00f3 la reuni\u00f3n de ministros y jefes de bancos centrales del G20. donde participan Luis Caputo y Santiago Bausili. (Foto: AFP)\"\/><\/figure>\n\n\n\n<p>En ese contexto, hay expectativas de que se produzcan reuniones con&nbsp;<strong>Scott Bessent<\/strong>, secretario del Tesoro estadounidense, y la titular del FMI,&nbsp;<strong>Kristalina Georgieva<\/strong>, en el marco del evento.<\/p>\n\n\n\n<p>No se inform\u00f3 oficialmente el momento preciso en el que podr\u00edan suceder las reuniones en Asheville, donde<strong>\u00a0Bessent es el anfitri\u00f3n<\/strong> del encuentro.<\/p>\n\n\n\n<p>La reuni\u00f3n de ministros de Finanzas y jefes de bancos centrales, que se desarrolla en Asheville este lunes 31 y martes 1 de septiembre, es preparatoria para la<strong>&nbsp;cumbre de mandatarios del G20,<\/strong>&nbsp;que tendr\u00e1 lugar el&nbsp;<strong>14 y 15 de diciembre en&nbsp;<\/strong>el complejo Trump National Doral&nbsp;<strong>Miami.<\/strong><\/p>\n\n\n\n<p>En paralelo, el calendario contempla la&nbsp;<strong>Reuni\u00f3n Ministerial sobre Innovaci\u00f3n<\/strong>, que tendr\u00e1 lugar el martes en Raleigh-Durham, Carolina del Norte.<\/p>\n\n\n\n<p>Durante el encuentro tambi\u00e9n analizar\u00e1n los desequilibrios fiscales entre naciones, las criptomonedas y su regulaci\u00f3n, en un entorno de creciente incertidumbre por las pol\u00edticas arancelarias de la Casa Blanca o la propia deuda estadounidense.<\/p>\n\n\n\n<figure class=\"wp-block-image\"><img decoding=\"async\" src=\"https:\/\/tn.com.ar\/resizer\/v2\/hay-expectativa-por-un-posible-encuentro-con-la-titular-del-fmi-kristalina-georgieva-foto-tomas-cuestareuters-SXBWDDHLO5DGFHEGSCPFEFYL7E.jpg?auth=34b6ca6e43fccbf35bf83a88a5be07c2453bc58a611c81ea1ea1d4b31a189277&amp;width=767\" alt=\"Hay expectativa por un posible encuentro con la titular del FMI, Kristalina Georgieva. (Foto: Tom\u00e1s Cuesta\/Reuters).\"\/><\/figure>\n\n\n\n<p>\u201cLos temas clave de nuestra presidencia del G20 han sido acelerar el&nbsp;<strong>crecimiento&nbsp;<\/strong>y abordar los&nbsp;<strong>desequilibrios globales<\/strong>\u201d, explic\u00f3 un funcionario del Departamento del Tesoro estadounidense, el cual asegura que el gobierno de Donald Trump ha colocado en el centro de su agenda econ\u00f3mica tanto la inversi\u00f3n corporativa como el rol proactivo del sector privado.<\/p>\n\n\n\n<p>Seg\u00fan pudo saber\u00a0, Caputo estar\u00e1 de regreso en la Argentina el mi\u00e9rcoles para participar de una charla en el marco del evento \u201c<em>Vientos de Cambio: Avanza la Libertad en Argentina y las Am\u00e9ricas\u201d.<\/em>\u00a0El viernes, en tanto, estar\u00e1 en la Convenci\u00f3n Anual del\u00a0<em>IAEF.<\/em><\/p>\n\n\n\n<h2 class=\"wp-block-heading\">El encuentro de Bausili con el embajador argentino en Estados Unidos<\/h2>\n\n\n\n<p>Antes, Bausili se encontr\u00f3 con el embajador de Argentina en Estados Unidos, Alec Oxenford, durante el&nbsp;<strong>Simposio de Pol\u00edtica Econ\u00f3mica de Jackson Hole.<\/strong><\/p>\n\n\n\n<p><strong>\u201cQu\u00e9 privilegio compartir ideas<\/strong>&nbsp;y perspectivas sobre la transformaci\u00f3n econ\u00f3mica de Argentina y la visi\u00f3n de Milei. Un p\u00fablico extraordinario y un nivel de inter\u00e9s extraordinario en Argentina. Discutimos c\u00f3mo el presidente Milei, el ministro Luis Caputo y el gobernador Santiago Bausili han&nbsp;<strong>logrado romper el ciclo de inestabilidad macroecon\u00f3mica que defini\u00f3 a Argentina durante d\u00e9cadas\u201d,<\/strong>&nbsp;expres\u00f3 Oxenford en su cuenta de X.<\/p>\n\n\n\n<p>Y agreg\u00f3: \u201cEl punto de partida fue simple pero fundamental: la disciplina fiscal. La estabilidad fiscal cre\u00f3 las condiciones para la estabilidad monetaria; la estabilidad monetaria est\u00e1 restaurando la predictibilidad y la confianza. Y la confianza es lo que permite que regrese la inversi\u00f3n\u201d.<\/p>\n\n\n\n<figure class=\"wp-block-image size-large\"><img loading=\"lazy\" decoding=\"async\" width=\"1024\" height=\"573\" src=\"https:\/\/corrientesdetarde.com\/wp-content\/uploads\/2026\/08\/image-742-1024x573.png\" alt=\"\" class=\"wp-image-269513\" srcset=\"https:\/\/corrientesdetarde.com\/wp-content\/uploads\/2026\/08\/image-742-1024x573.png 1024w, https:\/\/corrientesdetarde.com\/wp-content\/uploads\/2026\/08\/image-742-300x168.png 300w, https:\/\/corrientesdetarde.com\/wp-content\/uploads\/2026\/08\/image-742-768x430.png 768w, https:\/\/corrientesdetarde.com\/wp-content\/uploads\/2026\/08\/image-742.png 1440w\" sizes=\"auto, (max-width: 1024px) 100vw, 1024px\" \/><\/figure>\n","protected":false},"excerpt":{"rendered":"<p>El ministro de Econom\u00eda se quedar\u00e1 en Carolina del Norte por dos d\u00edas. Viaj\u00f3 con Santiago Bausili y Jos\u00e9 Luis Daza para hablar sobre las medidas implementadas en la Argentina.&hellip; <\/p>\n","protected":false},"author":8,"featured_media":269513,"comment_status":"closed","ping_status":"open","sticky":false,"template":"","format":"standard","meta":{"footnotes":""},"categories":[20],"tags":[],"class_list":["post-269512","post","type-post","status-publish","format-standard","has-post-thumbnail","hentry","category-economia"],"_links":{"self":[{"href":"https:\/\/corrientesdetarde.com\/index.php\/wp-json\/wp\/v2\/posts\/269512","targetHints":{"allow":["GET"]}}],"collection":[{"href":"https:\/\/corrientesdetarde.com\/index.php\/wp-json\/wp\/v2\/posts"}],"about":[{"href":"https:\/\/corrientesdetarde.com\/index.php\/wp-json\/wp\/v2\/types\/post"}],"author":[{"embeddable":true,"href":"https:\/\/corrientesdetarde.com\/index.php\/wp-json\/wp\/v2\/users\/8"}],"replies":[{"embeddable":true,"href":"https:\/\/corrientesdetarde.com\/index.php\/wp-json\/wp\/v2\/comments?post=269512"}],"version-history":[{"count":1,"href":"https:\/\/corrientesdetarde.com\/index.php\/wp-json\/wp\/v2\/posts\/269512\/revisions"}],"predecessor-version":[{"id":269514,"href":"https:\/\/corrientesdetarde.com\/index.php\/wp-json\/wp\/v2\/posts\/269512\/revisions\/269514"}],"wp:featuredmedia":[{"embeddable":true,"href":"https:\/\/corrientesdetarde.com\/index.php\/wp-json\/wp\/v2\/media\/269513"}],"wp:attachment":[{"href":"https:\/\/corrientesdetarde.com\/index.php\/wp-json\/wp\/v2\/media?parent=269512"}],"wp:term":[{"taxonomy":"category","embeddable":true,"href":"https:\/\/corrientesdetarde.com\/index.php\/wp-json\/wp\/v2\/categories?post=269512"},{"taxonomy":"post_tag","embeddable":true,"href":"https:\/\/corrientesdetarde.com\/index.php\/wp-json\/wp\/v2\/tags?post=269512"}],"curies":[{"name":"wp","href":"https:\/\/api.w.org\/{rel}","templated":true}]}}