{"id":269515,"date":"2026-08-31T14:58:15","date_gmt":"2026-08-31T17:58:15","guid":{"rendered":"https:\/\/corrientesdetarde.com\/?p=269515"},"modified":"2026-08-31T14:58:20","modified_gmt":"2026-08-31T17:58:20","slug":"causa-contra-facundo-moyano-declararon-la-madre-y-la-hermana-de-candela-arizaga-y-la-investigacion-entro-en-una-etapa-clave","status":"publish","type":"post","link":"https:\/\/corrientesdetarde.com\/index.php\/espectaculos\/causa-contra-facundo-moyano-declararon-la-madre-y-la-hermana-de-candela-arizaga-y-la-investigacion-entro-en-una-etapa-clave\/","title":{"rendered":"Causa contra Facundo Moyano: declararon la madre y la hermana de Candela Arizaga y la investigaci\u00f3n entr\u00f3 en una etapa clave"},"content":{"rendered":"\n<p>Las familiares de la influencer fueron las \u00faltimas testigos solicitadas por la fiscal\u00eda, que investiga al sindicalista por lesiones leves y privaci\u00f3n ileg\u00edtima de la libertad.<\/p>\n\n\n\n<p>La investigaci\u00f3n por la denuncia contra\u00a0<strong>Facundo Moyano<\/strong>\u00a0sum\u00f3 este lunes un cap\u00edtulo clave:\u00a0<strong>la madre y la hermana de Candela Arizaga<\/strong>, pareja del sindicalista, se presentaron a declarar en la Fiscal\u00eda Penal, Contravencional y de Faltas N\u00b031 de la Ciudad de Buenos Aires.<\/p>\n\n\n\n<p><strong>Miriam Puntonet<\/strong>\u00a0y\u00a0<strong>Victoria<\/strong>, madre y hermana de la joven influencer, fueron citadas para prestar testimonio en la causa en la que Moyano est\u00e1 acusado de\u00a0<strong>lesiones leves y privaci\u00f3n ileg\u00edtima de la libertad<\/strong>.<\/p>\n\n\n\n<p>Antes de la citaci\u00f3n a las familiares, ya hab\u00edan declarado&nbsp;<strong>m\u00e9dicos, polic\u00edas, vecinos, la empleada dom\u00e9stica del exdiputado y una amiga de Arizaga<\/strong>. El objetivo de la fiscal\u00eda es determinar si existi\u00f3 delito por parte de Moyano hacia la joven.<\/p>\n\n\n\n<figure class=\"wp-block-image\"><img decoding=\"async\" src=\"https:\/\/tn.com.ar\/resizer\/v2\/foto-instagram-candelamagaliok-5JXN7Y5EEVHJ7MUJUREUUTB7DE.jpg?auth=b37f395a6a9e46b59da12fed8fa3a3a246638d55075f81d7ae4cdd17ff632bfc&amp;width=767\" alt=\"(Foto: Instagram @candelamagaliok)\"\/><\/figure>\n\n\n\n<h2 class=\"wp-block-heading\">La declaraci\u00f3n de Candela Arizaga y la postura de la defensa<\/h2>\n\n\n\n<p>El pasado 24 de agosto,&nbsp;<strong>Candela Arizaga<\/strong>&nbsp;se present\u00f3 junto a su abogado,&nbsp;<strong>Roberto Herrera<\/strong>, para ampliar su declaraci\u00f3n ante la fiscal\u00eda. En esa instancia, la joven asegur\u00f3 que era \u201cfalso\u201d que le hubiera manifestado a la polic\u00eda haber sido v\u00edctima de violencia.<\/p>\n\n\n\n<p>Al reconstruir lo que pas\u00f3, la influencer explic\u00f3 que&nbsp;<strong>el fin de semana hab\u00edan compartido distintas actividades junto a Moyano<\/strong>, con quien est\u00e1 de novia desde enero de este a\u00f1o.<\/p>\n\n\n\n<p>Tambi\u00e9n cont\u00f3 que estuvieron con la familia del exdiputado, luego fueron a la cancha de River y volvieron al departamento, donde vieron una pel\u00edcula. \u201c<strong>Como no ten\u00eda sue\u00f1o, empec\u00e9 a consumir coca\u00edna<\/strong>\u201d, sostuvo Candela.<\/p>\n\n\n\n<p>La influencer afirm\u00f3 adem\u00e1s que tiene muy pocos recuerdos de aquella madrugada del 4 de agosto.&nbsp;<strong>\u201cNo recuerdo ni haber estado mal, todo me lo olvid\u00e9\u201d,&nbsp;<\/strong>expres\u00f3 y vincul\u00f3 esa p\u00e9rdida de memoria con el brote que, seg\u00fan dijo, sufri\u00f3 despu\u00e9s del consumo de drogas.<\/p>\n\n\n\n<p>En otro tramo de la declaraci\u00f3n,&nbsp;<strong>neg\u00f3 haber sido v\u00edctima de violencia f\u00edsica o verbal durante la relaci\u00f3n con Moyano<\/strong>. Adem\u00e1s, asegur\u00f3 que no recuerda haber dicho que fue golpeada o privada de la libertad, aunque admiti\u00f3 que pudo haber manifestado que la persegu\u00edan debido al estado de confusi\u00f3n que atravesaba.<\/p>\n","protected":false},"excerpt":{"rendered":"<p>Las familiares de la influencer fueron las \u00faltimas testigos solicitadas por la fiscal\u00eda, que investiga al sindicalista por lesiones leves y privaci\u00f3n ileg\u00edtima de la libertad. La investigaci\u00f3n por la&hellip; <\/p>\n","protected":false},"author":8,"featured_media":269516,"comment_status":"closed","ping_status":"open","sticky":false,"template":"","format":"standard","meta":{"footnotes":""},"categories":[19],"tags":[],"class_list":["post-269515","post","type-post","status-publish","format-standard","has-post-thumbnail","hentry","category-espectaculos"],"_links":{"self":[{"href":"https:\/\/corrientesdetarde.com\/index.php\/wp-json\/wp\/v2\/posts\/269515","targetHints":{"allow":["GET"]}}],"collection":[{"href":"https:\/\/corrientesdetarde.com\/index.php\/wp-json\/wp\/v2\/posts"}],"about":[{"href":"https:\/\/corrientesdetarde.com\/index.php\/wp-json\/wp\/v2\/types\/post"}],"author":[{"embeddable":true,"href":"https:\/\/corrientesdetarde.com\/index.php\/wp-json\/wp\/v2\/users\/8"}],"replies":[{"embeddable":true,"href":"https:\/\/corrientesdetarde.com\/index.php\/wp-json\/wp\/v2\/comments?post=269515"}],"version-history":[{"count":1,"href":"https:\/\/corrientesdetarde.com\/index.php\/wp-json\/wp\/v2\/posts\/269515\/revisions"}],"predecessor-version":[{"id":269517,"href":"https:\/\/corrientesdetarde.com\/index.php\/wp-json\/wp\/v2\/posts\/269515\/revisions\/269517"}],"wp:featuredmedia":[{"embeddable":true,"href":"https:\/\/corrientesdetarde.com\/index.php\/wp-json\/wp\/v2\/media\/269516"}],"wp:attachment":[{"href":"https:\/\/corrientesdetarde.com\/index.php\/wp-json\/wp\/v2\/media?parent=269515"}],"wp:term":[{"taxonomy":"category","embeddable":true,"href":"https:\/\/corrientesdetarde.com\/index.php\/wp-json\/wp\/v2\/categories?post=269515"},{"taxonomy":"post_tag","embeddable":true,"href":"https:\/\/corrientesdetarde.com\/index.php\/wp-json\/wp\/v2\/tags?post=269515"}],"curies":[{"name":"wp","href":"https:\/\/api.w.org\/{rel}","templated":true}]}}