{"id":269521,"date":"2026-08-31T15:28:03","date_gmt":"2026-08-31T18:28:03","guid":{"rendered":"https:\/\/corrientesdetarde.com\/?p=269521"},"modified":"2026-08-31T15:28:08","modified_gmt":"2026-08-31T18:28:08","slug":"trump-volvio-a-amenazar-a-iran-tras-los-ataques-en-una-isla-en-el-estrecho-de-ormuz-golpearemos-con-fuerza","status":"publish","type":"post","link":"https:\/\/corrientesdetarde.com\/index.php\/internacionales\/trump-volvio-a-amenazar-a-iran-tras-los-ataques-en-una-isla-en-el-estrecho-de-ormuz-golpearemos-con-fuerza\/","title":{"rendered":"Trump volvi\u00f3 a amenazar a Ir\u00e1n tras los ataques en una isla en el estrecho de Ormuz: \u201cGolpearemos con fuerza\u201d"},"content":{"rendered":"\n<p>El presidente iran\u00ed, Masud Pezeshkian, se mostr\u00f3 a favor del di\u00e1logo. Teher\u00e1n denunci\u00f3 que dos personas murieron en un bombardeo estadounidense sobre la isla de Larak.<\/p>\n\n\n\n<p>El presidente estadounidense,&nbsp;<strong>Donald Trump<\/strong>, amenaz\u00f3 este lunes con golpear a Ir\u00e1n \u201c<strong>con fuerza<\/strong>\u201d en medio de nuevos ataques cruzados. Adem\u00e1s, busca mantener la presi\u00f3n econ\u00f3mica sobre Teher\u00e1n en el inicio de una reuni\u00f3n de l\u00edderes financieros del G20 marcada por la guerra y las tensiones comerciales.<\/p>\n\n\n\n<p><strong>\u201cVamos a golpearlos con fuerza. Habr\u00e1 una respuesta\u201d<\/strong>, dijo Trump, seg\u00fan un periodista de<em>\u00a0Fox News\u00a0<\/em>que afirm\u00f3 haber hablado brevemente con \u00e9l.<\/p>\n\n\n\n<p>Washington dijo que hab\u00eda dirigido sus\u00a0ataques contra lanzacohetes iran\u00edes situados en la isla de Larak, para impedir que Teher\u00e1n colocara minas en el estrecho de Ormuz.<\/p>\n\n\n\n<p>Seis meses despu\u00e9s del inicio del conflicto,&nbsp;<strong>Ir\u00e1n mantiene un bloqueo sobre el estrat\u00e9gico paso mar\u00edtimo<\/strong>&nbsp;y Washington persiste en un cerco contra puertos iran\u00edes.<\/p>\n\n\n\n<p>A \u00faltima hora del domingo, Estados Unidos anunci\u00f3 que hab\u00eda\u00a0<strong>atacado una isla iran\u00ed en el estrecho de Ormuz<\/strong>, a lo que\u00a0Teher\u00e1n respondi\u00f3 bombardeando objetivos militares estadounidenses en Oriente Medio.<\/p>\n\n\n\n<p>Ir\u00e1n respondi\u00f3 con ataques contra Jordania y Emiratos \u00c1rabes Unidos, que apuntaron, seg\u00fan Teher\u00e1n, contra fuerzas estadounidenses.<\/p>\n\n\n\n<p>Sin embargo, m\u00e1s tarde, el presidente iran\u00ed,&nbsp;<strong>Masud Pezeshkian<\/strong>, abog\u00f3 por el di\u00e1logo. \u201cSeguimos esforz\u00e1ndonos por&nbsp;<strong>encontrar un camino de acuerdo y comprensi\u00f3n<\/strong>, y consideramos que continuar la guerra no est\u00e1 en nuestro inter\u00e9s ni en el de la regi\u00f3n\u201d, declar\u00f3 el presidente iran\u00ed antes de la cumbre de la Organizaci\u00f3n de Cooperaci\u00f3n de Shangh\u00e1i (OCS) en Kirguist\u00e1n.<\/p>\n\n\n\n<p>\u201cCreemos que la soluci\u00f3n a los problemas existentes reside en el di\u00e1logo y la comprensi\u00f3n, y que todas las capacidades deben movilizarse para evitar la extensi\u00f3n de la inseguridad y el conflicto\u201d, a\u00f1adi\u00f3, seg\u00fan un comunicado de la presidencia iran\u00ed.<\/p>\n\n\n\n<h2 class=\"wp-block-heading\">Dos muertos en el ataque de EE.UU. contra Larak<\/h2>\n\n\n\n<p>El ataque de Estados Unidos contra Larak caus\u00f3 dos muertos y dos heridos, seg\u00fan la agencia de noticias iran\u00ed&nbsp;<em>Tasnim<\/em>.<\/p>\n\n\n\n<p>Los influyentes Guardianes de la Revoluci\u00f3n iran\u00ed anunciaron que hab\u00edan respondido lanzando misiles bal\u00edsticos contra dos bases a\u00e9reas militares estadounidenses en Jordania, aliada de Washington, causando \u201cgraves da\u00f1os\u201d.<\/p>\n\n\n\n<figure class=\"wp-block-image\"><img decoding=\"async\" src=\"https:\/\/tn.com.ar\/resizer\/v2\/donald-trump-busca-aafixiar-a-iran-foto-reuterskylie-cooper-OZPJGTWGR2D5DPZGETI4OSMUTI.jpg?auth=0ca6211b68eeff03fda4f58a201759478fe1f05a9946c1b8bedd26eb4f64b5c6&amp;width=767\" alt=\"Donald Trump busca aafixiar a Ir\u00e1n (Foto: REUTERS\/Kylie Cooper)\"\/><\/figure>\n\n\n\n<p>El ej\u00e9rcito jordano dijo que hab\u00eda interceptado ocho misiles, sin precisar su procedencia. Teher\u00e1n tambi\u00e9n se\u00f1al\u00f3 este lunes que atac\u00f3 a personal militar estadounidense en una base a\u00e9rea en Emiratos \u00c1rabes Unidos utilizando \u201cdecenas de drones\u201d, seg\u00fan la televisi\u00f3n estatal.<\/p>\n\n\n\n<p>Emiratos, en tanto, asegur\u00f3 haber \u201crespondido\u201d a un dron procedente de Ir\u00e1n. Estos ataques se producen tras semanas en las que las hostilidades hab\u00edan perdido intensidad.<\/p>\n\n\n\n<h2 class=\"wp-block-heading\">M\u00e1s presi\u00f3n econ\u00f3mica<\/h2>\n\n\n\n<p>En tanto, el secretario del Tesoro de Estados Unidos,&nbsp;<strong>Scott Bessent<\/strong>, prometi\u00f3 este lunes mantener la presi\u00f3n econ\u00f3mica sobre Ir\u00e1n, en el inicio de una reuni\u00f3n de l\u00edderes financieros del G20.<\/p>\n\n\n\n<p>Su gobierno trabaja para persuadir a sus socios del G20 de que refuercen la presi\u00f3n econ\u00f3mica sobre Ir\u00e1n durante las conversaciones en Asheville, Carolina del Norte, que se prolongar\u00e1n hasta el martes en medio de un renovado intercambio de fuego con Teher\u00e1n.<\/p>\n\n\n\n<p>\u201cVamos a seguir ejerciendo presi\u00f3n, y ya hemos tenido muy buenas conversaciones aqu\u00ed\u201c, dijo Bessent a la prensa antes de iniciar las reuniones al pie de los Apalaches en el este del pa\u00eds<\/p>\n\n\n\n<p>Se\u00f1al\u00f3 que un punto de inflexi\u00f3n en esta campa\u00f1a de presi\u00f3n de Estados Unidos podr\u00eda llegar \u201cen cuesti\u00f3n de semanas o meses\u201d, y a\u00f1adi\u00f3 que no es necesario que la econom\u00eda iran\u00ed se derrumbe en la guerra de Oriente Medio para lograrlo.<\/p>\n","protected":false},"excerpt":{"rendered":"<p>El presidente iran\u00ed, Masud Pezeshkian, se mostr\u00f3 a favor del di\u00e1logo. Teher\u00e1n denunci\u00f3 que dos personas murieron en un bombardeo estadounidense sobre la isla de Larak. El presidente estadounidense,&nbsp;Donald Trump,&hellip; <\/p>\n","protected":false},"author":8,"featured_media":269522,"comment_status":"closed","ping_status":"open","sticky":false,"template":"","format":"standard","meta":{"footnotes":""},"categories":[11],"tags":[],"class_list":["post-269521","post","type-post","status-publish","format-standard","has-post-thumbnail","hentry","category-internacionales"],"_links":{"self":[{"href":"https:\/\/corrientesdetarde.com\/index.php\/wp-json\/wp\/v2\/posts\/269521","targetHints":{"allow":["GET"]}}],"collection":[{"href":"https:\/\/corrientesdetarde.com\/index.php\/wp-json\/wp\/v2\/posts"}],"about":[{"href":"https:\/\/corrientesdetarde.com\/index.php\/wp-json\/wp\/v2\/types\/post"}],"author":[{"embeddable":true,"href":"https:\/\/corrientesdetarde.com\/index.php\/wp-json\/wp\/v2\/users\/8"}],"replies":[{"embeddable":true,"href":"https:\/\/corrientesdetarde.com\/index.php\/wp-json\/wp\/v2\/comments?post=269521"}],"version-history":[{"count":1,"href":"https:\/\/corrientesdetarde.com\/index.php\/wp-json\/wp\/v2\/posts\/269521\/revisions"}],"predecessor-version":[{"id":269523,"href":"https:\/\/corrientesdetarde.com\/index.php\/wp-json\/wp\/v2\/posts\/269521\/revisions\/269523"}],"wp:featuredmedia":[{"embeddable":true,"href":"https:\/\/corrientesdetarde.com\/index.php\/wp-json\/wp\/v2\/media\/269522"}],"wp:attachment":[{"href":"https:\/\/corrientesdetarde.com\/index.php\/wp-json\/wp\/v2\/media?parent=269521"}],"wp:term":[{"taxonomy":"category","embeddable":true,"href":"https:\/\/corrientesdetarde.com\/index.php\/wp-json\/wp\/v2\/categories?post=269521"},{"taxonomy":"post_tag","embeddable":true,"href":"https:\/\/corrientesdetarde.com\/index.php\/wp-json\/wp\/v2\/tags?post=269521"}],"curies":[{"name":"wp","href":"https:\/\/api.w.org\/{rel}","templated":true}]}}