{"id":269524,"date":"2026-08-31T15:30:52","date_gmt":"2026-08-31T18:30:52","guid":{"rendered":"https:\/\/corrientesdetarde.com\/?p=269524"},"modified":"2026-08-31T15:30:58","modified_gmt":"2026-08-31T18:30:58","slug":"de-nicolas-vazquez-a-yanina-latorre-los-mensajes-de-los-famosos-por-el-retiro-de-lionel-messi-de-la-seleccion","status":"publish","type":"post","link":"https:\/\/corrientesdetarde.com\/index.php\/espectaculos\/de-nicolas-vazquez-a-yanina-latorre-los-mensajes-de-los-famosos-por-el-retiro-de-lionel-messi-de-la-seleccion\/","title":{"rendered":"De Nicol\u00e1s V\u00e1zquez a Yanina Latorre: los mensajes de los famosos por el retiro de Lionel Messi de la Selecci\u00f3n"},"content":{"rendered":"\n<p>El crack rosarino se despidi\u00f3 con un sentido posteo en sus redes sociales que gener\u00f3 conmoci\u00f3n entre las figuras del espect\u00e1culo.<\/p>\n\n\n\n<p><strong>Lionel Messi anunci\u00f3 que se retira de la Selecci\u00f3n argentina<\/strong>\u00a0con un emotivo posteo en sus redes sociales. Luego de su comunicado, varias figuras del espect\u00e1culo expresaron su conmoci\u00f3n ante la noticia.<\/p>\n\n\n\n<p>\u201cFue una decisi\u00f3n que<strong>\u00a0doli\u00f3 y duele en el alma<\/strong>\u00a0pero entiendo que es el momento\u201d, se lee en el posteo de Instagram que el crack rosarino acompa\u00f1\u00f3 con una foto de la carta escrita por \u00e9l mismo.<\/p>\n\n\n\n<p>Uno de los primeros en comentar la publicaci\u00f3n fue<strong>&nbsp;Nicol\u00e1s V\u00e1zquez<\/strong>. Desde el amor y la cercan\u00eda que lo une a Lio, el actor expres\u00f3:&nbsp;<strong>\u201c\u00a1Gracias por tanto! Te merec\u00e9s todo. Te amamos&#8221;<\/strong>.<\/p>\n\n\n\n<figure class=\"wp-block-image\"><img decoding=\"async\" src=\"https:\/\/tn.com.ar\/resizer\/v2\/los-famosos-expresaron-su-dolor-y-le-dejaron-mensajes-de-aliento-al-crack-rosarino-foto-captura-instagramleomessi-OTAAFW4Q55BS3AGCEFH3K2GWAU.jpg?auth=a185372672aba439ca5c8de4344512f71466a2b2c0d97481638c46e6da6fe2b0&amp;width=767\" alt=\"Los famosos expresaron su dolor y le dejaron mensajes de aliento al crack rosarino. (Foto: captura Instagram\/leomessi)\"\/><\/figure>\n\n\n\n<p>Yanina Latorre no pudo ocultar su dolor al enterarse del retiro de Messi. Por eso, le dej\u00f3 un mensaje en el que resumi\u00f3 su reacci\u00f3n.&nbsp;<strong>\u201c\u00a1Ay, nooooo!\u201c<\/strong>, lanz\u00f3 la conductora.<\/p>\n\n\n\n<p>Cabe destacar que tanto\u00a0<strong>Nico siempre se mostr\u00f3 muy cercano al jugador<\/strong>: son amigos desde el 2012 cuando se anim\u00f3 a pedirle una foto despu\u00e9s de un partido.<\/p>\n\n\n\n<figure class=\"wp-block-image\"><img decoding=\"async\" src=\"https:\/\/tn.com.ar\/resizer\/v2\/nico-vazquez-y-dai-fernandez-cuando-lionel-messi-fue-a-ver-rocky-foto-prensa-rocky-LCV5ZQPQRFHWLGAQDLOSSEWB7Y.JPG?auth=113e35d437849736f11214e4b0b0e128708695cb65c6fcf23a19a39f2f1fa94b&amp;width=767\" alt=\"Nico V\u00e1zquez y Dai Fern\u00e1ndez cuando Lionel Messi fue a ver &quot;Rocky&quot;. (Foto: Prensa &quot;Rocky&quot;)\"\/><\/figure>\n\n\n\n<p><strong>\u201cGracias para siempre, Leo\u201d<\/strong>, le dijo&nbsp;<strong>Gast\u00f3n Edul<\/strong>. \u201cFui tan feliz este \u00faltimo mundial. Todo fue un regalo, gracias para siempre\u201d, le coment\u00f3&nbsp;<strong>Eial Moldavsky<\/strong>.<\/p>\n\n\n\n<p>\u201cNo quiero ni leer\u201d, escribi\u00f3 la periodista Maite Pe\u00f1o\u00f1ori en el posteo. \u201c\u00a1Gracias por tanto, Leo! Te amamos&#8221;, expres\u00f3 Federico Hoppe.<strong>&nbsp;\u201cTe amamos por siempre\u201d<\/strong>, lanz\u00f3 Barbi V\u00e9lez.<\/p>\n\n\n\n<figure class=\"wp-block-image\"><img decoding=\"async\" src=\"https:\/\/tn.com.ar\/resizer\/v2\/franco-colapinto-tambien-reacciono-a-la-despedida-de-messi-foto-xalpinef1team-MBNC7V3H4ZHL3AXJWSQHAGD7A4.jpg?auth=b3aa10b4c6af55a2feb7cd7af2447c006a7390f1b55cb493fcc9337433799977&amp;width=767\" alt=\"Franco Colapinto tambi\u00e9n reaccion\u00f3 a la despedida de Messi. (Foto: X\/AlpineF1Team)\"\/><\/figure>\n\n\n\n<p>Entre otros de los comentarios, se destac\u00f3 el de&nbsp;<strong>Franco Colapinto<\/strong>&nbsp;que manifest\u00f3: \u201cNo existen palabras de agradecimiento que vayan a alcanzar. Somos<strong>&nbsp;unos afortunados de haberte tenido y disfrutado&nbsp;<\/strong>durante tanto tiempo. Gracias por haberte levantado una y otra vez, y por hacer feliz a un pa\u00eds entero. Sos el ejemplo de todos\u201d.<\/p>\n\n\n\n<p>A trav\u00e9s de sus historias de Instagram, Sof\u00eda Mart\u00ednez comparti\u00f3 la publicaci\u00f3n que hab\u00eda subido el crack rosarino y le dedic\u00f3 unas palabras.<\/p>\n\n\n\n<figure class=\"wp-block-image\"><img decoding=\"async\" src=\"https:\/\/tn.com.ar\/resizer\/v2\/el-mensaje-de-sofi-martinez-para-lionel-messi-foto-instagramsofimartinez-WXLR7NSWBBDEBLN4A3KYKPESTI.jpg?auth=4ecef8cc69d62e1f9db329b1fdc5d8183544290076806d4f21c21ce8e9aef930&amp;width=767\" alt=\"El mensaje de Sof\u00ed Mart\u00ednez para Lionel Messi. (Foto: Instagram\/sofimartinez)\"\/><\/figure>\n\n\n\n<p>\u201cAtravesaste a cada uno de los argentinos para siempre y&nbsp;<strong>de una manera mucho m\u00e1s fuerte que ganando t\u00edtulos<\/strong>\u201d, dijo la periodista deportiva por las emociones que Messi gener\u00f3 en los hinchas. \u201cGracias, capit\u00e1n\u201d, complet\u00f3 ella.<\/p>\n\n\n\n<h2 class=\"wp-block-heading\">Qu\u00e9 dice el posteo de Lionel Messi<\/h2>\n\n\n\n<p>En su carta de despedida, el astro rosarino&nbsp;<strong>no ocult\u00f3 el dolor que le provoc\u00f3 tomar la determinaci\u00f3n:&nbsp;<\/strong>\u201cFue una decisi\u00f3n que doli\u00f3 y duele en el alma pero entiendo que es el momento.&nbsp;<strong>Les juro que siempre dej\u00e9 todo, no solo los \u00faltimos a\u00f1os que se gan\u00f3 todo, antes tambi\u00e9n<\/strong>. Siempre pele\u00e9 y me dej\u00e9 todo por esta camiseta\u201d, remarc\u00f3.<\/p>\n\n\n\n<p>Messi explic\u00f3 que&nbsp;<strong>el desgaste f\u00edsico y el recambio generacional fueron factores determinantes<\/strong>&nbsp;para dar un paso al costado. \u201cQueda poco y se van cerrando etapas. Amo, am\u00e9 y amar\u00e9 siempre estar en la Selecci\u00f3n.&nbsp;<strong>Me vaci\u00e9, ya no tengo m\u00e1s para dar y aparte vienen chicos muy grandes atr\u00e1s que merecen estar\u201d<\/strong>, confes\u00f3 la leyenda de 39 a\u00f1os.<\/p>\n\n\n\n<figure class=\"wp-block-image\"><img decoding=\"async\" src=\"https:\/\/tn.com.ar\/resizer\/v2\/messi-se-retiro-de-la-seleccion-argentina-foto-reutersclaudia-greco-2MWNB344NHD5EKLR7H3TRXTFXQ.jpg?auth=5420b1e9bef69c730a1073f969ea5a836e70158d0fe2b4be2d19497db3afd7dc&amp;width=767\" alt=\"Messi se retir\u00f3 de la Selecci\u00f3n argentina. (Foto: REUTERS\/Claudia Greco)\"\/><\/figure>\n\n\n\n<p>En sus palaras, la \u201cPulga\u201d tambi\u00e9n se dirigi\u00f3 a la hinchada y dej\u00f3 en claro que su v\u00ednculo seguir\u00e1 intacto pero desde otro lugar.&nbsp;<strong>\u201cGracias por todo el cari\u00f1o de estos 20 a\u00f1os.&nbsp;<\/strong>Voy a extra\u00f1ar mucho escucharlos desde adentro. Ahora voy a ser uno m\u00e1s de ustedes, alentando y bancando siempre desde afuera, en las buenas y en las malas\u201d, expres\u00f3.<\/p>\n\n\n\n<p>El capit\u00e1n tambi\u00e9n dedic\u00f3 un p\u00e1rrafo especial para su entorno m\u00e1s cercano y para quienes lo acompa\u00f1aron a lo largo de este viaje en el predio de Ezeiza. \u201cGracias a mi familia por estar siempre, por acompa\u00f1arme en este viaje tan hermoso pero dif\u00edcil.&nbsp;<strong>Gracias a cada uno de los entrenadores, compa\u00f1eros y dirigentes con los que me toc\u00f3 compartir\u201d<\/strong>, a\u00f1adi\u00f3.<\/p>\n\n\n\n<figure class=\"wp-block-image\"><img decoding=\"async\" src=\"https:\/\/tn.com.ar\/resizer\/v2\/lionel-messi-anuncio-que-se-retira-de-la-seleccion-argetina-foto-reuters-WQWPCHMWT5E65AQNBPIBDZWZAA.jpg?auth=eb4886d2be4cf77bafc88af8bd5c439c2e1112e9f630977f2eab45bd8eab5c4b&amp;width=767\" alt=\"Lionel Messi anunci\u00f3 que se retira de la Selecci\u00f3n argetina. (Foto: Reuters)\"\/><\/figure>\n\n\n\n<p>Respecto al legado obtenido, el rosarino se mostr\u00f3 en paz por haber alcanzado la cima del deporte.&nbsp;<strong>\u201cMe voy con la tranquilidad y el orgullo de haberles regalado, junto con mis compa\u00f1eros, momentos so\u00f1ados.<\/strong>&nbsp;Fue una locura haberlo vivido con ustedes. \u00a1Los quiero! Gracias Dios por hacerme argentino\u201d, manifest\u00f3.<\/p>\n\n\n\n<p>Para finalizar, Messi revel\u00f3 que la carta la escribi\u00f3 hace unas semanas. \u201cEstas palabras<strong>&nbsp;las escrib\u00ed el 21 de julio, dos d\u00edas despu\u00e9s de la final.<\/strong>&nbsp;Hoy, despu\u00e9s de lo de mi pap\u00e1, estoy m\u00e1s convencido que antes\u201d, cerr\u00f3, baj\u00e1ndole el tel\u00f3n a la etapa m\u00e1s grandiosa en la historia de la Selecci\u00f3n Argentina.<\/p>\n","protected":false},"excerpt":{"rendered":"<p>El crack rosarino se despidi\u00f3 con un sentido posteo en sus redes sociales que gener\u00f3 conmoci\u00f3n entre las figuras del espect\u00e1culo. Lionel Messi anunci\u00f3 que se retira de la Selecci\u00f3n&hellip; <\/p>\n","protected":false},"author":8,"featured_media":269525,"comment_status":"closed","ping_status":"open","sticky":false,"template":"","format":"standard","meta":{"footnotes":""},"categories":[19],"tags":[],"class_list":["post-269524","post","type-post","status-publish","format-standard","has-post-thumbnail","hentry","category-espectaculos"],"_links":{"self":[{"href":"https:\/\/corrientesdetarde.com\/index.php\/wp-json\/wp\/v2\/posts\/269524","targetHints":{"allow":["GET"]}}],"collection":[{"href":"https:\/\/corrientesdetarde.com\/index.php\/wp-json\/wp\/v2\/posts"}],"about":[{"href":"https:\/\/corrientesdetarde.com\/index.php\/wp-json\/wp\/v2\/types\/post"}],"author":[{"embeddable":true,"href":"https:\/\/corrientesdetarde.com\/index.php\/wp-json\/wp\/v2\/users\/8"}],"replies":[{"embeddable":true,"href":"https:\/\/corrientesdetarde.com\/index.php\/wp-json\/wp\/v2\/comments?post=269524"}],"version-history":[{"count":1,"href":"https:\/\/corrientesdetarde.com\/index.php\/wp-json\/wp\/v2\/posts\/269524\/revisions"}],"predecessor-version":[{"id":269526,"href":"https:\/\/corrientesdetarde.com\/index.php\/wp-json\/wp\/v2\/posts\/269524\/revisions\/269526"}],"wp:featuredmedia":[{"embeddable":true,"href":"https:\/\/corrientesdetarde.com\/index.php\/wp-json\/wp\/v2\/media\/269525"}],"wp:attachment":[{"href":"https:\/\/corrientesdetarde.com\/index.php\/wp-json\/wp\/v2\/media?parent=269524"}],"wp:term":[{"taxonomy":"category","embeddable":true,"href":"https:\/\/corrientesdetarde.com\/index.php\/wp-json\/wp\/v2\/categories?post=269524"},{"taxonomy":"post_tag","embeddable":true,"href":"https:\/\/corrientesdetarde.com\/index.php\/wp-json\/wp\/v2\/tags?post=269524"}],"curies":[{"name":"wp","href":"https:\/\/api.w.org\/{rel}","templated":true}]}}