{"id":269527,"date":"2026-08-31T15:33:41","date_gmt":"2026-08-31T18:33:41","guid":{"rendered":"https:\/\/corrientesdetarde.com\/?p=269527"},"modified":"2026-08-31T15:33:45","modified_gmt":"2026-08-31T18:33:45","slug":"el-secretario-del-tesoro-de-ee-uu-abrio-la-reunion-del-g20-el-mundo-esta-inundado-de-deuda-y-la-unica-forma-de-salir-es-crecer","status":"publish","type":"post","link":"https:\/\/corrientesdetarde.com\/index.php\/economia\/el-secretario-del-tesoro-de-ee-uu-abrio-la-reunion-del-g20-el-mundo-esta-inundado-de-deuda-y-la-unica-forma-de-salir-es-crecer\/","title":{"rendered":"El secretario del Tesoro de EE.UU. abri\u00f3 la reuni\u00f3n del G20: \u201cEl mundo est\u00e1 inundado de deuda y la \u00fanica forma de salir es crecer\u201d"},"content":{"rendered":"\n<p>Scott Bessent dio el discurso inaugural del encuentro preparatorio de la cumbre de presidentes de diciembre. Luis Caputo participa del encuentro y expondr\u00e1 sobre el programa econ\u00f3mico y espera reuniones con el funcionario estadounidense y con la jefa del FMI.<\/p>\n\n\n\n<p>El secretario del Tesoro de EE.UU.,\u00a0<strong>Scott Bessent<\/strong>, abri\u00f3 este lunes la reuni\u00f3n de ministros de Finanzas y presidentes de bancos centrales del\u00a0<strong>G20<\/strong> en Asheville, Carolina del Norte, con un fuerte llamado a impulsar el\u00a0<strong>crecimiento econ\u00f3mico<\/strong>\u00a0como respuesta al\u00a0<strong>elevado nivel\u00a0<\/strong>de\u00a0<strong>endeudamiento global<\/strong>.<\/p>\n\n\n\n<p>El encuentro, que se extender\u00e1 hasta este martes, tiene entre sus participantes al ministro de Econom\u00eda argentino,\u00a0<strong>Luis Caputo<\/strong>, y al jefe del BCRA, Santiago Bausili.<\/p>\n\n\n\n<p><strong>\u201cEl mundo est\u00e1 inundado de deuda y la \u00fanica forma de salir de esto es crecer\u201d<\/strong>, afirm\u00f3 Bessent antes del comienzo de las deliberaciones. El funcionario de&nbsp;<strong>Donald Trump<\/strong>&nbsp;sostuvo que el endeudamiento acumulado despu\u00e9s de la crisis financiera global y de la pandemia requiere una expansi\u00f3n de la actividad econ\u00f3mica para poder ser enfrentado.<\/p>\n\n\n\n<p>\u201cNuestro objetivo aqu\u00ed hoy es&nbsp;<strong>reiterar nuestro mensaje de crecimiento<\/strong>\u201d, agreg\u00f3 Bessent ante los periodistas. Seg\u00fan explic\u00f3, existe una recepci\u00f3n favorable entre los participantes del encuentro a la propuesta de Washington.<\/p>\n\n\n\n<p>La posici\u00f3n del Tesoro estadounidense aparece en un momento de elevada incertidumbre para la econom\u00eda internacional. Estados Unidos enfrenta una&nbsp;<strong>deuda p\u00fablica<\/strong>&nbsp;de alrededor de&nbsp;<strong>US$40 billones<\/strong>&nbsp;y la posibilidad de cerrar el ejercicio fiscal 2026 con un&nbsp;<strong>d\u00e9ficit de US$2 billones<\/strong>. Al mismo tiempo, la&nbsp;<strong>guerra entre Estados Unidos e Ir\u00e1n&nbsp;<\/strong>impact\u00f3 sobre los mercados energ\u00e9ticos y contribuy\u00f3 al aumento de los precios a nivel global.<\/p>\n\n\n\n<p>Bessent tambi\u00e9n cuestion\u00f3 la situaci\u00f3n econ\u00f3mica heredada de la administraci\u00f3n de Joe Biden. \u201cNos dejaron un desastre\u201d, sostuvo sobre el estado de la econom\u00eda estadounidense. Luego utiliz\u00f3 una comparaci\u00f3n para describir la situaci\u00f3n: \u201cA veces digo que me siento como un&nbsp;<strong>m\u00e9dico de urgencias<\/strong>, y la econom\u00eda es el paciente, y el pueblo estadounidense fue atropellado por un cami\u00f3n\u201d.<\/p>\n\n\n\n<figure class=\"wp-block-image\"><img decoding=\"async\" src=\"https:\/\/tn.com.ar\/resizer\/v2\/el-encuentro-se-desarrolla-en-asheville-carolina-del-norte-foto-afp-NBIB4FC2OVH6JLODBJQAL6P5IE.jpg?auth=b5436221f1c1cad8b065dbc7e806c20f007f3cf07827892c44710e701476b463&amp;width=767\" alt=\"El encuentro se desarrolla en Asheville, Carolina del Norte. (Foto: AFP)\"\/><\/figure>\n\n\n\n<p>Seg\u00fan su diagn\u00f3stico, la administraci\u00f3n de Trump ya habr\u00eda atravesado la primera etapa de estabilizaci\u00f3n. \u201cHemos estabilizado al paciente y ahora estamos en la&nbsp;<strong>etapa de recuperaci\u00f3n<\/strong>\u201d, afirm\u00f3 Bessent, quien tambi\u00e9n se\u00f1al\u00f3 que los ingresos reales est\u00e1n aumentando.<\/p>\n\n\n\n<p>El presidente de la Reserva Federal,&nbsp;<strong>Kevin Warsh<\/strong>, acompa\u00f1\u00f3 el planteo de Bessent durante la apertura del encuentro. En sus palabras iniciales, cuestion\u00f3 la idea de un per\u00edodo prolongado de estancamiento econ\u00f3mico y plante\u00f3 que el escenario actual est\u00e1 caracterizado por un&nbsp;<strong>aumento de la inversi\u00f3n global<\/strong>.<\/p>\n\n\n\n<p>\u201cEl nuevo per\u00edodo es de&nbsp;<strong>crecimiento secular<\/strong>\u201d, sostuvo Warsh. Y agreg\u00f3: \u201cSi tuviera que caracterizar este momento, dir\u00eda que es un aumento de lainversi\u00f3n global\u201d.<\/p>\n\n\n\n<h2 class=\"wp-block-heading\">Caputo, con una agenda centrada en el programa econ\u00f3mico<\/h2>\n\n\n\n<figure class=\"wp-block-image\"><img decoding=\"async\" src=\"https:\/\/tn.com.ar\/resizer\/v2\/caputo-sera-uno-de-los-principales-oradores-de-la-sesion-dedicada-al-crecimiento-foto-na-EBSMZYKJTVDSHLGTP4PXBICNOQ.jpg?auth=e32973bd3c6ca08389a0b4ce83d12bce54bfea7d580726e2d2df4b5ff4a63f33&amp;width=767\" alt=\"Caputo ser\u00e1 uno de los principales oradores de la sesi\u00f3n dedicada al crecimiento. (Foto: NA)\"\/><\/figure>\n\n\n\n<p><strong>Luis Caputo&nbsp;<\/strong>viaj\u00f3 a Asheville acompa\u00f1ado por el presidente del Banco Central,&nbsp;<strong>Santiago Bausili<\/strong>, y el secretario de Pol\u00edtica Econ\u00f3mica,&nbsp;<strong>Jos\u00e9 Luis Daza<\/strong>.<\/p>\n\n\n\n<p>El ministro forma parte de las discusiones que se desarrollan durante la reuni\u00f3n de Finanzas del G20, en las que se abordan cuestiones vinculadas con la evoluci\u00f3n de la econom\u00eda mundial, la deuda soberana, los desequilibrios globales, la educaci\u00f3n financiera y el fraude.<\/p>\n\n\n\n<p>Uno de los momentos centrales de la agenda argentina est\u00e1 en la sesi\u00f3n dedicada al crecimiento, en la que Caputo ser\u00e1 uno de los principales oradores. All\u00ed est\u00e1 previsto que exponga sobre las&nbsp;<strong>pol\u00edticas implementadas por el gobierno de Javier Milei<\/strong>&nbsp;y presente la&nbsp;<strong>estabilidad macroecon\u00f3mica<\/strong>&nbsp;como una condici\u00f3n para alcanzar un crecimiento sostenido.<\/p>\n\n\n\n<p>El ministro tambi\u00e9n tendr\u00e1 como objetivo mostrar ante sus pares del G20 el&nbsp;<strong>rumbo del programa&nbsp;<\/strong>econ\u00f3mico de la administraci\u00f3n de Milei.<\/p>\n\n\n\n<p>En ese contexto, la delegaci\u00f3n argentina ten\u00eda entre sus objetivos mantener&nbsp;<strong>encuentros con Bessent y con Kristalina Georgieva<\/strong>, directora gerente del&nbsp;<strong>FMI.<\/strong><\/p>\n\n\n\n<p>La relaci\u00f3n con Bessent tiene especial importancia para el gobierno de Milei. El secretario del Tesoro estadounidense tuvo un papel relevante en el&nbsp;<strong>respaldo de Washington al programa econ\u00f3mico argentino<\/strong>&nbsp;y apoy\u00f3 a la administraci\u00f3n de Milei durante momentos de tensi\u00f3n financiera y pol\u00edtica.<\/p>\n\n\n\n<h2 class=\"wp-block-heading\">La agenda del G20: Ir\u00e1n, aranceles y deuda<\/h2>\n\n\n\n<figure class=\"wp-block-image\"><img decoding=\"async\" src=\"https:\/\/tn.com.ar\/resizer\/v2\/el-g20-reune-a-las-principales-economias-del-mundo-foto-afp-ECT2SNHCGNEO3OVACKPIO2LKGE.jpg?auth=eb1057ce1453023de7b3ea64157316104ce59d787005e56a74c1cb5ea3fe5261&amp;width=767\" alt=\"El G20 re\u00fane a las principales econom\u00edas del mundo. (Foto: AFP)\"\/><\/figure>\n\n\n\n<p>M\u00e1s all\u00e1 del mensaje sobre el crecimiento, la reuni\u00f3n del G20 se desarrolla en un contexto internacional especialmente complejo. La guerra entre Estados Unidos e Ir\u00e1n ocupa un lugar central en las discusiones, tanto por las&nbsp;<strong>consecuencias sobre el mercado energ\u00e9tico<\/strong>&nbsp;como por la ofensiva de&nbsp;<strong>sanciones&nbsp;<\/strong>impulsada por Washington contra Teher\u00e1n.<\/p>\n\n\n\n<p>Bessent fue designado por Trump para liderar la estrategia econ\u00f3mica contra Ir\u00e1n y recientemente advirti\u00f3 a los pa\u00edses que contin\u00faan comerciando con ese pa\u00eds que&nbsp;<strong>podr\u00edan quedar excluidos del sistema financiero occidental<\/strong>. De acuerdo con el Tesoro estadounidense, el funcionario buscar\u00e1 reiterar ese mensaje durante sus reuniones individuales con otros ministros.<\/p>\n\n\n\n<p><strong>\u201cNos estamos quedando sin fugas\u201d<\/strong>, hab\u00eda advertido Bessent al anticipar la presi\u00f3n de Washington para cortar los v\u00ednculos financieros con Ir\u00e1n. La estrategia contempla nuevas sanciones contra entidades bancarias y una mayor presi\u00f3n sobre los pa\u00edses que mantengan operaciones econ\u00f3micas con Teher\u00e1n.<\/p>\n\n\n\n<p>El otro gran eje de tensi\u00f3n es la&nbsp;<strong>pol\u00edtica comercial de Trump<\/strong>. Estados Unidos pretende que el G20 discuta alternativas para impulsar el crecimiento, avanzar en la desregulaci\u00f3n y reducir los desequilibrios comerciales. Sin embargo, la ofensiva arancelaria de la Casa Blanca gener\u00f3 tensiones incluso con otros aliados occidentales, entre ellos Canad\u00e1.<\/p>\n\n\n\n<p>El&nbsp;<strong>G20&nbsp;<\/strong>re\u00fane a las&nbsp;<strong>principales econom\u00edas del mundo<\/strong>&nbsp;y fue creado despu\u00e9s de la crisis financiera asi\u00e1tica de 1997-1998 con el objetivo de fortalecer la econom\u00eda global y la estabilidad financiera. El grupo est\u00e1 integrado por 19 pa\u00edses y dos organizaciones regionales: la Uni\u00f3n Europea y la Uni\u00f3n Africana.<\/p>\n","protected":false},"excerpt":{"rendered":"<p>Scott Bessent dio el discurso inaugural del encuentro preparatorio de la cumbre de presidentes de diciembre. Luis Caputo participa del encuentro y expondr\u00e1 sobre el programa econ\u00f3mico y espera reuniones&hellip; <\/p>\n","protected":false},"author":8,"featured_media":269528,"comment_status":"closed","ping_status":"open","sticky":false,"template":"","format":"standard","meta":{"footnotes":""},"categories":[20],"tags":[],"class_list":["post-269527","post","type-post","status-publish","format-standard","has-post-thumbnail","hentry","category-economia"],"_links":{"self":[{"href":"https:\/\/corrientesdetarde.com\/index.php\/wp-json\/wp\/v2\/posts\/269527","targetHints":{"allow":["GET"]}}],"collection":[{"href":"https:\/\/corrientesdetarde.com\/index.php\/wp-json\/wp\/v2\/posts"}],"about":[{"href":"https:\/\/corrientesdetarde.com\/index.php\/wp-json\/wp\/v2\/types\/post"}],"author":[{"embeddable":true,"href":"https:\/\/corrientesdetarde.com\/index.php\/wp-json\/wp\/v2\/users\/8"}],"replies":[{"embeddable":true,"href":"https:\/\/corrientesdetarde.com\/index.php\/wp-json\/wp\/v2\/comments?post=269527"}],"version-history":[{"count":1,"href":"https:\/\/corrientesdetarde.com\/index.php\/wp-json\/wp\/v2\/posts\/269527\/revisions"}],"predecessor-version":[{"id":269529,"href":"https:\/\/corrientesdetarde.com\/index.php\/wp-json\/wp\/v2\/posts\/269527\/revisions\/269529"}],"wp:featuredmedia":[{"embeddable":true,"href":"https:\/\/corrientesdetarde.com\/index.php\/wp-json\/wp\/v2\/media\/269528"}],"wp:attachment":[{"href":"https:\/\/corrientesdetarde.com\/index.php\/wp-json\/wp\/v2\/media?parent=269527"}],"wp:term":[{"taxonomy":"category","embeddable":true,"href":"https:\/\/corrientesdetarde.com\/index.php\/wp-json\/wp\/v2\/categories?post=269527"},{"taxonomy":"post_tag","embeddable":true,"href":"https:\/\/corrientesdetarde.com\/index.php\/wp-json\/wp\/v2\/tags?post=269527"}],"curies":[{"name":"wp","href":"https:\/\/api.w.org\/{rel}","templated":true}]}}