{"id":269530,"date":"2026-08-31T15:38:26","date_gmt":"2026-08-31T18:38:26","guid":{"rendered":"https:\/\/corrientesdetarde.com\/?p=269530"},"modified":"2026-08-31T15:38:30","modified_gmt":"2026-08-31T18:38:30","slug":"wanda-nara-con-looks-iconicos-panuelo-en-la-cabeza-deportiva-y-sensual-para-despedirse-de-italia-con-glamour","status":"publish","type":"post","link":"https:\/\/corrientesdetarde.com\/index.php\/tendencias\/wanda-nara-con-looks-iconicos-panuelo-en-la-cabeza-deportiva-y-sensual-para-despedirse-de-italia-con-glamour\/","title":{"rendered":"Wanda Nara con looks ic\u00f3nicos: pa\u00f1uelo en la cabeza, deportiva y sensual para despedirse de Italia con glamour"},"content":{"rendered":"\n<p>Miu Miu, Prada, YSL, Bottega Veneta y Chanel fueron sus fieles aliados de lujo, mientras comparti\u00f3 momentos de calidad con Isabella y Zaira.<\/p>\n\n\n\n<p><strong>Los looks que mostr\u00f3\u00a0Wanda Nara\u00a0durante sus \u00faltimas semanas en Italia<\/strong>\u00a0reflejaron su estilo de\u00a0<strong>lujo, tendencia y urban chic<\/strong>\u00a0favorito para todos los d\u00edas. Antes de viajar,\u00a0<strong>comparti\u00f3 postales de Mil\u00e1n junto al mensaje<\/strong>\u00a0\u201cmis \u00faltimas semanas\u201d y el hashtag \u201c#amomivida\u201d.<\/p>\n\n\n\n<p><strong>Entre lujo silencioso y toques audaces<\/strong>, la empresaria volvi\u00f3 a mostrar<strong>&nbsp;su particular forma de combinar prendas y accesorios y mostr\u00f3 momentos de calidad con su familia.<\/strong><\/p>\n\n\n\n<h2 class=\"wp-block-heading\">Lujo en exceso, estilo urbano y escotada<\/h2>\n\n\n\n<p>En una tarde de verano en&nbsp;<strong>el Lago de Como<\/strong>,&nbsp;<strong>Wanda Nara pos\u00f3 recostada sobre una lancha&nbsp;<\/strong>con un look que captur\u00f3&nbsp;<strong>la esencia del estilo riviera:&nbsp;<\/strong>us\u00f3 una<strong>&nbsp;bikini negra tiro alto y cavada<\/strong>&nbsp;al extremo.<\/p>\n\n\n\n<p>La combin\u00f3 con un<strong>&nbsp;vestido red liviano a tono&nbsp;<\/strong>y un&nbsp;<strong>pa\u00f1uelo de seda atado a la cabeza<\/strong>, con estampado de frutas y colores pastel.<\/p>\n\n\n\n<figure class=\"wp-block-image\"><img decoding=\"async\" src=\"https:\/\/tn.com.ar\/resizer\/v2\/wanda-nara-se-lucio-de-lujo-y-en-tendencia-por-italia-foto-wandanara-7DEL3U3DGRCYTBJH6VFQFR52EQ.jpg?auth=3cac8b5d14ad23dd8f045bfc71cc7a89da052f54a92126b19cb5da2a1d45dc5f&amp;width=767\" alt=\"Wanda Nara se luci\u00f3 de lujo y en tendencia por Italia (Foto: @wanda_nara)\"\/><\/figure>\n\n\n\n<p>Como complemento de lujo,&nbsp;<strong>sum\u00f3 lentes de sol Dolce &amp; Gabbana<\/strong>&nbsp;en color negro, con el logo dorado en las patillas.<\/p>\n\n\n\n<p>En otra imagen desde el mismo yate,&nbsp;<strong>se vio su cartera de lujo Miu Miu:&nbsp;<\/strong>el&nbsp;<strong>bolso cesta de mimbre y cuero de la firma&nbsp;<\/strong>que acompa\u00f1\u00f3 el look.<\/p>\n\n\n\n<figure class=\"wp-block-image\"><img decoding=\"async\" src=\"https:\/\/tn.com.ar\/resizer\/v2\/wanda-nara-se-lucio-de-lujo-y-en-tendencia-por-italia-foto-wandanara-OVHZ3ZMMZZFZDGVEWICHGVP4TA.jpg?auth=f149f0874dc48c5d32afa904f7fd0a421b8e984c4cadc157b3aad26497e9f4ae&amp;width=767\" alt=\"Wanda Nara se luci\u00f3 de lujo y en tendencia por Italia (Foto: @wanda_nara)\"\/><\/figure>\n\n\n\n<p><strong>En otro momento, con una apuesta m\u00e1s casual<\/strong>, luci\u00f3 un look c\u00f3modo y sensual fiel a su estilo: llev\u00f3 un<strong>&nbsp;body tejido en verde lima vibrante&nbsp;<\/strong>y transparente, que dej\u00f3 a la vista&nbsp;<strong>el corpi\u00f1o de bikini negro<\/strong>.<\/p>\n\n\n\n<figure class=\"wp-block-image\"><img decoding=\"async\" src=\"https:\/\/tn.com.ar\/resizer\/v2\/wanda-nara-se-lucio-de-lujo-y-en-tendencia-por-italia-foto-wandanara-H2AB3YMD3JFDDBAY6EIT4XRSVI.jpg?auth=fe6c9de53759cf69b7d3216a504755577c4c949bde0899e741fbb78cc7f68b7a&amp;width=767\" alt=\"Wanda Nara se luci\u00f3 de lujo y en tendencia por Italia (Foto: @wanda_nara)\"\/><\/figure>\n\n\n\n<p>Wanda lo combin\u00f3 con un&nbsp;<strong>pantal\u00f3n camuflado en tonos grises y verdes<\/strong>, una elecci\u00f3n que reforz\u00f3<strong>&nbsp;el estilo urbano del look.<\/strong><\/p>\n\n\n\n<p><strong>Wanda Nara<\/strong>&nbsp;luci\u00f3 un<strong>&nbsp;look denim mientras sosten\u00eda a un pomerania en brazos:&nbsp;<\/strong>llev\u00f3 una&nbsp;<strong>colita alta y tirante<\/strong>, adem\u00e1s de un<strong>&nbsp;maquillaje<\/strong>&nbsp;que resalt\u00f3 sus&nbsp;<strong>pesta\u00f1as y p\u00f3mulos.<\/strong><\/p>\n\n\n\n<figure class=\"wp-block-image\"><img decoding=\"async\" src=\"https:\/\/tn.com.ar\/resizer\/v2\/wanda-nara-se-lucio-de-lujo-y-en-tendencia-por-italia-foto-wandanara-25TPHSRGZFCS7EFK5M7ZQOLN2Y.jpg?auth=76ade4d34e5dcf6da58d07e351e462856d2395b9d0eb6402a08f43c96c838959&amp;width=767\" alt=\"Wanda Nara se luci\u00f3 de lujo y en tendencia por Italia (Foto: @wanda_nara)\"\/><\/figure>\n\n\n\n<p><strong>Al perro lo accesorizaron con gemas de colores<\/strong>&nbsp;en su pelaje, mientras&nbsp;<strong>Wanda apost\u00f3 al lujo con una campera de jean Prada<\/strong>, con interior de corderoy.<\/p>\n\n\n\n<p><strong>Para una caminata por las calles del pueblo italiano,<\/strong>&nbsp;Wanda Nara se inclin\u00f3 por un look minimalista y sofisticado: luci\u00f3 un&nbsp;<strong>vestido tejido negro<\/strong>, corto,&nbsp;<strong>al cuerpo de escote profundo.<\/strong><\/p>\n\n\n\n<figure class=\"wp-block-image\"><img decoding=\"async\" src=\"https:\/\/tn.com.ar\/resizer\/v2\/wanda-nara-se-lucio-de-lujo-y-en-tendencia-por-italia-foto-wandanara-JSDODAQ6FNAY5ADJ2O7ZHXH4E4.jpg?auth=b9f12ae9017cb8ba0b0c38b89976b2b769370984e3a15ff120a650bc553db1de&amp;width=767\" alt=\"Wanda Nara se luci\u00f3 de lujo y en tendencia por Italia (Foto: @wanda_nara)\"\/><\/figure>\n\n\n\n<p>Accesoriz\u00f3 el look con un&nbsp;<strong>pa\u00f1uelo negro con lunares blancos&nbsp;<\/strong>(polka dots) en la cabeza,&nbsp;<strong>lentes Dolce &amp; Gabbana<\/strong>&nbsp;y una&nbsp;<strong>shopping bag Chanel&nbsp;<\/strong>de paja trenzada, lona y piel de cordero,<strong>&nbsp;con el logo de la firma en el centro.<\/strong>.<\/p>\n\n\n\n<p><strong>En modo relax, se sac\u00f3 una selfie frente al espejo<\/strong>&nbsp;mientras se hac\u00eda su skincare: visti\u00f3 un look de<strong>&nbsp;loungewear gris<\/strong>,<strong>&nbsp;remera corta estampada en rojo&nbsp;<\/strong>con la palabra \u201cGODDESS\u201d y un<strong>&nbsp;jogging suelto.<\/strong><\/p>\n\n\n\n<figure class=\"wp-block-image\"><img decoding=\"async\" src=\"https:\/\/tn.com.ar\/resizer\/v2\/wanda-nara-se-mostro-comoda-en-jogging-foto-wandanara-V2AAZBT34VCJTHRMEXGNBH54YY.jpg?auth=604d26aba9bc6b7a7dd74a09336acf6fa9f2c1a1bab5f5b52bcb3e85ad24acd4&amp;width=767\" alt=\"Wanda Nara se mostr\u00f3 c\u00f3moda en jogging (Foto: @wanda_nara)\"\/><\/figure>\n\n\n\n<p><strong>La empresaria volvi\u00f3 a su estilo particular, deportivo y de alta costura:<\/strong>&nbsp;us\u00f3 una<strong>&nbsp;remera de manga larga&nbsp;<\/strong>estilo crop top, con cierre delantero, y un&nbsp;<strong>tracksuit de Adidas en color negro<\/strong>, de campera y pantal\u00f3n oversize con detalles tambi\u00e9n en verde fl\u00faor.<\/p>\n\n\n\n<figure class=\"wp-block-image\"><img decoding=\"async\" src=\"https:\/\/tn.com.ar\/resizer\/v2\/wanda-nara-se-lucio-de-lujo-y-en-tendencia-por-italia-foto-wandanara-23OPIZMDSNGEDP6ZO4ELN5TX6Y.jpg?auth=b3f629192f99767fd46fc26d7ea5d8c97357d1f10db66c26099aa49e493bcf79&amp;width=767\" alt=\"Wanda Nara se luci\u00f3 de lujo y en tendencia por Italia (Foto: @wanda_nara)\"\/><\/figure>\n\n\n\n<p>El lujo se present\u00f3 en sus&nbsp;<strong>zapatos peep toe de YSL<\/strong>, con el logo peque\u00f1o en el frente, y<strong>&nbsp;mini bag de Bottega Veneta.<\/strong><\/p>\n\n\n\n<h2 class=\"wp-block-heading\">Con zaira y su hija menor Isabella<\/h2>\n\n\n\n<p><strong>Wanda Nara, tambien pas\u00f3 tiempo en familia,&nbsp;<\/strong>en un espacioso vestidor,<strong>&nbsp;pos\u00f3 tiernamiente junto a su hija menor Isabella Icardi.<\/strong><\/p>\n\n\n\n<p>Wanda luci\u00f3 un<strong>&nbsp;dos piezas deportivo gris claro<\/strong>&nbsp;muy c\u00f3modo, de<strong>&nbsp;buzo con capucha y pantal\u00f3n holgado.<\/strong><\/p>\n\n\n\n<figure class=\"wp-block-image\"><img decoding=\"async\" src=\"https:\/\/tn.com.ar\/resizer\/v2\/wanda-nara-con-su-hija-isabella-icardi-foto-wandanara-TB46HGOOIBAJRHUV4YNVBZOQIY.jpg?auth=3d1dc42c8787b48ebefc2b7c2923ccb6aca2039c145260023bd80274a10c35d6&amp;width=767\" alt=\"Wanda Nara con su hija Isabella Icardi (Foto: @wanda_nara)\"\/><\/figure>\n\n\n\n<p><strong>Isabella, de entrecasa<\/strong>, luci\u00f3 un divertido&nbsp;<strong>mameluco marr\u00f3n de peluche con capucha de oso<\/strong>. Ambas&nbsp;<strong>formaron un coraz\u00f3n con sus manos<\/strong>&nbsp;frente al espejo, en un gesto que reflej\u00f3 su complicidad.<\/p>\n\n\n\n<p><strong>En un momento entre hermanas Nara<\/strong>, lucieron looks con estilo propio: la empresaria, con sus carteras pink de lujo asomando por detr\u00e1s, llev\u00f3 un&nbsp;<strong>total look de jean azul oscuro texturizado<\/strong>&nbsp;y unos<strong>&nbsp;lentes de sol negros.<\/strong><\/p>\n\n\n\n<figure class=\"wp-block-image\"><img decoding=\"async\" src=\"https:\/\/tn.com.ar\/resizer\/v2\/wanda-y-zaira-nara-con-looks-de-estilo-propio-foto-wandanara-LNU54HJCUNAY3GKMPOTRKZHIFU.jpg?auth=1879ded0af51043bc5eba6198be0c6f481436cab98a847fd6d1b63fc70796592&amp;width=767\" alt=\"Wanda y Zaira Nara, con looks de estilo propio (Foto: @wanda_nara)\"\/><\/figure>\n\n\n\n<p>A su lado,&nbsp;<strong>Zaira Nara<\/strong>&nbsp;combin\u00f3 una&nbsp;<strong>camisa a cuadros marr\u00f3n y blanca<\/strong>&nbsp;sobre una&nbsp;<strong>remera blanca<\/strong>, con&nbsp;<strong>lentes de sol de marco rojo<\/strong>&nbsp;y su pelo morocho, en contraste con el look de Wanda Nara.<\/p>\n","protected":false},"excerpt":{"rendered":"<p>Miu Miu, Prada, YSL, Bottega Veneta y Chanel fueron sus fieles aliados de lujo, mientras comparti\u00f3 momentos de calidad con Isabella y Zaira. Los looks que mostr\u00f3\u00a0Wanda Nara\u00a0durante sus \u00faltimas&hellip; <\/p>\n","protected":false},"author":8,"featured_media":269531,"comment_status":"closed","ping_status":"open","sticky":false,"template":"","format":"standard","meta":{"footnotes":""},"categories":[28],"tags":[],"class_list":["post-269530","post","type-post","status-publish","format-standard","has-post-thumbnail","hentry","category-tendencias"],"_links":{"self":[{"href":"https:\/\/corrientesdetarde.com\/index.php\/wp-json\/wp\/v2\/posts\/269530","targetHints":{"allow":["GET"]}}],"collection":[{"href":"https:\/\/corrientesdetarde.com\/index.php\/wp-json\/wp\/v2\/posts"}],"about":[{"href":"https:\/\/corrientesdetarde.com\/index.php\/wp-json\/wp\/v2\/types\/post"}],"author":[{"embeddable":true,"href":"https:\/\/corrientesdetarde.com\/index.php\/wp-json\/wp\/v2\/users\/8"}],"replies":[{"embeddable":true,"href":"https:\/\/corrientesdetarde.com\/index.php\/wp-json\/wp\/v2\/comments?post=269530"}],"version-history":[{"count":2,"href":"https:\/\/corrientesdetarde.com\/index.php\/wp-json\/wp\/v2\/posts\/269530\/revisions"}],"predecessor-version":[{"id":269533,"href":"https:\/\/corrientesdetarde.com\/index.php\/wp-json\/wp\/v2\/posts\/269530\/revisions\/269533"}],"wp:featuredmedia":[{"embeddable":true,"href":"https:\/\/corrientesdetarde.com\/index.php\/wp-json\/wp\/v2\/media\/269531"}],"wp:attachment":[{"href":"https:\/\/corrientesdetarde.com\/index.php\/wp-json\/wp\/v2\/media?parent=269530"}],"wp:term":[{"taxonomy":"category","embeddable":true,"href":"https:\/\/corrientesdetarde.com\/index.php\/wp-json\/wp\/v2\/categories?post=269530"},{"taxonomy":"post_tag","embeddable":true,"href":"https:\/\/corrientesdetarde.com\/index.php\/wp-json\/wp\/v2\/tags?post=269530"}],"curies":[{"name":"wp","href":"https:\/\/api.w.org\/{rel}","templated":true}]}}