{"id":26954,"date":"2022-12-12T17:59:58","date_gmt":"2022-12-12T20:59:58","guid":{"rendered":"https:\/\/corrientesdetarde.com\/?p=26954"},"modified":"2022-12-12T18:00:02","modified_gmt":"2022-12-12T21:00:02","slug":"a-tamara-baez-le-robaron-el-vaso-customizado-que-lleva-a-todos-lados-y-enloquecio-quien-fue-la-ratona","status":"publish","type":"post","link":"https:\/\/corrientesdetarde.com\/index.php\/espectaculos\/a-tamara-baez-le-robaron-el-vaso-customizado-que-lleva-a-todos-lados-y-enloquecio-quien-fue-la-ratona\/","title":{"rendered":"A Tamara B\u00e1ez le robaron el vaso customizado que lleva a todos lados y enloqueci\u00f3: \u201c\u00bfQui\u00e9n fue la ratona?\u201d"},"content":{"rendered":"\n<p>Es el recipiente favorito que usa cada vez que sale a alg\u00fan bar o boliche.<\/p>\n\n\n\n<p>En sus redes sociales, Tamara Baez muestra todo el tiempo canjes, salidas, momentos con su hija, descargos por situaciones sentimentales del pasado y a veces hace un diario digital sobre su vida. Este fin de semana,\u00a0<strong>la influencer sali\u00f3 con amigas y lo comparti\u00f3 en su Instagram.<\/strong><\/p>\n\n\n\n<p>Luego de una madrugada de lunes intensa, Tamara se mostr\u00f3 absolutamente enojada porque\u00a0<strong>le falt\u00f3 algo muy importante en sus salidas.\u00a0<\/strong>Alguien, en alg\u00fan momento de su recorrido por donde estuvo,\u00a0<strong>le rob\u00f3 el vaso customizado que lleva para todos lados.<\/strong><\/p>\n\n\n\n<p>Tamara estuvo en el boliche\u00a0<strong>Kapital<\/strong>, de San Telmo,<strong>\u00a0desde donde subi\u00f3 varios videos<\/strong>\u00a0junto a varias de sus amigas. Pero, parece, en alg\u00fan momento de la noche, tuvo un descuido y el vaso que tanto aprecia desapareci\u00f3.<\/p>\n\n\n\n<p>\u201cEstoy enojada porque me robaron mi vaso. As\u00ed que si alguien lo ve, por ah\u00ed me pasa el dato de&nbsp;<strong>qui\u00e9n es la ratona que se lo llev\u00f3<\/strong>\u201d, lanz\u00f3, ofuscada, en sus historia, junto a una foto del recipiente.<\/p>\n\n\n\n<p>El vaso tiene incrustados brillos negros y, en rosa, est\u00e1 impreso el sobrenombre de la influencer, Tami. A la vez,<strong>&nbsp;su portacelular tambi\u00e9n le hace juego con el mismo recipiente que mand\u00f3 a dise\u00f1ar.<\/strong><\/p>\n\n\n\n<h2 class=\"wp-block-heading\">C\u00f3mo fue el fin de semana de Tamara B\u00e1ez, en su nueva casa y con amigas<\/h2>\n\n\n\n<p>Al margen de este mal momento, el fin de semana hab\u00eda empezado con todo para la influencer. Muy activa en sus redes, mostr\u00f3<strong>\u00a0c\u00f3mo entrena desde la comodidad de su nueva casa<\/strong>\u00a0sin importarle el calor. Para hacer frente a las altas temperaturas, la joven no dud\u00f3 en llevar adelante\u00a0<strong>su rutina deportiva usando distintas pesas, pero en microbikini y desde la pileta<\/strong>.<\/p>\n\n\n\n<p>Tamara no estaba sola. Invit\u00f3 a su flamante hogar a distintas amigas que\u00a0<strong>aprovecharon el s\u00e1bado soleado para bailar al ritmo de la m\u00fasica y disfrutar del agua<\/strong>.\u00a0<strong>\u201cSe entrena\u201d<\/strong>, escribi\u00f3 en el video en el que aparece una\u00a0<strong>colchoneta al borde de la piscina<\/strong>, adem\u00e1s de elementos de entrenamiento con distintos kilajes.<\/p>\n\n\n\n<p>Para practicar esos ejercicios, Tamara us\u00f3 una<strong>\u00a0microbikini metalizada en color blanco<\/strong>. El dise\u00f1o con corpi\u00f1o triangulito estaba combinado con breteles negros. Adem\u00e1s, llev\u00f3 unos pantalones cortos deportivos que le permitieron<strong>\u00a0hacer la actividad de manera m\u00e1s c\u00f3moda<\/strong>.<\/p>\n\n\n\n<figure class=\"wp-block-image size-large\"><img loading=\"lazy\" decoding=\"async\" width=\"565\" height=\"1024\" src=\"https:\/\/corrientesdetarde.com\/wp-content\/uploads\/2022\/12\/image-171-565x1024.png\" alt=\"\" class=\"wp-image-26955\" srcset=\"https:\/\/corrientesdetarde.com\/wp-content\/uploads\/2022\/12\/image-171-565x1024.png 565w, https:\/\/corrientesdetarde.com\/wp-content\/uploads\/2022\/12\/image-171-166x300.png 166w, https:\/\/corrientesdetarde.com\/wp-content\/uploads\/2022\/12\/image-171-768x1391.png 768w, https:\/\/corrientesdetarde.com\/wp-content\/uploads\/2022\/12\/image-171-848x1536.png 848w, https:\/\/corrientesdetarde.com\/wp-content\/uploads\/2022\/12\/image-171-1131x2048.png 1131w, https:\/\/corrientesdetarde.com\/wp-content\/uploads\/2022\/12\/image-171.png 1440w\" sizes=\"auto, (max-width: 565px) 100vw, 565px\" \/><\/figure>\n","protected":false},"excerpt":{"rendered":"<p>Es el recipiente favorito que usa cada vez que sale a alg\u00fan bar o boliche. En sus redes sociales, Tamara Baez muestra todo el tiempo canjes, salidas, momentos con su&hellip; <\/p>\n","protected":false},"author":8,"featured_media":26956,"comment_status":"closed","ping_status":"open","sticky":false,"template":"","format":"standard","meta":{"footnotes":""},"categories":[19],"tags":[],"class_list":["post-26954","post","type-post","status-publish","format-standard","has-post-thumbnail","hentry","category-espectaculos"],"_links":{"self":[{"href":"https:\/\/corrientesdetarde.com\/index.php\/wp-json\/wp\/v2\/posts\/26954","targetHints":{"allow":["GET"]}}],"collection":[{"href":"https:\/\/corrientesdetarde.com\/index.php\/wp-json\/wp\/v2\/posts"}],"about":[{"href":"https:\/\/corrientesdetarde.com\/index.php\/wp-json\/wp\/v2\/types\/post"}],"author":[{"embeddable":true,"href":"https:\/\/corrientesdetarde.com\/index.php\/wp-json\/wp\/v2\/users\/8"}],"replies":[{"embeddable":true,"href":"https:\/\/corrientesdetarde.com\/index.php\/wp-json\/wp\/v2\/comments?post=26954"}],"version-history":[{"count":1,"href":"https:\/\/corrientesdetarde.com\/index.php\/wp-json\/wp\/v2\/posts\/26954\/revisions"}],"predecessor-version":[{"id":26957,"href":"https:\/\/corrientesdetarde.com\/index.php\/wp-json\/wp\/v2\/posts\/26954\/revisions\/26957"}],"wp:featuredmedia":[{"embeddable":true,"href":"https:\/\/corrientesdetarde.com\/index.php\/wp-json\/wp\/v2\/media\/26956"}],"wp:attachment":[{"href":"https:\/\/corrientesdetarde.com\/index.php\/wp-json\/wp\/v2\/media?parent=26954"}],"wp:term":[{"taxonomy":"category","embeddable":true,"href":"https:\/\/corrientesdetarde.com\/index.php\/wp-json\/wp\/v2\/categories?post=26954"},{"taxonomy":"post_tag","embeddable":true,"href":"https:\/\/corrientesdetarde.com\/index.php\/wp-json\/wp\/v2\/tags?post=26954"}],"curies":[{"name":"wp","href":"https:\/\/api.w.org\/{rel}","templated":true}]}}