{"id":269544,"date":"2026-09-01T08:58:38","date_gmt":"2026-09-01T11:58:38","guid":{"rendered":"https:\/\/corrientesdetarde.com\/?p=269544"},"modified":"2026-09-01T08:58:51","modified_gmt":"2026-09-01T11:58:51","slug":"referentes-nacionales-e-internacionales-capacitaron-a-mas-de-150-profesionales-de-la-obstetricia","status":"publish","type":"post","link":"https:\/\/corrientesdetarde.com\/index.php\/actualidad\/referentes-nacionales-e-internacionales-capacitaron-a-mas-de-150-profesionales-de-la-obstetricia\/","title":{"rendered":"Referentes nacionales e internacionales capacitaron a m\u00e1s de 150 profesionales de la obstetricia"},"content":{"rendered":"\n<p><em>En el d\u00eda de la profesi\u00f3n, hubo una jornada donde estuvieron referentes nacionales e internacionales disertando sobre legislaciones y desaf\u00edos actuales. En el p\u00fablico, hubo personal sanitario del interior de Corrientes y tambi\u00e9n de Chaco.<\/em><\/p>\n\n\n\n<figure class=\"wp-block-image size-large\"><img loading=\"lazy\" decoding=\"async\" width=\"1024\" height=\"679\" src=\"https:\/\/corrientesdetarde.com\/wp-content\/uploads\/2026\/09\/image-2-1024x679.png\" alt=\"\" class=\"wp-image-269545\" srcset=\"https:\/\/corrientesdetarde.com\/wp-content\/uploads\/2026\/09\/image-2-1024x679.png 1024w, https:\/\/corrientesdetarde.com\/wp-content\/uploads\/2026\/09\/image-2-300x199.png 300w, https:\/\/corrientesdetarde.com\/wp-content\/uploads\/2026\/09\/image-2-768x509.png 768w, https:\/\/corrientesdetarde.com\/wp-content\/uploads\/2026\/09\/image-2.png 1216w\" sizes=\"auto, (max-width: 1024px) 100vw, 1024px\" \/><\/figure>\n\n\n\n<p><\/p>\n\n\n\n<p>En el D\u00eda de la Obstetricia y de la Embarazada, se realiz\u00f3 la V Jornada de Actualizaci\u00f3n en Obstetricia y III Jornada de Residencia de Obstetricia organizada por el Ministerio de Salud P\u00fablica a trav\u00e9s de la Direcci\u00f3n de Obstetricia. Entre los disertantes, se encontr\u00f3 la presidente de la Asociaci\u00f3n de Obstetras del Paraguay, Sandra L\u00f3pez. Adem\u00e1s de referentes a nivel nacional como las doctoras Jael Ojuel y Julieta Sandoval que hablaron sobre el acompa\u00f1amiento de gestantes en situaciones de vulnerabilidad.<\/p>\n\n\n\n<p>\u201cEs necesario que entendamos que la cooperaci\u00f3n es fundamental, entre todo el equipo de salud. Cada ni\u00f1o por nacer es una joya para el futuro y debemos cuidarlo, tenemos que lograr que sea un argentino sano y pujante. Todos debemos estar ah\u00ed para esa mujer que decide llevar adelante un embarazo\u201d, dijo el ministro de Salud P\u00fablica, Emilio Lanari Zubiaur, e inst\u00f3 a continuar con el compromiso con el que trabajan para la mam\u00e1 y el beb\u00e9.<\/p>\n\n\n\n<p>A su turno, Nora Ropelato quien es directora de Formaci\u00f3n de Profesionales de la Salud, felicit\u00f3 por la convocatoria del evento y valor\u00f3 el trabajo de los residentes en las maternidades. Para la funcionaria \u201cla obstetricia es un perfil que necesitamos\u201d.<\/p>\n\n\n\n<p>\u201cEs un d\u00eda que no s\u00f3lo celebramos la vida, tambi\u00e9n la profesi\u00f3n. Tenemos disertantes a nivel nacional e internacional. Van a contar experiencias y como vienen desarrollando la profesi\u00f3n. Tenemos un p\u00fablico muy amplio. El equipo que forma parte de la obstetricia incluye desde el que recibe a la paciente, desde el administrativo, hasta el profesional que la atiende\u201d, se\u00f1al\u00f3 la directora de Obstetricia de la Provincia, Vanesa Almerich.<\/p>\n\n\n\n<p>A su vez, sostuvo que \u201ctrabajamos para que en cada centro de salud la embarazada tenga la contenci\u00f3n y atenci\u00f3n asegurada\u201d.<\/p>\n\n\n\n<p>\u201cVenimos a compartir con colegas de la regi\u00f3n nuestra experiencia sobre la regulaci\u00f3n para el ejercicio profesional de la obstetra y nuestra realidad profesional. En distintos pa\u00edses de Latinoam\u00e9rica se necesita un impulso para revalorizar el trabajo y posicionarnos. Esto a su vez, trae beneficios enormes a la comunidad como tener obstetras en todos los lugares ya que no solo atendemos embarazadas o gestantes, tambi\u00e9n a la mujer en todo su curso de vida\u201d, coment\u00f3 Sandra L\u00f3pez.<\/p>\n\n\n\n<p>En Argentina, cada&nbsp;31 de agosto se celebra este d\u00eda para promover el rol fundamental que cumplen las parteras y los parteros en la salud de la mujer embarazada y el beb\u00e9 reci\u00e9n nacido. La atenci\u00f3n y contenci\u00f3n integral que brindan estos equipos de salud comprenden aspectos psicol\u00f3gicos y sociales. La relaci\u00f3n humana es tan importante como la experiencia profesional.<\/p>\n","protected":false},"excerpt":{"rendered":"<p>En el d\u00eda de la profesi\u00f3n, hubo una jornada donde estuvieron referentes nacionales e internacionales disertando sobre legislaciones y desaf\u00edos actuales. En el p\u00fablico, hubo personal sanitario del interior de&hellip; <\/p>\n","protected":false},"author":4,"featured_media":269546,"comment_status":"closed","ping_status":"open","sticky":false,"template":"","format":"standard","meta":{"footnotes":""},"categories":[23],"tags":[],"class_list":["post-269544","post","type-post","status-publish","format-standard","has-post-thumbnail","hentry","category-actualidad"],"_links":{"self":[{"href":"https:\/\/corrientesdetarde.com\/index.php\/wp-json\/wp\/v2\/posts\/269544","targetHints":{"allow":["GET"]}}],"collection":[{"href":"https:\/\/corrientesdetarde.com\/index.php\/wp-json\/wp\/v2\/posts"}],"about":[{"href":"https:\/\/corrientesdetarde.com\/index.php\/wp-json\/wp\/v2\/types\/post"}],"author":[{"embeddable":true,"href":"https:\/\/corrientesdetarde.com\/index.php\/wp-json\/wp\/v2\/users\/4"}],"replies":[{"embeddable":true,"href":"https:\/\/corrientesdetarde.com\/index.php\/wp-json\/wp\/v2\/comments?post=269544"}],"version-history":[{"count":1,"href":"https:\/\/corrientesdetarde.com\/index.php\/wp-json\/wp\/v2\/posts\/269544\/revisions"}],"predecessor-version":[{"id":269547,"href":"https:\/\/corrientesdetarde.com\/index.php\/wp-json\/wp\/v2\/posts\/269544\/revisions\/269547"}],"wp:featuredmedia":[{"embeddable":true,"href":"https:\/\/corrientesdetarde.com\/index.php\/wp-json\/wp\/v2\/media\/269546"}],"wp:attachment":[{"href":"https:\/\/corrientesdetarde.com\/index.php\/wp-json\/wp\/v2\/media?parent=269544"}],"wp:term":[{"taxonomy":"category","embeddable":true,"href":"https:\/\/corrientesdetarde.com\/index.php\/wp-json\/wp\/v2\/categories?post=269544"},{"taxonomy":"post_tag","embeddable":true,"href":"https:\/\/corrientesdetarde.com\/index.php\/wp-json\/wp\/v2\/tags?post=269544"}],"curies":[{"name":"wp","href":"https:\/\/api.w.org\/{rel}","templated":true}]}}