{"id":269548,"date":"2026-09-01T09:14:28","date_gmt":"2026-09-01T12:14:28","guid":{"rendered":"https:\/\/corrientesdetarde.com\/?p=269548"},"modified":"2026-09-01T09:14:32","modified_gmt":"2026-09-01T12:14:32","slug":"el-municipio-y-la-facultad-de-derecho-consolidan-su-vinculo-para-fortalecer-la-gestion-publica","status":"publish","type":"post","link":"https:\/\/corrientesdetarde.com\/index.php\/destacados\/el-municipio-y-la-facultad-de-derecho-consolidan-su-vinculo-para-fortalecer-la-gestion-publica\/","title":{"rendered":"El Municipio y la Facultad de Derecho consolidan su v\u00ednculo para fortalecer la gesti\u00f3n p\u00fablica"},"content":{"rendered":"\n<p><em>El intendente Claudio Polich y la decana M\u00f3nica An\u00eds firmaron dos convenios para impulsar capacitaci\u00f3n, investigaci\u00f3n y pasant\u00edas. Los acuerdos buscan vincular la formaci\u00f3n acad\u00e9mica con las necesidades de la gesti\u00f3n municipal y generar nuevas oportunidades para futuros profesionales.<\/em><\/p>\n\n\n\n<figure class=\"wp-block-embed is-type-video is-provider-youtube wp-block-embed-youtube wp-embed-aspect-16-9 wp-has-aspect-ratio\"><div class=\"wp-block-embed__wrapper\">\n<iframe loading=\"lazy\" title=\".El Municipio y la Facultad de Derecho consolidan su v\u00ednculo para fortalecer la gesti\u00f3n p\u00fablica\" width=\"1110\" height=\"624\" src=\"https:\/\/www.youtube.com\/embed\/TQqkBtYBBOQ?feature=oembed\" frameborder=\"0\" allow=\"accelerometer; autoplay; clipboard-write; encrypted-media; gyroscope; picture-in-picture; web-share\" referrerpolicy=\"strict-origin-when-cross-origin\" allowfullscreen><\/iframe>\n<\/div><\/figure>\n\n\n\n<p>La Municipalidad de Corrientes y la Facultad de Derecho y Ciencias Sociales y Pol\u00edticas de la Universidad Nacional del Nordeste (UNNE) renovaron y fortalecieron este lunes sus v\u00ednculos institucionales mediante la firma de dos convenios destinados a profundizar el trabajo conjunto y generar nuevas oportunidades de formaci\u00f3n y capacitaci\u00f3n.<\/p>\n\n\n\n<p>La r\u00fabrica se concret\u00f3 en la sede de la Facultad de Derecho, ubicada en el campus universitario Deodoro Roca, y estuvo encabezada por el intendente Claudio Polich y la decana M\u00f3nica An\u00eds. Tambi\u00e9n participaron la secretaria General del Municipio, Florencia Ojeda, y el secretario de Pol\u00edticas Institucionales, H\u00e9ctor Torres.<\/p>\n\n\n\n<figure class=\"wp-block-image size-large\"><img loading=\"lazy\" decoding=\"async\" width=\"1024\" height=\"683\" src=\"https:\/\/corrientesdetarde.com\/wp-content\/uploads\/2026\/09\/image-3-1024x683.png\" alt=\"\" class=\"wp-image-269549\" srcset=\"https:\/\/corrientesdetarde.com\/wp-content\/uploads\/2026\/09\/image-3-1024x683.png 1024w, https:\/\/corrientesdetarde.com\/wp-content\/uploads\/2026\/09\/image-3-300x200.png 300w, https:\/\/corrientesdetarde.com\/wp-content\/uploads\/2026\/09\/image-3-768x512.png 768w, https:\/\/corrientesdetarde.com\/wp-content\/uploads\/2026\/09\/image-3.png 1345w\" sizes=\"auto, (max-width: 1024px) 100vw, 1024px\" \/><\/figure>\n\n\n\n<p>LOS ACUERDOS<\/p>\n\n\n\n<p>El primer instrumento es un Convenio Marco de Cooperaci\u00f3n y Colaboraci\u00f3n Institucional, que contempla actividades conjuntas de formaci\u00f3n acad\u00e9mica, investigaci\u00f3n, extensi\u00f3n universitaria, transferencia, capacitaci\u00f3n, promoci\u00f3n de derechos y vinculaci\u00f3n interinstitucional.<\/p>\n\n\n\n<p>El segundo establece un Acuerdo Espec\u00edfico de Pasant\u00edas Educativas, mediante el cual estudiantes de la Facultad de Derecho podr\u00e1n desarrollar pr\u00e1cticas formativas vinculadas con su preparaci\u00f3n acad\u00e9mica y profesional dentro de la Municipalidad.<\/p>\n\n\n\n<p>De esta manera, los acuerdos buscan vincular los conocimientos universitarios con la experiencia concreta en la administraci\u00f3n p\u00fablica y fortalecer las capacidades profesionales del Estado municipal.<\/p>\n\n\n\n<figure class=\"wp-block-image size-large\"><img loading=\"lazy\" decoding=\"async\" width=\"1024\" height=\"672\" src=\"https:\/\/corrientesdetarde.com\/wp-content\/uploads\/2026\/09\/image-4-1024x672.png\" alt=\"\" class=\"wp-image-269550\" srcset=\"https:\/\/corrientesdetarde.com\/wp-content\/uploads\/2026\/09\/image-4-1024x672.png 1024w, https:\/\/corrientesdetarde.com\/wp-content\/uploads\/2026\/09\/image-4-300x197.png 300w, https:\/\/corrientesdetarde.com\/wp-content\/uploads\/2026\/09\/image-4-768x504.png 768w, https:\/\/corrientesdetarde.com\/wp-content\/uploads\/2026\/09\/image-4.png 1358w\" sizes=\"auto, (max-width: 1024px) 100vw, 1024px\" \/><\/figure>\n\n\n\n<p>CONOCIMIENTO PARA GESTIONAR<\/p>\n\n\n\n<p>Durante el encuentro, Polich destac\u00f3 la importancia de profundizar la relaci\u00f3n con las instituciones universitarias y generar espacios que permitan incorporar conocimiento y j\u00f3venes profesionales a la gesti\u00f3n p\u00fablica.<\/p>\n\n\n\n<p>\u201cEl convenio se relaciona con la posibilidad de implementar pasant\u00edas, que para nosotros es muy importante, y lo vamos a hacer con otras carreras de la Universidad Nacional del Nordeste y con algunas de las universidades privadas tambi\u00e9n\u201d, anticip\u00f3.<\/p>\n\n\n\n<p>En ese sentido, remarc\u00f3 que el objetivo es \u201cdotar a la Municipalidad de personal lo m\u00e1s calificado posible, para que nos ayuden a mejorar a\u00fan m\u00e1s la calidad de servicios\u201d.<\/p>\n\n\n\n<p>El intendente tambi\u00e9n puso en valor el aporte de esta experiencia para los estudiantes, al vincular su formaci\u00f3n con el ejercicio pr\u00e1ctico de la funci\u00f3n p\u00fablica. \u201cEs bueno que podamos de esta manera tambi\u00e9n seguir aportando al crecimiento humano y al crecimiento personal de cada uno de los profesionales de la ciudad de Corrientes\u201d, sostuvo.<\/p>\n\n\n\n<p>Polich consider\u00f3 adem\u00e1s que las pasant\u00edas pueden constituirse en una puerta de acceso al \u00e1mbito laboral y a la propia administraci\u00f3n municipal. \u201cOjal\u00e1, muchos de los que terminan sus pasant\u00edas puedan ser incorporados a la plantilla de personal de la Municipalidad\u201d, se\u00f1al\u00f3.<\/p>\n\n\n\n<p>Para el jefe comunal, esta articulaci\u00f3n permite generar una \u201csinergia positiva\u201d, incorporando profesionales capacitados para contribuir a mejorar la funci\u00f3n y lograr una gesti\u00f3n con mayor cercan\u00eda con los vecinos.<\/p>\n\n\n\n<figure class=\"wp-block-image size-large\"><img loading=\"lazy\" decoding=\"async\" width=\"1024\" height=\"674\" src=\"https:\/\/corrientesdetarde.com\/wp-content\/uploads\/2026\/09\/image-5-1024x674.png\" alt=\"\" class=\"wp-image-269552\" srcset=\"https:\/\/corrientesdetarde.com\/wp-content\/uploads\/2026\/09\/image-5-1024x674.png 1024w, https:\/\/corrientesdetarde.com\/wp-content\/uploads\/2026\/09\/image-5-300x197.png 300w, https:\/\/corrientesdetarde.com\/wp-content\/uploads\/2026\/09\/image-5-768x505.png 768w, https:\/\/corrientesdetarde.com\/wp-content\/uploads\/2026\/09\/image-5.png 1345w\" sizes=\"auto, (max-width: 1024px) 100vw, 1024px\" \/><\/figure>\n\n\n\n<p>UNIVERSIDAD Y COMUNIDAD<\/p>\n\n\n\n<p>Por su parte, la decana M\u00f3nica An\u00eds expres\u00f3 su satisfacci\u00f3n por los acuerdos y destac\u00f3 las oportunidades que generan para los estudiantes y la comunidad acad\u00e9mica.<\/p>\n\n\n\n<p>\u201cSiempre es una muy buena oportunidad de que la Facultad y la Universidad Nacional del Nordeste puedan trabajar de esta manera con el municipio\u201d, afirm\u00f3.<\/p>\n\n\n\n<p>An\u00eds remarc\u00f3 que este tipo de convenios produce beneficios que trascienden a las instituciones firmantes y valor\u00f3 la predisposici\u00f3n del Municipio para profundizar la relaci\u00f3n con la Universidad p\u00fablica.<\/p>\n\n\n\n<p>\u201cSiempre estamos a disposici\u00f3n\u201d, sostuvo la decana, quien destac\u00f3 la voluntad de ambas partes de continuar trabajando de manera conjunta.<\/p>\n\n\n\n<p>Finalmente, anticip\u00f3 que esta articulaci\u00f3n permitir\u00e1 avanzar en nuevas propuestas vinculadas con la capacitaci\u00f3n y la profesionalizaci\u00f3n de quienes desempe\u00f1an funciones en el Estado municipal, consolidando la cooperaci\u00f3n entre la formaci\u00f3n universitaria y la gesti\u00f3n p\u00fablica.<\/p>\n","protected":false},"excerpt":{"rendered":"<p>El intendente Claudio Polich y la decana M\u00f3nica An\u00eds firmaron dos convenios para impulsar capacitaci\u00f3n, investigaci\u00f3n y pasant\u00edas. Los acuerdos buscan vincular la formaci\u00f3n acad\u00e9mica con las necesidades de la&hellip; <\/p>\n","protected":false},"author":4,"featured_media":269551,"comment_status":"closed","ping_status":"open","sticky":false,"template":"","format":"standard","meta":{"footnotes":""},"categories":[26],"tags":[],"class_list":["post-269548","post","type-post","status-publish","format-standard","has-post-thumbnail","hentry","category-destacados"],"_links":{"self":[{"href":"https:\/\/corrientesdetarde.com\/index.php\/wp-json\/wp\/v2\/posts\/269548","targetHints":{"allow":["GET"]}}],"collection":[{"href":"https:\/\/corrientesdetarde.com\/index.php\/wp-json\/wp\/v2\/posts"}],"about":[{"href":"https:\/\/corrientesdetarde.com\/index.php\/wp-json\/wp\/v2\/types\/post"}],"author":[{"embeddable":true,"href":"https:\/\/corrientesdetarde.com\/index.php\/wp-json\/wp\/v2\/users\/4"}],"replies":[{"embeddable":true,"href":"https:\/\/corrientesdetarde.com\/index.php\/wp-json\/wp\/v2\/comments?post=269548"}],"version-history":[{"count":1,"href":"https:\/\/corrientesdetarde.com\/index.php\/wp-json\/wp\/v2\/posts\/269548\/revisions"}],"predecessor-version":[{"id":269553,"href":"https:\/\/corrientesdetarde.com\/index.php\/wp-json\/wp\/v2\/posts\/269548\/revisions\/269553"}],"wp:featuredmedia":[{"embeddable":true,"href":"https:\/\/corrientesdetarde.com\/index.php\/wp-json\/wp\/v2\/media\/269551"}],"wp:attachment":[{"href":"https:\/\/corrientesdetarde.com\/index.php\/wp-json\/wp\/v2\/media?parent=269548"}],"wp:term":[{"taxonomy":"category","embeddable":true,"href":"https:\/\/corrientesdetarde.com\/index.php\/wp-json\/wp\/v2\/categories?post=269548"},{"taxonomy":"post_tag","embeddable":true,"href":"https:\/\/corrientesdetarde.com\/index.php\/wp-json\/wp\/v2\/tags?post=269548"}],"curies":[{"name":"wp","href":"https:\/\/api.w.org\/{rel}","templated":true}]}}