{"id":269554,"date":"2026-09-01T09:42:18","date_gmt":"2026-09-01T12:42:18","guid":{"rendered":"https:\/\/corrientesdetarde.com\/?p=269554"},"modified":"2026-09-01T10:37:25","modified_gmt":"2026-09-01T13:37:25","slug":"como-estara-el-clima-este-1-de-septiembre-en-corrientes","status":"publish","type":"post","link":"https:\/\/corrientesdetarde.com\/index.php\/locales\/como-estara-el-clima-este-1-de-septiembre-en-corrientes\/","title":{"rendered":"\u00bfComo estara el clima este 1 de septiembre en Corrientes?"},"content":{"rendered":"\n<p>La ciudad de Corrientes comienza el mes de septiembre con condiciones de tiempo inestable y abundante nubosidad. De acuerdo con los datos brindados por el Servicio Meteorol\u00f3gico Nacional (SMN), la capital provincial registrar\u00e1 algunas precipitaciones d\u00e9biles en las primeras horas de la jornada, aunque la tendencia es que el clima comience a despejarse hacia la noche.<\/p>\n\n\n\n<p>A las 6 de la ma\u00f1ana, la ciudad registr\u00f3 una temperatura de&nbsp;<strong>16.7 \u00b0C<\/strong>, bajo un cielo&nbsp;<strong>cubierto con llovizna<\/strong>&nbsp;y una elevada humedad del&nbsp;<strong>92%<\/strong>. En ese momento, el viento soplaba desde el sector&nbsp;<strong>Sudoeste a 23 km\/h<\/strong>&nbsp;y la visibilidad horizontal se encontraba en&nbsp;<strong>9 kil\u00f3metros<\/strong>. La presi\u00f3n atmosf\u00e9rica marc\u00f3&nbsp;<strong>1007.3 hPa<\/strong>, mientras que la salida del sol se registr\u00f3 a las&nbsp;<strong>07:09<\/strong>&nbsp;y su puesta se prev\u00e9 para las&nbsp;<strong>18:42<\/strong>.<\/p>\n\n\n\n<p><strong>Por la ma\u00f1ana<\/strong>, se prev\u00e9 que la temperatura se ubique en los&nbsp;<strong>16 \u00b0C<\/strong>&nbsp;con cielo&nbsp;<strong>nublado<\/strong>. Los vientos soplar\u00e1n moderados desde el sector&nbsp;<strong>Sudeste<\/strong>&nbsp;a una velocidad de entre&nbsp;<strong>13 y 22 km\/h<\/strong>. Tras las lloviznas registradas en el amanecer, la probabilidad de lluvias para el resto de esta franja horaria desciende al&nbsp;<strong>0%<\/strong>.<\/p>\n\n\n\n<p><strong>Por la tarde<\/strong>, se alcanzar\u00e1 la temperatura m\u00e1xima prevista de&nbsp;<strong>21 \u00b0C<\/strong>. El cielo se presentar\u00e1&nbsp;<strong>mayormente nublado<\/strong>&nbsp;y el viento continuar\u00e1 soplando constante desde el sector&nbsp;<strong>Sudeste<\/strong>&nbsp;con una velocidad de entre&nbsp;<strong>13 y 22 km\/h<\/strong>, manteni\u00e9ndose nula la probabilidad de precipitaciones (<strong>0%<\/strong>).<\/p>\n\n\n\n<p><strong>Por la noche<\/strong>, el term\u00f3metro descender\u00e1 hasta ubicarse en los&nbsp;<strong>16 \u00b0C<\/strong>. Se prev\u00e9 un cielo completamente&nbsp;<strong>despejado<\/strong>&nbsp;y vientos que continuar\u00e1n desde el sector&nbsp;<strong>Sudeste<\/strong>, disminuyendo su intensidad a un rango de entre&nbsp;<strong>7 y 12 km\/h<\/strong>, sin probabilidades de lluvia.<\/p>\n\n\n\n<h3 class=\"wp-block-heading\"><strong>PRON\u00d3STICO EXTENDIDO<\/strong><\/h3>\n\n\n\n<p>De acuerdo al informe oficial del SMN para los pr\u00f3ximos siete d\u00edas, tras la nubosidad y el ambiente fresco de hoy, se anticipa una primera mitad de semana agradable con un progresivo incremento de la temperatura, seguida por un&nbsp;<strong>marcado descenso t\u00e9rmico<\/strong>&nbsp;hacia el domingo:<\/p>\n\n\n\n<ul class=\"wp-block-list\">\n<li><strong>Mi\u00e9rcoles 2:<\/strong>\u00a0Se espera una jornada de buen tiempo con un paulatino ascenso t\u00e9rmico. La temperatura m\u00ednima se ubicar\u00e1 en 12 \u00b0C y la m\u00e1xima alcanzar\u00e1 los\u00a0<strong>25 \u00b0C<\/strong>. El cielo se presentar\u00e1\u00a0<strong>despejado<\/strong>\u00a0por la ma\u00f1ana, pasando a\u00a0<strong>algo nublado<\/strong>\u00a0hacia la tarde y la noche, bajo vientos del sector\u00a0<strong>Este<\/strong>\u00a0por la ma\u00f1ana (7-12 km\/h) y del\u00a0<strong>Sudeste<\/strong>\u00a0por la tarde (13-22 km\/h).<\/li>\n\n\n\n<li><strong>Jueves 3:<\/strong>\u00a0Ser\u00e1 la jornada m\u00e1s calurosa de la semana, con una m\u00ednima de 14 \u00b0C y una m\u00e1xima de\u00a0<strong>28 \u00b0C<\/strong>. El cielo estar\u00e1 completamente\u00a0<strong>despejado<\/strong>\u00a0durante todo el d\u00eda, con vientos del sector\u00a0<strong>Norte<\/strong>\u00a0por la ma\u00f1ana (7-12 km\/h) que rotar\u00e1n al\u00a0<strong>Noreste<\/strong>\u00a0por la tarde (13-22 km\/h).<\/li>\n\n\n\n<li><strong>Viernes 4:<\/strong>\u00a0Se prev\u00e9 cielo\u00a0<strong>parcialmente nublado<\/strong>\u00a0por la ma\u00f1ana, con una probabilidad de lluvias muy baja (de entre el 0 y 10%), tendiendo a estar completamente\u00a0<strong>despejado<\/strong>\u00a0por la tarde. Los registros t\u00e9rmicos se situar\u00e1n entre los 14 \u00b0C de m\u00ednima y los\u00a0<strong>25 \u00b0C<\/strong>\u00a0de m\u00e1xima, con vientos del sector\u00a0<strong>Sudeste<\/strong>\u00a0(13-22 km\/h de ma\u00f1ana y 7-12 km\/h de tarde).<\/li>\n\n\n\n<li><strong>S\u00e1bado 5:<\/strong>\u00a0Regresa el incremento de la nubosidad. Se espera una jornada fresca con cielo\u00a0<strong>nublado<\/strong>\u00a0tanto por la ma\u00f1ana como por la tarde, con valores que ir\u00e1n de los 12 \u00b0C de m\u00ednima a los\u00a0<strong>20 \u00b0C<\/strong>\u00a0de m\u00e1xima y vientos moderados del sector\u00a0<strong>Sudeste<\/strong>\u00a0(13-22 km\/h).<\/li>\n\n\n\n<li><strong>Domingo 6:<\/strong>\u00a0Se anticipa un\u00a0<strong>marcado descenso de la temperatura<\/strong>, registr\u00e1ndose una m\u00ednima de apenas\u00a0<strong>7 \u00b0C<\/strong>\u00a0y una m\u00e1xima de\u00a0<strong>17 \u00b0C<\/strong>. El cielo se presentar\u00e1\u00a0<strong>nublado<\/strong>\u00a0por la ma\u00f1ana y pasar\u00e1 a estar\u00a0<strong>despejado<\/strong>\u00a0por la tarde, con vientos constantes del sector\u00a0<strong>Sudeste<\/strong>\u00a0de entre 13 y 22 km\/h.<\/li>\n\n\n\n<li><strong>Lunes 7:<\/strong>\u00a0Continuar\u00e1 el ambiente fr\u00edo en la regi\u00f3n, estim\u00e1ndose una m\u00ednima de apenas\u00a0<strong>6 \u00b0C<\/strong>\u00a0y una m\u00e1xima que llegar\u00e1 a los\u00a0<strong>18 \u00b0C<\/strong>. El cielo estar\u00e1\u00a0<strong>nublado<\/strong>\u00a0en las primeras horas y\u00a0<strong>despejado<\/strong>\u00a0hacia la tarde, manteni\u00e9ndose vientos constantes del sector\u00a0<strong>Sudeste<\/strong>\u00a0(13-22 km\/h).<\/li>\n<\/ul>\n","protected":false},"excerpt":{"rendered":"<p>La ciudad de Corrientes comienza el mes de septiembre con condiciones de tiempo inestable y abundante nubosidad. De acuerdo con los datos brindados por el Servicio Meteorol\u00f3gico Nacional (SMN), la&hellip; <\/p>\n","protected":false},"author":4,"featured_media":269555,"comment_status":"closed","ping_status":"open","sticky":false,"template":"","format":"standard","meta":{"footnotes":""},"categories":[29,8],"tags":[],"class_list":["post-269554","post","type-post","status-publish","format-standard","has-post-thumbnail","hentry","category-clima","category-locales"],"_links":{"self":[{"href":"https:\/\/corrientesdetarde.com\/index.php\/wp-json\/wp\/v2\/posts\/269554","targetHints":{"allow":["GET"]}}],"collection":[{"href":"https:\/\/corrientesdetarde.com\/index.php\/wp-json\/wp\/v2\/posts"}],"about":[{"href":"https:\/\/corrientesdetarde.com\/index.php\/wp-json\/wp\/v2\/types\/post"}],"author":[{"embeddable":true,"href":"https:\/\/corrientesdetarde.com\/index.php\/wp-json\/wp\/v2\/users\/4"}],"replies":[{"embeddable":true,"href":"https:\/\/corrientesdetarde.com\/index.php\/wp-json\/wp\/v2\/comments?post=269554"}],"version-history":[{"count":1,"href":"https:\/\/corrientesdetarde.com\/index.php\/wp-json\/wp\/v2\/posts\/269554\/revisions"}],"predecessor-version":[{"id":269556,"href":"https:\/\/corrientesdetarde.com\/index.php\/wp-json\/wp\/v2\/posts\/269554\/revisions\/269556"}],"wp:featuredmedia":[{"embeddable":true,"href":"https:\/\/corrientesdetarde.com\/index.php\/wp-json\/wp\/v2\/media\/269555"}],"wp:attachment":[{"href":"https:\/\/corrientesdetarde.com\/index.php\/wp-json\/wp\/v2\/media?parent=269554"}],"wp:term":[{"taxonomy":"category","embeddable":true,"href":"https:\/\/corrientesdetarde.com\/index.php\/wp-json\/wp\/v2\/categories?post=269554"},{"taxonomy":"post_tag","embeddable":true,"href":"https:\/\/corrientesdetarde.com\/index.php\/wp-json\/wp\/v2\/tags?post=269554"}],"curies":[{"name":"wp","href":"https:\/\/api.w.org\/{rel}","templated":true}]}}