{"id":269557,"date":"2026-09-01T09:45:25","date_gmt":"2026-09-01T12:45:25","guid":{"rendered":"https:\/\/corrientesdetarde.com\/?p=269557"},"modified":"2026-09-01T09:45:36","modified_gmt":"2026-09-01T12:45:36","slug":"braillard-poccard-encabezo-el-acto-por-el-35-aniversario-de-la-independencia-de-ucrania","status":"publish","type":"post","link":"https:\/\/corrientesdetarde.com\/index.php\/destacados\/braillard-poccard-encabezo-el-acto-por-el-35-aniversario-de-la-independencia-de-ucrania\/","title":{"rendered":"Braillard Poccard encabez\u00f3 el acto por el 35\u00b0 aniversario de la independencia de Ucrania"},"content":{"rendered":"\n<p>Este lunes se llev\u00f3 a cabo el acto en conmemoraci\u00f3n del 35\u00b0 aniversario de la independencia de Ucrania en el Hall de la Legislatura provincial. La ceremonia fue presidida por el vicegobernador Pedro Braillard Poccard, junto a Lilian Sawoczka, presidenta del C\u00edrculo Ucraniano de Corrientes (CUICOR).<\/p>\n\n\n\n<p>En el marco del programa \u201cLuminarias\u201d, impulsado por la C\u00e1mara de Senadores, que homenajea a pa\u00edses con representaci\u00f3n en la provincia mediante la iluminaci\u00f3n del Palacio Legislativo con los colores de sus respectivas banderas, el pasado 24 de agosto el edificio se ilumin\u00f3 de azul y amarillo, en conmemoraci\u00f3n del 35\u00b0 aniversario de la independencia de Ucrania, proclamada por su Parlamento en 1991, fecha en la que el pa\u00eds recuper\u00f3 su car\u00e1cter de Estado independiente.<\/p>\n\n\n\n<figure class=\"wp-block-image size-large\"><img loading=\"lazy\" decoding=\"async\" width=\"1024\" height=\"679\" src=\"https:\/\/corrientesdetarde.com\/wp-content\/uploads\/2026\/09\/image-6-1024x679.png\" alt=\"\" class=\"wp-image-269558\" srcset=\"https:\/\/corrientesdetarde.com\/wp-content\/uploads\/2026\/09\/image-6-1024x679.png 1024w, https:\/\/corrientesdetarde.com\/wp-content\/uploads\/2026\/09\/image-6-300x199.png 300w, https:\/\/corrientesdetarde.com\/wp-content\/uploads\/2026\/09\/image-6-768x510.png 768w, https:\/\/corrientesdetarde.com\/wp-content\/uploads\/2026\/09\/image-6.png 1177w\" sizes=\"auto, (max-width: 1024px) 100vw, 1024px\" \/><\/figure>\n\n\n\n<p>Tras entonarse los himnos nacionales de Argentina y Ucrania, el padre Horacio Da Silva elev\u00f3 una bendici\u00f3n por la paz.<\/p>\n\n\n\n<p>Al hacer uso de la palabra, Braillard Poccard destac\u00f3 que se ha convertido en \u201cuna hermosa costumbre\u201d conmemorar en la Legislatura las fechas m\u00e1s importantes de las distintas colectividades, y valor\u00f3 la posibilidad de que este espacio sea una casa abierta para compartir sus tradiciones y cultura.<\/p>\n\n\n\n<p>En ese sentido, resalt\u00f3 que el amor por las costumbres y la identidad correntina se enriquece con los aportes de quienes mantienen vivo el recuerdo de sus ancestros y sus ra\u00edces.<br>Al referirse a la comunidad ucraniana, destac\u00f3 el esfuerzo de quienes llegaron a nuestro pa\u00eds y debieron adaptarse a un contexto completamente diferente.<\/p>\n\n\n\n<p>Finalmente, expres\u00f3 su solidaridad con el pueblo de Ucrania ante el conflicto que atraviesa y record\u00f3 el proceso mediante el cual el pa\u00eds alcanz\u00f3 su independencia en 1991. Subray\u00f3 adem\u00e1s la valent\u00eda y el coraje demostrados por el pueblo ucraniano frente a la invasi\u00f3n, y remarc\u00f3 la importancia de privilegiar siempre la v\u00eda diplom\u00e1tica para la resoluci\u00f3n de los conflictos.<\/p>\n\n\n\n<p>A continuaci\u00f3n, el Vicegobernador entreg\u00f3 una Declaraci\u00f3n de Inter\u00e9s de la Presidencia de la Honorable C\u00e1mara de Senadores de la Provincia a la se\u00f1ora Lilian Sawoczka.<\/p>\n\n\n\n<figure class=\"wp-block-image size-large\"><img loading=\"lazy\" decoding=\"async\" width=\"1024\" height=\"689\" src=\"https:\/\/corrientesdetarde.com\/wp-content\/uploads\/2026\/09\/image-7-1024x689.png\" alt=\"\" class=\"wp-image-269559\" srcset=\"https:\/\/corrientesdetarde.com\/wp-content\/uploads\/2026\/09\/image-7-1024x689.png 1024w, https:\/\/corrientesdetarde.com\/wp-content\/uploads\/2026\/09\/image-7-300x202.png 300w, https:\/\/corrientesdetarde.com\/wp-content\/uploads\/2026\/09\/image-7-768x517.png 768w, https:\/\/corrientesdetarde.com\/wp-content\/uploads\/2026\/09\/image-7.png 1166w\" sizes=\"auto, (max-width: 1024px) 100vw, 1024px\" \/><\/figure>\n\n\n\n<p>Tambi\u00e9n particip\u00f3 de la ceremonia el presidente de la C\u00e1mara de Diputados, Eduardo Tassano, quien reflexion\u00f3 sobre los conflictos internacionales actuales y los vincul\u00f3 con algunos antecedentes de la Segunda Guerra Mundial, destacando la importancia de no ceder ante los agresores y de defender la soberan\u00eda de los pueblos. Asimismo, manifest\u00f3 su reconocimiento a la comunidad ucraniana radicada en la Argentina por su aporte al crecimiento del pa\u00eds, destacando especialmente su vocaci\u00f3n de trabajo, esfuerzo y contribuci\u00f3n a la cultura.<\/p>\n\n\n\n<p>La presidenta del C\u00edrculo Ucraniano, Lilian Sawoczka, se refiri\u00f3 a lo que representa conmemorar los 35 a\u00f1os de independencia y agradeci\u00f3 especialmente a la Vicegobernaci\u00f3n por brindar un espacio para visibilizar y acompa\u00f1ar a las colectividades que eligieron Corrientes como tierra de arraigo.<\/p>\n\n\n\n<p>Asimismo, record\u00f3 el significado de la fecha para el pueblo ucraniano, como expresi\u00f3n de su aspiraci\u00f3n a la libertad y la independencia, y puso en valor el compromiso de la instituci\u00f3n con la preservaci\u00f3n del legado de sus antepasados, quienes encontraron en la Argentina una tierra de oportunidades, trabajo y esperanza. Por \u00faltimo, expres\u00f3 su solidaridad con el pueblo ucraniano ante el actual contexto internacional e hizo un llamado a que prevalezca la diplomacia para alcanzar una paz justa y duradera.<\/p>\n\n\n\n<p>Para el cierre, el m\u00fasico acordeonista Oscar Playuk interpret\u00f3 \u201cEnganchados de colomeicas\u201d, m\u00fasica t\u00edpica de la naci\u00f3n ucraniana. Tambi\u00e9n se ofreci\u00f3 una degustaci\u00f3n de vodka frutado, aguas saborizadas y el tradicional \u201cpan con sal\u201d, s\u00edmbolo de hospitalidad y prosperidad en la cultura ucraniana.<\/p>\n\n\n\n<p>La colectividad ucraniana particip\u00f3 del acto con vestimenta tradicional, como la vyshyvanka (camisa bordada), el vinok (corona de flores) y otros atuendos t\u00edpicos.<\/p>\n","protected":false},"excerpt":{"rendered":"<p>Este lunes se llev\u00f3 a cabo el acto en conmemoraci\u00f3n del 35\u00b0 aniversario de la independencia de Ucrania en el Hall de la Legislatura provincial. La ceremonia fue presidida por&hellip; <\/p>\n","protected":false},"author":4,"featured_media":269560,"comment_status":"closed","ping_status":"open","sticky":false,"template":"","format":"standard","meta":{"footnotes":""},"categories":[26],"tags":[],"class_list":["post-269557","post","type-post","status-publish","format-standard","has-post-thumbnail","hentry","category-destacados"],"_links":{"self":[{"href":"https:\/\/corrientesdetarde.com\/index.php\/wp-json\/wp\/v2\/posts\/269557","targetHints":{"allow":["GET"]}}],"collection":[{"href":"https:\/\/corrientesdetarde.com\/index.php\/wp-json\/wp\/v2\/posts"}],"about":[{"href":"https:\/\/corrientesdetarde.com\/index.php\/wp-json\/wp\/v2\/types\/post"}],"author":[{"embeddable":true,"href":"https:\/\/corrientesdetarde.com\/index.php\/wp-json\/wp\/v2\/users\/4"}],"replies":[{"embeddable":true,"href":"https:\/\/corrientesdetarde.com\/index.php\/wp-json\/wp\/v2\/comments?post=269557"}],"version-history":[{"count":1,"href":"https:\/\/corrientesdetarde.com\/index.php\/wp-json\/wp\/v2\/posts\/269557\/revisions"}],"predecessor-version":[{"id":269561,"href":"https:\/\/corrientesdetarde.com\/index.php\/wp-json\/wp\/v2\/posts\/269557\/revisions\/269561"}],"wp:featuredmedia":[{"embeddable":true,"href":"https:\/\/corrientesdetarde.com\/index.php\/wp-json\/wp\/v2\/media\/269560"}],"wp:attachment":[{"href":"https:\/\/corrientesdetarde.com\/index.php\/wp-json\/wp\/v2\/media?parent=269557"}],"wp:term":[{"taxonomy":"category","embeddable":true,"href":"https:\/\/corrientesdetarde.com\/index.php\/wp-json\/wp\/v2\/categories?post=269557"},{"taxonomy":"post_tag","embeddable":true,"href":"https:\/\/corrientesdetarde.com\/index.php\/wp-json\/wp\/v2\/tags?post=269557"}],"curies":[{"name":"wp","href":"https:\/\/api.w.org\/{rel}","templated":true}]}}