{"id":269562,"date":"2026-09-01T10:17:08","date_gmt":"2026-09-01T13:17:08","guid":{"rendered":"https:\/\/corrientesdetarde.com\/?p=269562"},"modified":"2026-09-01T10:17:12","modified_gmt":"2026-09-01T13:17:12","slug":"presentaran-el-libro-introduccion-al-conocimiento-del-derecho","status":"publish","type":"post","link":"https:\/\/corrientesdetarde.com\/index.php\/cultura\/presentaran-el-libro-introduccion-al-conocimiento-del-derecho\/","title":{"rendered":"Presentar\u00e1n el libro \u201cIntroducci\u00f3n al conocimiento del Derecho\u201d"},"content":{"rendered":"\n<p>El jueves 3 de septiembre, a las 16.30, el dr. Daniel Gualberto G\u00f3mez, presentar\u00e1 su libro \u201cIntroducci\u00f3n al conocimiento del Derecho\u201d en la Biblioteca de la Legislatura. Dicho evento se realiza dentro del ciclo \u201cTodas las letras\u201d; el mismo busca fortalecer un espacio de encuentro y difusi\u00f3n cultural abierto a la comunidad y cuenta con el auspicio del vicegobernador Pedro Braillard Poccard.<\/p>\n\n\n\n<p>El encuentro propone acercar a la comunidad una obra vinculada con la formaci\u00f3n jur\u00eddica y, particularmente, con los primeros pasos de quienes eligen la carrera de Abogac\u00eda.<\/p>\n\n\n\n<p>El ciclo \u201cTodas las Letras\u201d tiene como objetivo consolidar un espacio cultural promovido por la Biblioteca que trascienda la presentaci\u00f3n de libros y que incorpore tambi\u00e9n charlas, exposiciones y encuentros con referentes de distintas \u00e1reas del conocimiento. De este modo, se busca favorecer la difusi\u00f3n de contenidos y ampliar el acceso a la informaci\u00f3n para la comunidad.<\/p>\n\n\n\n<p>Una obra para los primeros pasos en la carrera de Derecho<\/p>\n\n\n\n<p>\u201cIntroducci\u00f3n al conocimiento del Derecho\u201d aborda una materia fundamental del primer a\u00f1o de la carrera de Abogac\u00eda y constituye una aproximaci\u00f3n a los conceptos b\u00e1sicos que estructuran el sistema jur\u00eddico.<\/p>\n\n\n\n<p>La obra est\u00e1 pensada como un material de acompa\u00f1amiento para estudiantes que transitan sus primeros pasos en la formaci\u00f3n universitaria, ofreciendo herramientas introductorias para acercarse al conocimiento del Derecho y a sus principales conceptos.<\/p>\n\n\n\n<p>Sobre el autor<\/p>\n\n\n\n<p>Daniel Gualberto G\u00f3mez es abogado, egresado de la Universidad Nacional del Nordeste (UNNE). Actualmente se desempe\u00f1a como Profesor Titular de Introducci\u00f3n al Derecho (C\u00e1tedra A) y Profesor Adjunto de Filosof\u00eda del Derecho (C\u00e1tedra B) de la Facultad de Derecho y Ciencias Sociales y Pol\u00edticas de la UNNE.<\/p>\n\n\n\n<p>Su trayectoria acad\u00e9mica incluye publicaciones en revistas con arbitraje, producci\u00f3n de libros y participaci\u00f3n en proyectos de extensi\u00f3n universitaria.<\/p>\n\n\n\n<p>Asimismo, se desempe\u00f1a como director de la Extensi\u00f3n \u00c1ulica Santo Tom\u00e9 (Corrientes) de la Facultad de Derecho y Ciencias Sociales y Pol\u00edticas de la UNNE y ejerce libremente la profesi\u00f3n de abogado.<\/p>\n\n\n\n<p>La presentaci\u00f3n se suma as\u00ed a la agenda cultural de la Biblioteca de la Legislatura, reafirmando el compromiso de la instituci\u00f3n con la generaci\u00f3n de espacios para la circulaci\u00f3n de ideas, el intercambio de conocimientos y el acercamiento de la comunidad a distintas expresiones del \u00e1mbito acad\u00e9mico y cultural.<\/p>\n\n\n\n<figure class=\"wp-block-image size-full\"><img loading=\"lazy\" decoding=\"async\" width=\"557\" height=\"783\" src=\"https:\/\/corrientesdetarde.com\/wp-content\/uploads\/2026\/09\/Captura-de-pantalla-2026-09-01-101058.png\" alt=\"\" class=\"wp-image-269564\" srcset=\"https:\/\/corrientesdetarde.com\/wp-content\/uploads\/2026\/09\/Captura-de-pantalla-2026-09-01-101058.png 557w, https:\/\/corrientesdetarde.com\/wp-content\/uploads\/2026\/09\/Captura-de-pantalla-2026-09-01-101058-213x300.png 213w\" sizes=\"auto, (max-width: 557px) 100vw, 557px\" \/><\/figure>\n","protected":false},"excerpt":{"rendered":"<p>El jueves 3 de septiembre, a las 16.30, el dr. Daniel Gualberto G\u00f3mez, presentar\u00e1 su libro \u201cIntroducci\u00f3n al conocimiento del Derecho\u201d en la Biblioteca de la Legislatura. Dicho evento se&hellip; <\/p>\n","protected":false},"author":4,"featured_media":269563,"comment_status":"closed","ping_status":"open","sticky":false,"template":"","format":"standard","meta":{"footnotes":""},"categories":[15],"tags":[],"class_list":["post-269562","post","type-post","status-publish","format-standard","has-post-thumbnail","hentry","category-cultura"],"_links":{"self":[{"href":"https:\/\/corrientesdetarde.com\/index.php\/wp-json\/wp\/v2\/posts\/269562","targetHints":{"allow":["GET"]}}],"collection":[{"href":"https:\/\/corrientesdetarde.com\/index.php\/wp-json\/wp\/v2\/posts"}],"about":[{"href":"https:\/\/corrientesdetarde.com\/index.php\/wp-json\/wp\/v2\/types\/post"}],"author":[{"embeddable":true,"href":"https:\/\/corrientesdetarde.com\/index.php\/wp-json\/wp\/v2\/users\/4"}],"replies":[{"embeddable":true,"href":"https:\/\/corrientesdetarde.com\/index.php\/wp-json\/wp\/v2\/comments?post=269562"}],"version-history":[{"count":1,"href":"https:\/\/corrientesdetarde.com\/index.php\/wp-json\/wp\/v2\/posts\/269562\/revisions"}],"predecessor-version":[{"id":269565,"href":"https:\/\/corrientesdetarde.com\/index.php\/wp-json\/wp\/v2\/posts\/269562\/revisions\/269565"}],"wp:featuredmedia":[{"embeddable":true,"href":"https:\/\/corrientesdetarde.com\/index.php\/wp-json\/wp\/v2\/media\/269563"}],"wp:attachment":[{"href":"https:\/\/corrientesdetarde.com\/index.php\/wp-json\/wp\/v2\/media?parent=269562"}],"wp:term":[{"taxonomy":"category","embeddable":true,"href":"https:\/\/corrientesdetarde.com\/index.php\/wp-json\/wp\/v2\/categories?post=269562"},{"taxonomy":"post_tag","embeddable":true,"href":"https:\/\/corrientesdetarde.com\/index.php\/wp-json\/wp\/v2\/tags?post=269562"}],"curies":[{"name":"wp","href":"https:\/\/api.w.org\/{rel}","templated":true}]}}