{"id":269566,"date":"2026-09-01T10:43:34","date_gmt":"2026-09-01T13:43:34","guid":{"rendered":"https:\/\/corrientesdetarde.com\/?p=269566"},"modified":"2026-09-01T10:43:46","modified_gmt":"2026-09-01T13:43:46","slug":"el-puerto-de-corrientes-se-transforma-licitaron-una-obra-clave-para-acompanar-su-crecimiento","status":"publish","type":"post","link":"https:\/\/corrientesdetarde.com\/index.php\/destacados\/el-puerto-de-corrientes-se-transforma-licitaron-una-obra-clave-para-acompanar-su-crecimiento\/","title":{"rendered":"El Puerto de Corrientes se transforma: licitaron una obra clave para acompa\u00f1ar su crecimiento"},"content":{"rendered":"\n<p>La obra busca mejorar las condiciones operativas de la terminal portuaria, corregir deformaciones del pavimento y extender la zona primaria hasta la l\u00ednea municipal. El proyecto apunta a acompa\u00f1ar el r\u00e9cord de movimiento de contenedores y agilizar los tiempos de carga y descarga.<\/p>\n\n\n\n<p>En la Sala de Situaci\u00f3n del Ministerio de Obras y Servicios P\u00fablicos de Corrientes se realiz\u00f3 la apertura de sobres correspondiente a la licitaci\u00f3n para la&nbsp;<strong>repavimentaci\u00f3n y ampliaci\u00f3n del play\u00f3n del Puerto de Corrientes&nbsp;<\/strong>&nbsp;. La intervenci\u00f3n apunta a mejorar la infraestructura de la terminal y responder al crecimiento de la actividad portuaria.<\/p>\n\n\n\n<p>El acto cont\u00f3 con la presencia del ministro de Obras y Servicios P\u00fablicos,&nbsp;<strong>Jorge Meza&nbsp;<\/strong>&nbsp;; el subsecretario&nbsp;<strong>Antonio Portel&nbsp;<\/strong>&nbsp;; y el titular de la Direcci\u00f3n de Planificaci\u00f3n y Obras (DPO),&nbsp;<strong>Jos\u00e9 Matzner&nbsp;<\/strong>&nbsp;.<\/p>\n\n\n\n<p>Para la ejecuci\u00f3n de los trabajos se presentaron&nbsp;<strong>tres firmas oferentes&nbsp;<\/strong>&nbsp;, mientras que la fiscalizaci\u00f3n estar\u00e1 a cargo de la DPO. La obra permitir\u00e1 nivelar el suelo, reparar las deformaciones generadas por el tr\u00e1nsito y la carga pesada y prolongar la zona primaria hasta la l\u00ednea municipal.<\/p>\n\n\n\n<p>Seg\u00fan se explic\u00f3, la iniciativa responde al&nbsp;<strong>nivel r\u00e9cord de actividad que registra actualmente la terminal portuaria&nbsp;<\/strong>&nbsp;, con un intenso movimiento de contenedores y vol\u00famenes de importaci\u00f3n y exportaci\u00f3n que vienen superando registros hist\u00f3ricos. El objetivo es generar mejores condiciones para las operaciones y reducir los tiempos de carga de las navieras, adem\u00e1s de elevar los est\u00e1ndares de seguridad.<\/p>\n\n\n\n<figure class=\"wp-block-image\"><img decoding=\"async\" src=\"https:\/\/www.lt7noticias.com\/content\/bucket\/8\/87478w790h527c.jpg.webp\" alt=\"\"\/><\/figure>\n\n\n\n<h3 class=\"wp-block-heading\">Las obras previstas en la zona primaria<\/h3>\n\n\n\n<p>Uno de los principales trabajos ser\u00e1 la colocaci\u00f3n de una&nbsp;<strong>nueva capa de hormig\u00f3n armado con malla Sima&nbsp;<\/strong>&nbsp;sobre los sectores hundidos del pavimento existente. La intervenci\u00f3n permitir\u00e1 mejorar la distribuci\u00f3n de las cargas generadas por el peso de los contenedores.<\/p>\n\n\n\n<p>Las deformaciones actuales est\u00e1n vinculadas principalmente al&nbsp;<strong>asentamiento del refulado y a filtraciones en las juntas de desag\u00fce&nbsp;<\/strong>&nbsp;, por lo que el proyecto contempla tambi\u00e9n obras destinadas a mejorar el escurrimiento del agua.<\/p>\n\n\n\n<p>En ese sentido, se construir\u00e1 una&nbsp;<strong>nueva red de drenaje pluvial&nbsp;<\/strong>&nbsp;para el \u00e1rea primaria y administrativa. El sistema contar\u00e1 con ca\u00f1er\u00edas de entre&nbsp;<strong>40 y 60 cent\u00edmetros de di\u00e1metro&nbsp;<\/strong>&nbsp;, adem\u00e1s de c\u00e1maras sumidero equipadas con rejillas met\u00e1licas.<\/p>\n\n\n\n<p>El proyecto incluye asimismo la&nbsp;<strong>demolici\u00f3n de sectores deteriorados&nbsp;<\/strong>&nbsp;del pavimento y trabajos de refuncionalizaci\u00f3n del acceso. Para ello, se retirar\u00e1n el port\u00f3n y el cerco actuales, mientras que en la nueva delimitaci\u00f3n perimetral se instalar\u00e1&nbsp;<strong>concertina&nbsp;<\/strong>&nbsp;.<\/p>\n\n\n\n<p>Con estas obras, la Provincia busca adecuar la infraestructura del Puerto de Corrientes al incremento sostenido de su actividad y garantizar una plataforma con mejores condiciones para afrontar el movimiento creciente de cargas.<\/p>\n","protected":false},"excerpt":{"rendered":"<p>La obra busca mejorar las condiciones operativas de la terminal portuaria, corregir deformaciones del pavimento y extender la zona primaria hasta la l\u00ednea municipal. El proyecto apunta a acompa\u00f1ar el&hellip; <\/p>\n","protected":false},"author":4,"featured_media":269567,"comment_status":"closed","ping_status":"open","sticky":false,"template":"","format":"standard","meta":{"footnotes":""},"categories":[26],"tags":[],"class_list":["post-269566","post","type-post","status-publish","format-standard","has-post-thumbnail","hentry","category-destacados"],"_links":{"self":[{"href":"https:\/\/corrientesdetarde.com\/index.php\/wp-json\/wp\/v2\/posts\/269566","targetHints":{"allow":["GET"]}}],"collection":[{"href":"https:\/\/corrientesdetarde.com\/index.php\/wp-json\/wp\/v2\/posts"}],"about":[{"href":"https:\/\/corrientesdetarde.com\/index.php\/wp-json\/wp\/v2\/types\/post"}],"author":[{"embeddable":true,"href":"https:\/\/corrientesdetarde.com\/index.php\/wp-json\/wp\/v2\/users\/4"}],"replies":[{"embeddable":true,"href":"https:\/\/corrientesdetarde.com\/index.php\/wp-json\/wp\/v2\/comments?post=269566"}],"version-history":[{"count":1,"href":"https:\/\/corrientesdetarde.com\/index.php\/wp-json\/wp\/v2\/posts\/269566\/revisions"}],"predecessor-version":[{"id":269568,"href":"https:\/\/corrientesdetarde.com\/index.php\/wp-json\/wp\/v2\/posts\/269566\/revisions\/269568"}],"wp:featuredmedia":[{"embeddable":true,"href":"https:\/\/corrientesdetarde.com\/index.php\/wp-json\/wp\/v2\/media\/269567"}],"wp:attachment":[{"href":"https:\/\/corrientesdetarde.com\/index.php\/wp-json\/wp\/v2\/media?parent=269566"}],"wp:term":[{"taxonomy":"category","embeddable":true,"href":"https:\/\/corrientesdetarde.com\/index.php\/wp-json\/wp\/v2\/categories?post=269566"},{"taxonomy":"post_tag","embeddable":true,"href":"https:\/\/corrientesdetarde.com\/index.php\/wp-json\/wp\/v2\/tags?post=269566"}],"curies":[{"name":"wp","href":"https:\/\/api.w.org\/{rel}","templated":true}]}}