{"id":269572,"date":"2026-09-01T11:03:10","date_gmt":"2026-09-01T14:03:10","guid":{"rendered":"https:\/\/corrientesdetarde.com\/?p=269572"},"modified":"2026-09-01T11:03:18","modified_gmt":"2026-09-01T14:03:18","slug":"detuvieron-al-abogado-de-un-implicado-en-el-caso-loan-por-presuntos-vinculos-con-una-banda-narco-de-rosario","status":"publish","type":"post","link":"https:\/\/corrientesdetarde.com\/index.php\/policiales\/detuvieron-al-abogado-de-un-implicado-en-el-caso-loan-por-presuntos-vinculos-con-una-banda-narco-de-rosario\/","title":{"rendered":"Detuvieron al abogado de un implicado en el caso Loan por presuntos v\u00ednculos con una banda narco de Rosario"},"content":{"rendered":"\n<p>Mart\u00edn Castillo, defensor de Pablo N\u00fa\u00f1ez en la causa por la desaparici\u00f3n de Loan Pe\u00f1a, fue detenido este lunes en la Ciudad de Buenos Aires. La Justicia lo investiga como presunto integrante de una organizaci\u00f3n narcocriminal vinculada a Francisco &#8220;Fran&#8221; Riquelme.&nbsp;<\/p>\n\n\n\n<p>El abogado penalista&nbsp;<strong>Mart\u00edn Castillo<\/strong>, conocido por ejercer la defensa de&nbsp;<strong>Pablo N\u00fa\u00f1ez<\/strong>, uno de los implicados en la causa por la desaparici\u00f3n de&nbsp;<strong>Loan Pe\u00f1a<\/strong>, fue detenido este lunes en el barrio porte\u00f1o de&nbsp;<strong>Palermo<\/strong>, en el marco de una investigaci\u00f3n por presuntos v\u00ednculos con una organizaci\u00f3n narcocriminal de Rosario.&nbsp;<\/p>\n\n\n\n<p>El operativo fue llevado adelante por efectivos de la&nbsp;<strong>Polic\u00eda Federal Argentina (PFA)<\/strong>, la&nbsp;<strong>SIDE<\/strong>&nbsp;y la&nbsp;<strong>Central de Inteligencia y Operaciones Especiales<\/strong>, a partir de una investigaci\u00f3n conducida por el&nbsp;<strong>Ministerio P\u00fablico de la Acusaci\u00f3n (MPA) de Santa Fe<\/strong>.<\/p>\n\n\n\n<p>Castillo fue aprehendido sobre&nbsp;<strong>avenida Scalabrini Ortiz al 2400<\/strong>, luego de un seguimiento que se inici\u00f3 cuando sali\u00f3 de un inmueble ubicado sobre calle&nbsp;<strong>Uriarte al 1500<\/strong>. Durante el procedimiento, los investigadores secuestraron&nbsp;<strong>dos tel\u00e9fonos celulares<\/strong>, un iPhone y un Samsung, que ser\u00e1n analizados como parte de la evidencia reunida en el expediente.<\/p>\n\n\n\n<h3 class=\"wp-block-heading\">Investigan su presunto rol dentro de la organizaci\u00f3n<\/h3>\n\n\n\n<p>De acuerdo con el legajo judicial, el abogado es investigado por un supuesto v\u00ednculo con la estructura narcocriminal que ser\u00eda comandada desde el penal de&nbsp;<strong>Marcos Paz por Francisco &#8220;Fran&#8221; Riquelme<\/strong>.<\/p>\n\n\n\n<p>La investigaci\u00f3n, impulsada por las fiscales&nbsp;<strong>Marina Vigo<\/strong>, de la Unidad de Violencias Altamente Lesivas, y&nbsp;<strong>Mercedes Banchio<\/strong>, de la Unidad de Microtr\u00e1fico, sostiene que Castillo habr\u00eda excedido su funci\u00f3n como defensor t\u00e9cnico y habr\u00eda cumplido un rol activo dentro de la organizaci\u00f3n.<\/p>\n\n\n\n<p>Seg\u00fan la acusaci\u00f3n, el letrado habr\u00eda funcionado como&nbsp;<strong>nexo en las comunicaciones operativas<\/strong>, llevando mensajes y triangulando llamadas entre Riquelme, su hermano&nbsp;<strong>Jonatan<\/strong>, su hijo&nbsp;<strong>Ezequiel<\/strong>&nbsp;y otros integrantes de la estructura vinculada al narcotr\u00e1fico y a&nbsp;<strong>Esteban Lindor Alvarado<\/strong>.<\/p>\n\n\n\n<p>La detenci\u00f3n del abogado gener\u00f3 repercusi\u00f3n debido a su participaci\u00f3n en la causa que investiga la desaparici\u00f3n de&nbsp;<strong>Loan Pe\u00f1a<\/strong>, ocurrida en junio de 2024 en la localidad correntina de 9 de Julio. Castillo ejerce la defensa de&nbsp;<strong>Pablo N\u00fa\u00f1ez<\/strong>, quien permanece imputado en ese expediente y fue se\u00f1alado como supuesto integrante de la denominada&nbsp;<strong>Fundaci\u00f3n Dupuy<\/strong>.<\/p>\n\n\n\n<h3 class=\"wp-block-heading\">Audiencia imputativa en Rosario<\/h3>\n\n\n\n<p>Castillo deber\u00e1 comparecer el pr\u00f3ximo&nbsp;<strong>viernes ante el Centro de Justicia Penal de Rosario<\/strong>, donde se realizar\u00e1 la audiencia imputativa junto a&nbsp;<strong>Ezequiel Riquelme<\/strong>, hijo de Francisco &#8220;Fran&#8221; Riquelme.<\/p>\n\n\n\n<p>Mientras que Ezequiel Riquelme ser\u00e1 acusado como&nbsp;<strong>presunto organizador de la estructura criminal<\/strong>, la imputaci\u00f3n contra Castillo ser\u00e1 por su supuesto rol como&nbsp;<strong>integrante de la organizaci\u00f3n mafiosa<\/strong>.<\/p>\n\n\n\n<p>La investigaci\u00f3n busca determinar el alcance de la participaci\u00f3n de cada uno de los sospechosos y el funcionamiento de la estructura criminal investigada.<\/p>\n","protected":false},"excerpt":{"rendered":"<p>Mart\u00edn Castillo, defensor de Pablo N\u00fa\u00f1ez en la causa por la desaparici\u00f3n de Loan Pe\u00f1a, fue detenido este lunes en la Ciudad de Buenos Aires. La Justicia lo investiga como&hellip; <\/p>\n","protected":false},"author":4,"featured_media":269573,"comment_status":"closed","ping_status":"open","sticky":false,"template":"","format":"standard","meta":{"footnotes":""},"categories":[33],"tags":[],"class_list":["post-269572","post","type-post","status-publish","format-standard","has-post-thumbnail","hentry","category-policiales"],"_links":{"self":[{"href":"https:\/\/corrientesdetarde.com\/index.php\/wp-json\/wp\/v2\/posts\/269572","targetHints":{"allow":["GET"]}}],"collection":[{"href":"https:\/\/corrientesdetarde.com\/index.php\/wp-json\/wp\/v2\/posts"}],"about":[{"href":"https:\/\/corrientesdetarde.com\/index.php\/wp-json\/wp\/v2\/types\/post"}],"author":[{"embeddable":true,"href":"https:\/\/corrientesdetarde.com\/index.php\/wp-json\/wp\/v2\/users\/4"}],"replies":[{"embeddable":true,"href":"https:\/\/corrientesdetarde.com\/index.php\/wp-json\/wp\/v2\/comments?post=269572"}],"version-history":[{"count":1,"href":"https:\/\/corrientesdetarde.com\/index.php\/wp-json\/wp\/v2\/posts\/269572\/revisions"}],"predecessor-version":[{"id":269574,"href":"https:\/\/corrientesdetarde.com\/index.php\/wp-json\/wp\/v2\/posts\/269572\/revisions\/269574"}],"wp:featuredmedia":[{"embeddable":true,"href":"https:\/\/corrientesdetarde.com\/index.php\/wp-json\/wp\/v2\/media\/269573"}],"wp:attachment":[{"href":"https:\/\/corrientesdetarde.com\/index.php\/wp-json\/wp\/v2\/media?parent=269572"}],"wp:term":[{"taxonomy":"category","embeddable":true,"href":"https:\/\/corrientesdetarde.com\/index.php\/wp-json\/wp\/v2\/categories?post=269572"},{"taxonomy":"post_tag","embeddable":true,"href":"https:\/\/corrientesdetarde.com\/index.php\/wp-json\/wp\/v2\/tags?post=269572"}],"curies":[{"name":"wp","href":"https:\/\/api.w.org\/{rel}","templated":true}]}}