{"id":26958,"date":"2022-12-12T18:21:39","date_gmt":"2022-12-12T21:21:39","guid":{"rendered":"https:\/\/corrientesdetarde.com\/?p=26958"},"modified":"2022-12-12T18:25:07","modified_gmt":"2022-12-12T21:25:07","slug":"fernandez-encabezo-dos-audiencias-para-potenciar-los-vinculos-con-espana","status":"publish","type":"post","link":"https:\/\/corrientesdetarde.com\/index.php\/nacionales\/fernandez-encabezo-dos-audiencias-para-potenciar-los-vinculos-con-espana\/","title":{"rendered":"Fern\u00e1ndez encabez\u00f3 dos audiencias para potenciar los v\u00ednculos con Espa\u00f1a"},"content":{"rendered":"\n<p><a href=\"javascript:void(0);\"><\/a>Las audiencias con Yolanda&nbsp;D\u00edaz y Mar\u00eda Victoria Chivite Navascu\u00e9s -dos dirigentes de la centroizquierda- entre otros temas se habl\u00f3 del preocupante&nbsp;&#8220;crecimiento&#8221; de la extrema derecha que &#8220;no es cuesti\u00f3n exclusiva de la Argentina y Espa\u00f1a&#8221;.<\/p>\n\n\n\n<p>El presidente Alberto Fern\u00e1ndez recibi\u00f3 este lunes a la<strong>&nbsp;titular del Gobierno auton\u00f3mico de Navarra, Mar\u00eda Victoria Chivite Navascu\u00e9s<\/strong>, despu\u00e9s del encuentro que mantuvo el domingo con l<strong>a vicepresidenta de Espa\u00f1a, Yolanda D\u00edaz<\/strong>, con quienes abord\u00f3 los &#8220;desaf\u00edos&#8221; comunes de ambas naciones en un gesto que se suma la construcci\u00f3n del v\u00ednculo establecido con el mayor de los pa\u00edses de la Pen\u00ednsula ib\u00e9rica.<\/p>\n\n\n\n<p>Las audiencias con Yolanda&nbsp;<strong>D\u00edaz y Mar\u00eda Victoria Chivite Navascu\u00e9s, dos dirigentes integran la centroizquierda espa\u00f1ola<\/strong>, un espacio que estableci\u00f3 aceitados v\u00ednculos con autoridades del Gobierno argentino.<\/p>\n\n\n\n<p>El primer mandatario visit\u00f3 Madrid en reiteradas ocasiones y ha mantenido reuniones extensas con el presidente del Gobierno, Pedro S\u00e1nchez. Una de ellas en Buenos Aires y la \u00faltima en Bali, Indonesia, con motivo de la reuni\u00f3n del G-20 celebrada en ese pa\u00eds del sudeste asi\u00e1tico.<\/p>\n\n\n\n<p>Con&nbsp;<strong>D\u00edaz, qui\u00e9n adem\u00e1s de vicepresidenta tambi\u00e9n se desempe\u00f1a al frente de la cartera de Trabajo y Econom\u00eda Social<\/strong>, ya se hab\u00eda encontrado el pasado 18 de noviembre en la capital espa\u00f1ola y este domingo hizo lo propio en la Casa Rosada.<\/p>\n\n\n\n<p>&#8220;Ha sido un placer volver a encontrarme con la vicepresidenta de Espa\u00f1a, Yolanda Diaz. Conversamos sobre los desaf\u00edos comunes entre Latinoam\u00e9rica y Europa: enfrentar el cambio clim\u00e1tico, generar m\u00e1s empleo y construir un verdadero multilateralismo democr\u00e1tico&#8221;, dijo el jefe de Estado a trav\u00e9s de su cuenta en Twitter sobre la reuni\u00f3n que mantuvo el domingo con la dirigente.<\/p>\n\n\n\n<p>Por su parte, la funcionaria coment\u00f3: &#8220;Gracias, Presidente Alberto Fern\u00e1ndez, por tu recibimiento en Buenos Aires para abordar los desaf\u00edos comunes de Europa y Am\u00e9rica Latina&#8221;.<\/p>\n\n\n\n<p>&#8220;Tenemos la tarea de construir un multilateralismo democr\u00e1tico que ponga el mundo del trabajo y la lucha contra la crisis clim\u00e1tica en el centro&#8221;, agreg\u00f3.<\/p>\n\n\n\n<p>M\u00e1s temprano, D\u00edaz hab\u00eda destacado en su cuenta de Twitter el &#8220;v\u00ednculo&#8221; entre la Argentina y Espa\u00f1a, &#8220;que nunca se ha roto&#8221; y que habla de &#8220;un pasado de emigraci\u00f3n, de exilio y de un futuro compartido&#8221;.<\/p>\n\n\n\n<p>&#8220;Estar en Buenos Aires, en esta visita a la comunidad espa\u00f1ola y gallega, es un rencuentro con nosotras mismas, un regreso a quienes somos&#8221;, complet\u00f3.<\/p>\n\n\n\n<h2 class=\"wp-block-heading\">La visita que lleg\u00f3 de Pamplona<\/h2>\n\n\n\n<p>Otra de las interesadas en visitar a sus connacionales que residen en Argentina es&nbsp;<strong>la titular del Gobierno auton\u00f3mico de Navarra<\/strong>, quien expres\u00f3 su anhelo de profundizar &#8220;hacia el futuro&#8221; los lazos que unen a ambos pueblos.<\/p>\n\n\n\n<p>&#8220;Existe una gran poblaci\u00f3n navarra que vino aqu\u00ed hace muchos a\u00f1os y hay tradiciones que se siguen manteniendo, lazos hist\u00f3ricos que nos unen, y lo que le quer\u00eda trasladar al Presiente es que esos lazos que nos unen los llevemos al futuro&#8221;, declar\u00f3 Chivite Navascu\u00e9s ante la prensa acreditada en Balcarce 50.<\/p>\n\n\n\n<p>Y remarc\u00f3 que la charla con el jefe de Estado argentino se centr\u00f3 en esos &#8220;lazos culturales&#8221; que vinculan a ambos pueblos.<\/p>\n\n\n\n<p><strong>&#8220;La comunidad de Navarra en Argentina es la m\u00e1s numerosa que tenemos en el exterior&#8221;<\/strong>&nbsp;dijo y, a modo de ejemplo puso la tradicional presencia de los navarros en la industria vitivin\u00edcola en Mendoza.<\/p>\n\n\n\n<p>En otro orden, coment\u00f3 que la suya &#8220;es la comunidad espa\u00f1ola con mayor calidad de vida, con menor tasa de desempleo, menor tasa de pobreza y desigualdad&#8221;, que se asimila &#8220;a pa\u00edses como Finlandia en el \u00edndice Gini&#8221;.<\/p>\n\n\n\n<p>La pol\u00edtica espa\u00f1ola manifest\u00f3 tambi\u00e9n que ella&nbsp;<strong>ve una &#8220;ventana de oportunidad&#8221; en el acuerdo entre el Mercosur y la Uni\u00f3n Europea,<\/strong>&nbsp;que se encuentra bajo an\u00e1lisis y tratativas entre los pa\u00edses.<\/p>\n\n\n\n<p>Chivite Navascu\u00e9s coment\u00f3 que durante el encuentro&nbsp;<strong>se habl\u00f3 adem\u00e1s &#8220;del crecimiento de la extrema derecha, que no es cuesti\u00f3n exclusiva de la Argentina y Espa\u00f1a&#8221;<\/strong>, sino que &#8220;tiene que ver con la antipol\u00edtica con la que se beneficia la extrema derecha&#8221; en el mundo.<\/p>\n\n\n\n<p>En ese sentido, elogi\u00f3 el acuerdo alcanzado por todo el arco pol\u00edtico argentino en torno a las pol\u00edticas de memoria, al que defini\u00f3 como &#8220;un ejemplo para replicar en Espa\u00f1a&#8221;.<\/p>\n","protected":false},"excerpt":{"rendered":"<p>Las audiencias con Yolanda&nbsp;D\u00edaz y Mar\u00eda Victoria Chivite Navascu\u00e9s -dos dirigentes de la centroizquierda- entre otros temas se habl\u00f3 del preocupante&nbsp;&#8220;crecimiento&#8221; de la extrema derecha que &#8220;no es cuesti\u00f3n exclusiva&hellip; <\/p>\n","protected":false},"author":8,"featured_media":26960,"comment_status":"closed","ping_status":"open","sticky":false,"template":"","format":"standard","meta":{"footnotes":""},"categories":[10],"tags":[],"class_list":["post-26958","post","type-post","status-publish","format-standard","has-post-thumbnail","hentry","category-nacionales"],"_links":{"self":[{"href":"https:\/\/corrientesdetarde.com\/index.php\/wp-json\/wp\/v2\/posts\/26958","targetHints":{"allow":["GET"]}}],"collection":[{"href":"https:\/\/corrientesdetarde.com\/index.php\/wp-json\/wp\/v2\/posts"}],"about":[{"href":"https:\/\/corrientesdetarde.com\/index.php\/wp-json\/wp\/v2\/types\/post"}],"author":[{"embeddable":true,"href":"https:\/\/corrientesdetarde.com\/index.php\/wp-json\/wp\/v2\/users\/8"}],"replies":[{"embeddable":true,"href":"https:\/\/corrientesdetarde.com\/index.php\/wp-json\/wp\/v2\/comments?post=26958"}],"version-history":[{"count":2,"href":"https:\/\/corrientesdetarde.com\/index.php\/wp-json\/wp\/v2\/posts\/26958\/revisions"}],"predecessor-version":[{"id":26961,"href":"https:\/\/corrientesdetarde.com\/index.php\/wp-json\/wp\/v2\/posts\/26958\/revisions\/26961"}],"wp:featuredmedia":[{"embeddable":true,"href":"https:\/\/corrientesdetarde.com\/index.php\/wp-json\/wp\/v2\/media\/26960"}],"wp:attachment":[{"href":"https:\/\/corrientesdetarde.com\/index.php\/wp-json\/wp\/v2\/media?parent=26958"}],"wp:term":[{"taxonomy":"category","embeddable":true,"href":"https:\/\/corrientesdetarde.com\/index.php\/wp-json\/wp\/v2\/categories?post=26958"},{"taxonomy":"post_tag","embeddable":true,"href":"https:\/\/corrientesdetarde.com\/index.php\/wp-json\/wp\/v2\/tags?post=26958"}],"curies":[{"name":"wp","href":"https:\/\/api.w.org\/{rel}","templated":true}]}}