{"id":269582,"date":"2026-09-01T12:00:29","date_gmt":"2026-09-01T15:00:29","guid":{"rendered":"https:\/\/corrientesdetarde.com\/?p=269582"},"modified":"2026-09-01T12:00:33","modified_gmt":"2026-09-01T15:00:33","slug":"una-beba-sufrio-graves-lesiones-tras-ser-chocada-por-un-motociclista-que-hacia-willy","status":"publish","type":"post","link":"https:\/\/corrientesdetarde.com\/index.php\/policiales\/una-beba-sufrio-graves-lesiones-tras-ser-chocada-por-un-motociclista-que-hacia-willy\/","title":{"rendered":"Una beba sufri\u00f3 graves lesiones tras ser chocada por un motociclista que hac\u00eda &#8220;willy&#8221;"},"content":{"rendered":"\n<p>La ni\u00f1a viajaba en una moto junto a sus padres cuando fueron embestidos en Esquina por otra moto cuyo conductor iba haciendo &#8220;willy&#8221;.. Sufri\u00f3 traumatismo de cr\u00e1neo y fracturas, por lo que fue derivada a Corrientes Capital. Permanece estable.<\/p>\n\n\n\n<p>El siniestro vial sucedi\u00f3 en la intersecci\u00f3n de Avenida Emilio Hansen y calle Los Lirios de la localidad correntina de Esquina. La ni\u00f1a iba en otra moto con sus padres. Se&nbsp; inform\u00f3 que la beb\u00e9 evoluciona favorablemente en el Hospital Pedi\u00e1trico Juan Pablo II, de Corrientes Capital.<\/p>\n\n\n\n<p>De acuerdo a informaci\u00f3n sobre el hecho, el conductor&nbsp; iba haciendo una maniobra peligrosa, cuando se cruz\u00f3 de carril y atropell\u00f3 a otra motocicleta en la que iba una familia. Una peque\u00f1a result\u00f3 con lesiones de car\u00e1cter grave.<\/p>\n\n\n\n<p>Como consecuencia del hecho, una menor debi\u00f3 ser trasladada a la capital provincial debido a la severidad de las lesiones, mientras que los dem\u00e1s involucrados sufrieron heridas leves.<\/p>\n\n\n\n<p>La beb\u00e9 presentaba un cuadro delicado con traumatismo de cr\u00e1neo, por lo que se determin\u00f3 su derivaci\u00f3n urgente a la ciudad de Corrientes.<\/p>\n\n\n\n<p>La directora del Hospital San Roque de Esquina, doctora Mar\u00eda Jos\u00e9 Pellegrini, inform\u00f3 que la ni\u00f1a ingres\u00f3 al hospital el pasado s\u00e1bado 30 de agosto -d\u00eda del siniestro vial- con lesiones y fue asistida de inmediato por el m\u00e9dico y el pediatra de guardia. Se realizaron los estudios correspondientes, entre ellos una tomograf\u00eda y radiograf\u00edas, que permitieron detectar cefalohematomas en las regiones parietal y occipital, asociados a fracturas, adem\u00e1s de im\u00e1genes compatibles con una posible lesi\u00f3n intracraneal.<\/p>\n\n\n\n<p>Ante la complejidad del cuadro y la necesidad de atenci\u00f3n especializada, se dispuso su derivaci\u00f3n. Primero fue trasladada al Hospital de Ni\u00f1os &#8220;\u00c1ngel de la Guarda&#8221; de Goya y posteriormente al Hospital correntino de la capital Juan Pablo II<\/p>\n\n\n\n<p>Seg\u00fan se inform\u00f3&nbsp; el parte recibido por el Hospital San Roque, la peque\u00f1a fue sometida a los estudios pertinentes y se encuentra estable, internada en sala com\u00fan y evolucionando favorablemente, bajo control m\u00e9dico.<\/p>\n","protected":false},"excerpt":{"rendered":"<p>La ni\u00f1a viajaba en una moto junto a sus padres cuando fueron embestidos en Esquina por otra moto cuyo conductor iba haciendo &#8220;willy&#8221;.. Sufri\u00f3 traumatismo de cr\u00e1neo y fracturas, por&hellip; <\/p>\n","protected":false},"author":4,"featured_media":269583,"comment_status":"closed","ping_status":"open","sticky":false,"template":"","format":"standard","meta":{"footnotes":""},"categories":[33],"tags":[],"class_list":["post-269582","post","type-post","status-publish","format-standard","has-post-thumbnail","hentry","category-policiales"],"_links":{"self":[{"href":"https:\/\/corrientesdetarde.com\/index.php\/wp-json\/wp\/v2\/posts\/269582","targetHints":{"allow":["GET"]}}],"collection":[{"href":"https:\/\/corrientesdetarde.com\/index.php\/wp-json\/wp\/v2\/posts"}],"about":[{"href":"https:\/\/corrientesdetarde.com\/index.php\/wp-json\/wp\/v2\/types\/post"}],"author":[{"embeddable":true,"href":"https:\/\/corrientesdetarde.com\/index.php\/wp-json\/wp\/v2\/users\/4"}],"replies":[{"embeddable":true,"href":"https:\/\/corrientesdetarde.com\/index.php\/wp-json\/wp\/v2\/comments?post=269582"}],"version-history":[{"count":1,"href":"https:\/\/corrientesdetarde.com\/index.php\/wp-json\/wp\/v2\/posts\/269582\/revisions"}],"predecessor-version":[{"id":269584,"href":"https:\/\/corrientesdetarde.com\/index.php\/wp-json\/wp\/v2\/posts\/269582\/revisions\/269584"}],"wp:featuredmedia":[{"embeddable":true,"href":"https:\/\/corrientesdetarde.com\/index.php\/wp-json\/wp\/v2\/media\/269583"}],"wp:attachment":[{"href":"https:\/\/corrientesdetarde.com\/index.php\/wp-json\/wp\/v2\/media?parent=269582"}],"wp:term":[{"taxonomy":"category","embeddable":true,"href":"https:\/\/corrientesdetarde.com\/index.php\/wp-json\/wp\/v2\/categories?post=269582"},{"taxonomy":"post_tag","embeddable":true,"href":"https:\/\/corrientesdetarde.com\/index.php\/wp-json\/wp\/v2\/tags?post=269582"}],"curies":[{"name":"wp","href":"https:\/\/api.w.org\/{rel}","templated":true}]}}