{"id":269586,"date":"2026-09-01T12:24:24","date_gmt":"2026-09-01T15:24:24","guid":{"rendered":"https:\/\/corrientesdetarde.com\/?p=269586"},"modified":"2026-09-01T12:24:29","modified_gmt":"2026-09-01T15:24:29","slug":"junto-con-los-vecinos-el-municipio-desarrollara-una-jornada-de-recuperacion-urbana-y-haran-un-mural-comunitario","status":"publish","type":"post","link":"https:\/\/corrientesdetarde.com\/index.php\/locales\/junto-con-los-vecinos-el-municipio-desarrollara-una-jornada-de-recuperacion-urbana-y-haran-un-mural-comunitario\/","title":{"rendered":"Junto con los vecinos, el Municipio desarrollar\u00e1 una jornada de recuperaci\u00f3n urbana y har\u00e1n un mural comunitario"},"content":{"rendered":"\n<p><em>La actividad se desarrollar\u00e1 este mi\u00e9rcoles, de 9 a 12, y contar\u00e1 con el apoyo de la empresa Arca Continental para recuperar un espacio p\u00fablico y crear un mural comunitario. El encuentro tendr\u00e1 lugar en el pasaje ubicado entre las calles Mart\u00edn Fierro y Vera Pe\u00f1aloza.<\/em><\/p>\n\n\n\n<p>La articulaci\u00f3n entre el sector p\u00fablico, el privado y los vecinos con conciencia ambiental permitir\u00e1n este mi\u00e9rcoles desarrollar una jornada comunitaria en el que se recuperar\u00e1 un espacio p\u00fablico y crear\u00e1 un mural. De esta manera, la Municipalidad de Corrientes consolida uno de los ejes de gesti\u00f3n que es aunar esfuerzos entre diferentes sectores para transformar puntos cr\u00edticos de contaminaci\u00f3n en un lugar de encuentro y arte.<\/p>\n\n\n\n<figure class=\"wp-block-image size-large\"><img loading=\"lazy\" decoding=\"async\" width=\"1024\" height=\"577\" src=\"https:\/\/corrientesdetarde.com\/wp-content\/uploads\/2026\/09\/image-8-1024x577.png\" alt=\"\" class=\"wp-image-269587\" srcset=\"https:\/\/corrientesdetarde.com\/wp-content\/uploads\/2026\/09\/image-8-1024x577.png 1024w, https:\/\/corrientesdetarde.com\/wp-content\/uploads\/2026\/09\/image-8-300x169.png 300w, https:\/\/corrientesdetarde.com\/wp-content\/uploads\/2026\/09\/image-8-768x433.png 768w, https:\/\/corrientesdetarde.com\/wp-content\/uploads\/2026\/09\/image-8-1536x866.png 1536w, https:\/\/corrientesdetarde.com\/wp-content\/uploads\/2026\/09\/image-8.png 1568w\" sizes=\"auto, (max-width: 1024px) 100vw, 1024px\" \/><\/figure>\n\n\n\n<p><br><br>El punto de encuentro ser\u00e1 este mi\u00e9rcoles de 9 a 12 en el pasaje ubicado entre las calles Mart\u00edn Fierro y Vera Pe\u00f1aloza (lindante a la empresa Arca Continental-embotelladora de Coca Cola) que contempla la limpieza integral del predio y la creaci\u00f3n de un mural comunitario en el que participar\u00e1n estudiantes del Colegio Secundario Edgar Romero Maciel, voluntarios de la firma y vecinos.<br><br>La jornada conjunta se denominar\u00e1 \u201cEspacio Recuperado\u201d con intervenci\u00f3n comunitaria y consistir\u00e1 en la eliminaci\u00f3n de los mini basurales y la posterior puesta en valor del predio para el disfrute de las familias del barrio.<br><br>Desde la Municipalidad, el objetivo de esta actividad es sanear el ambiente e incentivar la participaci\u00f3n ciudadana en una ciudad mejor. Adem\u00e1s, como parte de este proceso, desde la Secretar\u00eda de Servicios P\u00fablicos se realizar\u00e1n tareas de limpieza profunda, concientizaci\u00f3n casa por casa y charlas en los colegios de la zona que garanticen la sostenibilidad y funcionalidad del espacio a largo plazo.<\/p>\n\n\n\n<figure class=\"wp-block-image size-large\"><img loading=\"lazy\" decoding=\"async\" width=\"1024\" height=\"565\" src=\"https:\/\/corrientesdetarde.com\/wp-content\/uploads\/2026\/09\/image-9-1024x565.png\" alt=\"\" class=\"wp-image-269588\" srcset=\"https:\/\/corrientesdetarde.com\/wp-content\/uploads\/2026\/09\/image-9-1024x565.png 1024w, https:\/\/corrientesdetarde.com\/wp-content\/uploads\/2026\/09\/image-9-300x166.png 300w, https:\/\/corrientesdetarde.com\/wp-content\/uploads\/2026\/09\/image-9-768x424.png 768w, https:\/\/corrientesdetarde.com\/wp-content\/uploads\/2026\/09\/image-9-1536x848.png 1536w, https:\/\/corrientesdetarde.com\/wp-content\/uploads\/2026\/09\/image-9.png 1580w\" sizes=\"auto, (max-width: 1024px) 100vw, 1024px\" \/><\/figure>\n\n\n\n<p><br><br>En tanto que cada acci\u00f3n de voluntariado representa para Arca Continental una oportunidad para generar un impacto positivo en las comunidades donde opera, as\u00ed es que la empresa ser\u00e1 la responsable de brindar los materiales necesarios para llevar adelante la acci\u00f3n, realizar\u00e1n la log\u00edstica del evento y adem\u00e1s sus colaboradores se sumar\u00e1n como voluntarios en el desarrollo de la actividad.<br><br>Por su parte, el colegio secundario participar\u00e1 en la creaci\u00f3n del mural comunitario, dise\u00f1ado previamente en el marco de un proyecto pedag\u00f3gico impulsado por docentes de la instituci\u00f3n. Los alumnos, ser\u00e1n los protagonistas de esta intervenci\u00f3n art\u00edstica que busca promover el sentido de pertenencia y el compromiso con el cuidado de los espacios y de su entorno.<\/p>\n\n\n\n<figure class=\"wp-block-image size-large\"><img loading=\"lazy\" decoding=\"async\" width=\"1024\" height=\"575\" src=\"https:\/\/corrientesdetarde.com\/wp-content\/uploads\/2026\/09\/image-10-1024x575.png\" alt=\"\" class=\"wp-image-269589\" srcset=\"https:\/\/corrientesdetarde.com\/wp-content\/uploads\/2026\/09\/image-10-1024x575.png 1024w, https:\/\/corrientesdetarde.com\/wp-content\/uploads\/2026\/09\/image-10-300x169.png 300w, https:\/\/corrientesdetarde.com\/wp-content\/uploads\/2026\/09\/image-10-768x432.png 768w, https:\/\/corrientesdetarde.com\/wp-content\/uploads\/2026\/09\/image-10-1536x863.png 1536w, https:\/\/corrientesdetarde.com\/wp-content\/uploads\/2026\/09\/image-10.png 1568w\" sizes=\"auto, (max-width: 1024px) 100vw, 1024px\" \/><\/figure>\n","protected":false},"excerpt":{"rendered":"<p>La actividad se desarrollar\u00e1 este mi\u00e9rcoles, de 9 a 12, y contar\u00e1 con el apoyo de la empresa Arca Continental para recuperar un espacio p\u00fablico y crear un mural comunitario.&hellip; <\/p>\n","protected":false},"author":4,"featured_media":269590,"comment_status":"closed","ping_status":"open","sticky":false,"template":"","format":"standard","meta":{"footnotes":""},"categories":[8],"tags":[],"class_list":["post-269586","post","type-post","status-publish","format-standard","has-post-thumbnail","hentry","category-locales"],"_links":{"self":[{"href":"https:\/\/corrientesdetarde.com\/index.php\/wp-json\/wp\/v2\/posts\/269586","targetHints":{"allow":["GET"]}}],"collection":[{"href":"https:\/\/corrientesdetarde.com\/index.php\/wp-json\/wp\/v2\/posts"}],"about":[{"href":"https:\/\/corrientesdetarde.com\/index.php\/wp-json\/wp\/v2\/types\/post"}],"author":[{"embeddable":true,"href":"https:\/\/corrientesdetarde.com\/index.php\/wp-json\/wp\/v2\/users\/4"}],"replies":[{"embeddable":true,"href":"https:\/\/corrientesdetarde.com\/index.php\/wp-json\/wp\/v2\/comments?post=269586"}],"version-history":[{"count":1,"href":"https:\/\/corrientesdetarde.com\/index.php\/wp-json\/wp\/v2\/posts\/269586\/revisions"}],"predecessor-version":[{"id":269591,"href":"https:\/\/corrientesdetarde.com\/index.php\/wp-json\/wp\/v2\/posts\/269586\/revisions\/269591"}],"wp:featuredmedia":[{"embeddable":true,"href":"https:\/\/corrientesdetarde.com\/index.php\/wp-json\/wp\/v2\/media\/269590"}],"wp:attachment":[{"href":"https:\/\/corrientesdetarde.com\/index.php\/wp-json\/wp\/v2\/media?parent=269586"}],"wp:term":[{"taxonomy":"category","embeddable":true,"href":"https:\/\/corrientesdetarde.com\/index.php\/wp-json\/wp\/v2\/categories?post=269586"},{"taxonomy":"post_tag","embeddable":true,"href":"https:\/\/corrientesdetarde.com\/index.php\/wp-json\/wp\/v2\/tags?post=269586"}],"curies":[{"name":"wp","href":"https:\/\/api.w.org\/{rel}","templated":true}]}}