{"id":269596,"date":"2026-09-01T14:23:11","date_gmt":"2026-09-01T17:23:11","guid":{"rendered":"https:\/\/corrientesdetarde.com\/?p=269596"},"modified":"2026-09-01T14:23:15","modified_gmt":"2026-09-01T17:23:15","slug":"el-tribunal-oral-federal-de-corrientes-rechazo-este-martes-la-recusacion-presentada-contra-su-presidente","status":"publish","type":"post","link":"https:\/\/corrientesdetarde.com\/index.php\/actualidad\/el-tribunal-oral-federal-de-corrientes-rechazo-este-martes-la-recusacion-presentada-contra-su-presidente\/","title":{"rendered":"El Tribunal Oral Federal de Corrientes rechaz\u00f3 este martes la recusaci\u00f3n presentada contra su presidente"},"content":{"rendered":"\n<p>El planteo hab\u00eda sido presentado por la defensa de Antonio Ben\u00edtez. El abogado cuestion\u00f3 la imparcialidad del magistrado y pidi\u00f3 su apartamiento del proceso.<a href=\"https:\/\/api.whatsapp.com\/send?text=Rechazaron%20la%20recusaci%C3%B3n%20contra%20Ferm%C3%ADn%20Ceroleni%20en%20el%20juicio%20por%20la%20desaparici%C3%B3n%20de%20Loan%20-%20https:\/\/www.diarioepoca.com\/1388818-rechazaron-la-recusacion-contra-fermin-ceroleni-en-el-juicio-por-la-desaparicion-de-loan?utm_source=WhatsApp%26utm_medium=WhatsApp%26utm_campaign=WhatsApp%26utm_term=WhatsApp\" target=\"_blank\" rel=\"noreferrer noopener\"><\/a><a href=\"https:\/\/www.diarioepoca.com\/1388818-rechazaron-la-recusacion-contra-fermin-ceroleni-en-el-juicio-por-la-desaparicion-de-loan#\"><\/a><a href=\"https:\/\/www.diarioepoca.com\/1388818-rechazaron-la-recusacion-contra-fermin-ceroleni-en-el-juicio-por-la-desaparicion-de-loan#\"><\/a><\/p>\n\n\n\n<p>El Tribunal Oral Federal de Corrientes rechaz\u00f3 este martes la recusaci\u00f3n presentada contra su presidente, Ferm\u00edn Ceroleni, en el marco del juicio oral por la desaparici\u00f3n de Loan Danilo Pe\u00f1a. El pedido hab\u00eda sido presentado el viernes por Enzo Di Tella, defensor oficial de Antonio Ben\u00edtez, quien solicit\u00f3 el apartamiento del magistrado al considerar que exist\u00eda un temor fundado de parcialidad.<\/p>\n\n\n\n<p>La presentaci\u00f3n realizada por la defensa consta de 26 p\u00e1ginas y plantea cuestionamientos vinculados con la imparcialidad de Ceroleni. En el escrito, Di Tella ofreci\u00f3 adem\u00e1s distintas pruebas para respaldar el planteo y fundamentar la solicitud de recusaci\u00f3n.<\/p>\n\n\n\n<p>El abogado sostuvo que Ben\u00edtez debe ser juzgado exclusivamente a partir de la prueba producida durante el debate oral. En ese sentido, remarc\u00f3 que las decisiones dentro del proceso no deber\u00edan estar condicionadas por la presi\u00f3n social o medi\u00e1tica generada alrededor de la desaparici\u00f3n del ni\u00f1o.<\/p>\n\n\n\n<p>Con la decisi\u00f3n del tribunal, Ceroleni continuar\u00e1 ejerciendo la presidencia del Tribunal Oral Federal de Corrientes y seguir\u00e1 al frente del juicio que busca determinar las responsabilidades por la desaparici\u00f3n de Loan Danilo Pe\u00f1a.<\/p>\n","protected":false},"excerpt":{"rendered":"<p>El planteo hab\u00eda sido presentado por la defensa de Antonio Ben\u00edtez. El abogado cuestion\u00f3 la imparcialidad del magistrado y pidi\u00f3 su apartamiento del proceso. El Tribunal Oral Federal de Corrientes&hellip; <\/p>\n","protected":false},"author":8,"featured_media":269597,"comment_status":"closed","ping_status":"open","sticky":false,"template":"","format":"standard","meta":{"footnotes":""},"categories":[23],"tags":[],"class_list":["post-269596","post","type-post","status-publish","format-standard","has-post-thumbnail","hentry","category-actualidad"],"_links":{"self":[{"href":"https:\/\/corrientesdetarde.com\/index.php\/wp-json\/wp\/v2\/posts\/269596","targetHints":{"allow":["GET"]}}],"collection":[{"href":"https:\/\/corrientesdetarde.com\/index.php\/wp-json\/wp\/v2\/posts"}],"about":[{"href":"https:\/\/corrientesdetarde.com\/index.php\/wp-json\/wp\/v2\/types\/post"}],"author":[{"embeddable":true,"href":"https:\/\/corrientesdetarde.com\/index.php\/wp-json\/wp\/v2\/users\/8"}],"replies":[{"embeddable":true,"href":"https:\/\/corrientesdetarde.com\/index.php\/wp-json\/wp\/v2\/comments?post=269596"}],"version-history":[{"count":1,"href":"https:\/\/corrientesdetarde.com\/index.php\/wp-json\/wp\/v2\/posts\/269596\/revisions"}],"predecessor-version":[{"id":269598,"href":"https:\/\/corrientesdetarde.com\/index.php\/wp-json\/wp\/v2\/posts\/269596\/revisions\/269598"}],"wp:featuredmedia":[{"embeddable":true,"href":"https:\/\/corrientesdetarde.com\/index.php\/wp-json\/wp\/v2\/media\/269597"}],"wp:attachment":[{"href":"https:\/\/corrientesdetarde.com\/index.php\/wp-json\/wp\/v2\/media?parent=269596"}],"wp:term":[{"taxonomy":"category","embeddable":true,"href":"https:\/\/corrientesdetarde.com\/index.php\/wp-json\/wp\/v2\/categories?post=269596"},{"taxonomy":"post_tag","embeddable":true,"href":"https:\/\/corrientesdetarde.com\/index.php\/wp-json\/wp\/v2\/tags?post=269596"}],"curies":[{"name":"wp","href":"https:\/\/api.w.org\/{rel}","templated":true}]}}