{"id":269599,"date":"2026-09-01T14:30:39","date_gmt":"2026-09-01T17:30:39","guid":{"rendered":"https:\/\/corrientesdetarde.com\/?p=269599"},"modified":"2026-09-01T14:30:51","modified_gmt":"2026-09-01T17:30:51","slug":"milei-encabezo-una-nueva-reunion-de-gabinete-y-repaso-los-resultados-de-su-plan-economico","status":"publish","type":"post","link":"https:\/\/corrientesdetarde.com\/index.php\/politica\/milei-encabezo-una-nueva-reunion-de-gabinete-y-repaso-los-resultados-de-su-plan-economico\/","title":{"rendered":"Milei encabez\u00f3 una nueva reuni\u00f3n de gabinete y repas\u00f3 los resultados de su plan econ\u00f3mico"},"content":{"rendered":"\n<p>El encuentro del Presidente con sus ministros fue en una semana que estar\u00e1 marcada por los viajes a Chile y Misiones.<\/p>\n\n\n\n<p>El presidente\u00a0<strong>Javier Milei<\/strong>\u00a0encabez\u00f3 una nueva\u00a0<strong>reuni\u00f3n de Gabinete\u00a0<\/strong>en la Casa Rosada en una semana cargada de actividades oficiales. En la cumbre repas\u00f3 los logros del plan econ\u00f3mico del Gobierno y las pol\u00edticas de los diferentes ministerios, as\u00ed como el\u00a0<strong>avance diplom\u00e1tico<\/strong>\u00a0en materia de defensa de<strong>\u00a0la soberan\u00eda de las Islas Malvinas.\u00a0<\/strong>Adem\u00e1sanaliz\u00f3 el desarrollo de las pol\u00edticas de las diferentes carteras.<\/p>\n\n\n\n<p>El encuentro se celebr\u00f3 por segunda semana consecutiva luego de que el Gobierno identificara la necesidad de mejorar la comunicaci\u00f3n para<strong>&nbsp;defender el programa econ\u00f3mico y la gesti\u00f3n.&nbsp;<\/strong>Durante el encuentro, el Presidente analiz\u00f3 la evoluci\u00f3n de los indicadores del mercado laboral, la baja de la tasa de inflaci\u00f3n y el proceso de crecimiento de la econom\u00eda.<\/p>\n","protected":false},"excerpt":{"rendered":"<p>El encuentro del Presidente con sus ministros fue en una semana que estar\u00e1 marcada por los viajes a Chile y Misiones. El presidente\u00a0Javier Milei\u00a0encabez\u00f3 una nueva\u00a0reuni\u00f3n de Gabinete\u00a0en la Casa&hellip; <\/p>\n","protected":false},"author":8,"featured_media":269600,"comment_status":"closed","ping_status":"open","sticky":false,"template":"","format":"standard","meta":{"footnotes":""},"categories":[3],"tags":[],"class_list":["post-269599","post","type-post","status-publish","format-standard","has-post-thumbnail","hentry","category-politica"],"_links":{"self":[{"href":"https:\/\/corrientesdetarde.com\/index.php\/wp-json\/wp\/v2\/posts\/269599","targetHints":{"allow":["GET"]}}],"collection":[{"href":"https:\/\/corrientesdetarde.com\/index.php\/wp-json\/wp\/v2\/posts"}],"about":[{"href":"https:\/\/corrientesdetarde.com\/index.php\/wp-json\/wp\/v2\/types\/post"}],"author":[{"embeddable":true,"href":"https:\/\/corrientesdetarde.com\/index.php\/wp-json\/wp\/v2\/users\/8"}],"replies":[{"embeddable":true,"href":"https:\/\/corrientesdetarde.com\/index.php\/wp-json\/wp\/v2\/comments?post=269599"}],"version-history":[{"count":1,"href":"https:\/\/corrientesdetarde.com\/index.php\/wp-json\/wp\/v2\/posts\/269599\/revisions"}],"predecessor-version":[{"id":269601,"href":"https:\/\/corrientesdetarde.com\/index.php\/wp-json\/wp\/v2\/posts\/269599\/revisions\/269601"}],"wp:featuredmedia":[{"embeddable":true,"href":"https:\/\/corrientesdetarde.com\/index.php\/wp-json\/wp\/v2\/media\/269600"}],"wp:attachment":[{"href":"https:\/\/corrientesdetarde.com\/index.php\/wp-json\/wp\/v2\/media?parent=269599"}],"wp:term":[{"taxonomy":"category","embeddable":true,"href":"https:\/\/corrientesdetarde.com\/index.php\/wp-json\/wp\/v2\/categories?post=269599"},{"taxonomy":"post_tag","embeddable":true,"href":"https:\/\/corrientesdetarde.com\/index.php\/wp-json\/wp\/v2\/tags?post=269599"}],"curies":[{"name":"wp","href":"https:\/\/api.w.org\/{rel}","templated":true}]}}