{"id":269602,"date":"2026-09-01T14:34:46","date_gmt":"2026-09-01T17:34:46","guid":{"rendered":"https:\/\/corrientesdetarde.com\/?p=269602"},"modified":"2026-09-01T14:34:51","modified_gmt":"2026-09-01T17:34:51","slug":"el-reino-unido-le-contesto-a-trump-por-las-malvinas-los-islenos-manifestaron-su-deseo-de-ser-un-territorio-britanico","status":"publish","type":"post","link":"https:\/\/corrientesdetarde.com\/index.php\/internacionales\/el-reino-unido-le-contesto-a-trump-por-las-malvinas-los-islenos-manifestaron-su-deseo-de-ser-un-territorio-britanico\/","title":{"rendered":"El Reino Unido le contest\u00f3 a Trump por las Malvinas: \u201cLos isle\u00f1os manifestaron su deseo de ser un territorio brit\u00e1nico\u201d"},"content":{"rendered":"\n<p>Andy Burnham, vocero oficial del primer ministro de Gran Breta\u00f1a, asegur\u00f3 que la postura del gobierno brit\u00e1nico sobre las Islas Malvinas \u201cfue expresada muy claramente y no cambi\u00f3\u201d.<\/p>\n\n\n\n<p>El gobierno brit\u00e1nico sali\u00f3 al cruce de\u00a0<strong>Donald Trump<\/strong>\u00a0luego de que el presidente de Estados Unidos declarara que est\u00e1 revisando la posici\u00f3n de su pa\u00eds sobre la\u00a0soberan\u00eda brit\u00e1nica de las\u00a0<strong>Islas Malvinas<\/strong>.<\/p>\n\n\n\n<p>La declaraci\u00f3n de\u00a0<strong>Trump\u00a0<\/strong>reaviv\u00f3 la tensi\u00f3n diplom\u00e1tica con el Reino Unido y gener\u00f3 preocupaci\u00f3n en Downing Street.<\/p>\n\n\n\n<p>Un vocero oficial del primer ministro brit\u00e1nico asegur\u00f3 que la postura del Reino Unido sobre las Malvinas&nbsp;<strong>\u201cfue expresada muy claramente\u201d&nbsp;<\/strong>y que&nbsp;<strong>\u201cno cambi\u00f3\u201d.<\/strong><\/p>\n\n\n\n<p><strong>\u201cLas Islas Malvinas son brit\u00e1nicas y tienen derecho a determinar su propio futuro.<\/strong>&nbsp;Los isle\u00f1os manifestaron su deseo de seguir siendo un territorio brit\u00e1nico de ultramar, y nuestro compromiso con ellos es inquebrantable\u201d, enfatiz\u00f3 el portavoz.<\/p>\n\n\n\n<h2 class=\"wp-block-heading\">El Reino Unido defendi\u00f3 la autodeterminaci\u00f3n de los isle\u00f1os<\/h2>\n\n\n\n<p>Consultado sobre la importancia de que Estados Unidos respete la posici\u00f3n brit\u00e1nica, el vocero insisti\u00f3: \u201cLa posici\u00f3n del gobierno es cristalina\u2026&nbsp;<strong>La soberan\u00eda recae en el Reino Unido y el derecho de autodeterminaci\u00f3n de los isle\u00f1os es primordial\u201d.<\/strong><\/p>\n\n\n\n<p>Respecto a la posibilidad de que Trump utilice la cuesti\u00f3n Malvinas para presionar a Londres a aumentar el gasto en defensa, el funcionario brit\u00e1nico respondi\u00f3: \u201c<strong>Los comentarios del presidente son tema de su equipo<\/strong>. Pero en materia de defensa, el primer ministro fue claro desde su primer d\u00eda en el cargo:&nbsp;<strong>cumpliremos nuestros compromisos internacionales<\/strong>&nbsp;con nuestros aliados en gasto militar, y no ha cambiado de postura\u201d.<\/p>\n\n\n\n<figure class=\"wp-block-image\"><img decoding=\"async\" src=\"https:\/\/tn.com.ar\/resizer\/v2\/el-presidente-estadounidense-donald-trump-sugirio-que-podria-retirar-el-apoyo-de-eeuu-a-gran-bretana-por-las-malvinas-foto-reuters-RDID3E32HJGEDEBMGMONDLVNRM.jpg?auth=e2edf0b4388c50d76b90ea54c87ab6f29d8b35fc17a66c1c5a84dfc48ab8ebd3&amp;width=767\" alt=\"El presidente estadounidense, Donald Trump, sugiri\u00f3 que podr\u00eda retirar el apoyo de EE.UU. a Gran Breta\u00f1a por las Malvinas (Foto: Reuters)\"\/><\/figure>\n\n\n\n<p>Las declaraciones de Trump surgieron luego de que se conociera que Estados Unidos podr\u00eda condicionar su respaldo a la soberan\u00eda brit\u00e1nica sobre las islas si el Reino Unido&nbsp;<strong>no incrementa su presupuesto de defensa<\/strong>.<\/p>\n\n\n\n<h2 class=\"wp-block-heading\">Trump reaviv\u00f3 la disputa y puso presi\u00f3n sobre el gasto militar brit\u00e1nico<\/h2>\n\n\n\n<p>El lunes, Trump fue consultado sobre si est\u00e1 revisando la posici\u00f3n de Estados Unidos respecto al archipi\u00e9lago, cuya soberan\u00eda reclama la Argentina.<\/p>\n\n\n\n<p><strong>\u201cSiempre reviso cada posici\u00f3n, esa es solo una de muchas\u201d,<\/strong>&nbsp;respondi\u00f3 el expresidente, dejando abierta la posibilidad de un cambio en la pol\u00edtica estadounidense.<\/p>\n\n\n\n<p>Desde 1982, Washington evit\u00f3 tomar partido en la disputa por las Malvinas. Sin embargo, las palabras de Trump se conocieron tras un informe que sugiere que E<strong>stados Unidos podr\u00eda lanzar un ultim\u00e1tum a Londres<\/strong>&nbsp;sobre la soberan\u00eda de las islas si no aumenta el gasto en defensa.<\/p>\n\n\n\n<p>El planteo llega en un mal momento para el primer ministro brit\u00e1nico&nbsp;<strong>Burnham&nbsp;<\/strong>y para su ministro de Econom\u00eda,&nbsp;<strong>John Healey<\/strong>, cuyo primer presupuesto \u2014previsto para el 28 de octubre\u2014 no comprometer\u00e1 el 3% del PBI en gasto de defensa para 2030.<\/p>\n\n\n\n<h2 class=\"wp-block-heading\">El gobierno brit\u00e1nico promete aumentar el presupuesto militar<\/h2>\n\n\n\n<p>En paralelo a la pol\u00e9mica,&nbsp;<strong>Healey&nbsp;<\/strong>manifest\u00f3 su intenci\u00f3n de \u201crevitalizar\u201d la relaci\u00f3n especial con Estados Unidos, y declar\u00f3 a<em>&nbsp;The Times&nbsp;<\/em>que, \u201cal igual que en defensa,&nbsp;<strong>Estados Unidos es el socio econ\u00f3mico m\u00e1s importante del Reino Unido\u201d.<\/strong><\/p>\n\n\n\n<p>Healey subray\u00f3 que el Reino Unido es el mayor inversor en 21 estados de EE.UU. y que m\u00e1s de 1,3 millones de brit\u00e1nicos trabajan en empresas estadounidenses.<\/p>\n\n\n\n<p>Healey, que renunci\u00f3 como secretario de Defensa tras criticar el bajo gasto militar del gobierno anterior,&nbsp;<strong>ratific\u00f3 su compromiso de elevar el presupuesto de defensa al 3% del PBI<\/strong>, con el objetivo de alcanzar el 3,5% para 2035, tal como se acord\u00f3 en la cumbre de la OTAN en La Haya.<\/p>\n\n\n\n<p>\u201cEl mundo se ha vuelto m\u00e1s peligroso. Las amenazas aumentan y estamos redoblando los esfuerzos\u201d, afirm\u00f3 Healey, quien reconoci\u00f3 que las decisiones m\u00e1s dif\u00edciles recaen sobre el canciller y el primer ministro.<\/p>\n","protected":false},"excerpt":{"rendered":"<p>Andy Burnham, vocero oficial del primer ministro de Gran Breta\u00f1a, asegur\u00f3 que la postura del gobierno brit\u00e1nico sobre las Islas Malvinas \u201cfue expresada muy claramente y no cambi\u00f3\u201d. El gobierno&hellip; <\/p>\n","protected":false},"author":8,"featured_media":269603,"comment_status":"closed","ping_status":"open","sticky":false,"template":"","format":"standard","meta":{"footnotes":""},"categories":[11],"tags":[],"class_list":["post-269602","post","type-post","status-publish","format-standard","has-post-thumbnail","hentry","category-internacionales"],"_links":{"self":[{"href":"https:\/\/corrientesdetarde.com\/index.php\/wp-json\/wp\/v2\/posts\/269602","targetHints":{"allow":["GET"]}}],"collection":[{"href":"https:\/\/corrientesdetarde.com\/index.php\/wp-json\/wp\/v2\/posts"}],"about":[{"href":"https:\/\/corrientesdetarde.com\/index.php\/wp-json\/wp\/v2\/types\/post"}],"author":[{"embeddable":true,"href":"https:\/\/corrientesdetarde.com\/index.php\/wp-json\/wp\/v2\/users\/8"}],"replies":[{"embeddable":true,"href":"https:\/\/corrientesdetarde.com\/index.php\/wp-json\/wp\/v2\/comments?post=269602"}],"version-history":[{"count":1,"href":"https:\/\/corrientesdetarde.com\/index.php\/wp-json\/wp\/v2\/posts\/269602\/revisions"}],"predecessor-version":[{"id":269604,"href":"https:\/\/corrientesdetarde.com\/index.php\/wp-json\/wp\/v2\/posts\/269602\/revisions\/269604"}],"wp:featuredmedia":[{"embeddable":true,"href":"https:\/\/corrientesdetarde.com\/index.php\/wp-json\/wp\/v2\/media\/269603"}],"wp:attachment":[{"href":"https:\/\/corrientesdetarde.com\/index.php\/wp-json\/wp\/v2\/media?parent=269602"}],"wp:term":[{"taxonomy":"category","embeddable":true,"href":"https:\/\/corrientesdetarde.com\/index.php\/wp-json\/wp\/v2\/categories?post=269602"},{"taxonomy":"post_tag","embeddable":true,"href":"https:\/\/corrientesdetarde.com\/index.php\/wp-json\/wp\/v2\/tags?post=269602"}],"curies":[{"name":"wp","href":"https:\/\/api.w.org\/{rel}","templated":true}]}}